{"id":32866,"date":"2026-05-02T10:22:19","date_gmt":"2026-05-02T07:22:19","guid":{"rendered":"https:\/\/akdenizhaber.com.tr\/?p=32866"},"modified":"2026-05-02T11:16:59","modified_gmt":"2026-05-02T08:16:59","slug":"dereye-duvar-islemedi-aesobda-guven-tazeledi","status":"publish","type":"post","link":"https:\/\/akdenizhaber.com.tr\/index.php\/2026\/05\/02\/dereye-duvar-islemedi-aesobda-guven-tazeledi\/","title":{"rendered":"DERE\u2019YE DUVAR \u0130\u015eLEMED\u0130: AESOB\u2019DA G\u00dcVEN TAZELED\u0130!"},"content":{"rendered":"\n<p><\/p>\n\n\n\n<p>\u2022&nbsp;&nbsp;&nbsp;&nbsp;&nbsp;&nbsp;&nbsp;&nbsp;&nbsp;&nbsp;&nbsp;&nbsp; Antalya Esnaf ve Sanatkarlar Odalar\u0131 Birli\u011fi\u2019nin (AESOB) heyecanla beklenen genel kurulunda, mevcut ba\u015fkan Adl\u0131han Dere 358 oy alarak yeniden ba\u015fkanl\u0131\u011fa se\u00e7ildi. Se\u00e7im sonras\u0131 rakibi Mehmet Ali Alkan ile el ele delegelerin kar\u015f\u0131s\u0131na \u00e7\u0131kan Dere, &#8220;Biz b\u00fcy\u00fck bir aileyiz&#8221; mesaj\u0131 verdi.<\/p>\n\n\n\n<p>Antalya Esnaf ve Sanatkarlar Odalar\u0131 Birli\u011fi (AESOB), Mimar Sinan Kongre Merkezi\u2019nde 1 May\u0131s \u0130\u015f\u00e7i Bayram\u0131\u2019na denk gelen tarihi bir genel kurul ger\u00e7ekle\u015ftirdi. Yakla\u015f\u0131k 2,5 ayd\u0131r s\u00fcren saha \u00e7al\u0131\u015fmalar\u0131n\u0131n ard\u0131ndan sand\u0131\u011fa giden 633 delege, birli\u011fin gelecek d\u00f6nemdeki y\u00f6netimini belirledi.<\/p>\n\n\n\n<p>SANDIKTAN &#8220;KIRMIZI L\u0130STE&#8221; \u00c7IKTI<\/p>\n\n\n\n<p>Bakkallar ve Bayiler Odas\u0131 Ba\u015fkan\u0131 olan mevcut AESOB Ba\u015fkan\u0131 Adl\u0131han Dere (K\u0131rm\u0131z\u0131 Liste) ile Antalya \u015eof\u00f6rler ve Otomobilciler Odas\u0131 Ba\u015fkan\u0131 Mehmet Ali Alkan (Mavi Liste) aras\u0131nda ge\u00e7en yar\u0131\u015fta oy say\u0131m i\u015flemi nefes kesti. Resmi sonu\u00e7lara g\u00f6re;<\/p>\n\n\n\n<p>\u2022&nbsp;&nbsp;&nbsp;&nbsp;&nbsp;&nbsp;&nbsp;&nbsp;&nbsp;&nbsp;&nbsp;&nbsp; Adl\u0131han Dere: 358 oy<\/p>\n\n\n\n<p>\u2022&nbsp;&nbsp;&nbsp;&nbsp;&nbsp;&nbsp;&nbsp;&nbsp;&nbsp;&nbsp;&nbsp;&nbsp; Mehmet Ali Alkan: 272 oy alarak se\u00e7imi tamamlad\u0131.<\/p>\n\n\n\n<p>DEMOKRAS\u0130 \u015e\u00d6LEN\u0130: RAK\u0130PLER EL ELE<\/p>\n\n\n\n<p>Oy say\u0131m\u0131n\u0131n tamamlanmas\u0131n\u0131n ard\u0131ndan her iki aday, d\u0131\u015far\u0131da bekleyen kalabal\u0131\u011f\u0131n \u00f6n\u00fcne birlikte \u00e7\u0131karak centilmenlik \u00f6rne\u011fi sergiledi. Sonu\u00e7lar\u0131 bizzat a\u00e7\u0131klayan Adl\u0131han Dere, se\u00e7imlerin bir hizmet yar\u0131\u015f\u0131 oldu\u011funu vurgulayarak \u015fu ifadeleri kulland\u0131:<\/p>\n\n\n\n<p>&#8220;Mehmet Ali Alkan ba\u015fkan benim ba\u015fkan\u0131md\u0131r. Emrindeyim, yan\u0131nday\u0131m. \u015eof\u00f6r, taksici ve otob\u00fcs\u00e7\u00fc esnaf\u0131 hakk\u0131nda konu\u015fulanlar\u0131n hi\u00e7bir h\u00fckm\u00fc yoktur. Biz hep &#8216;Biz b\u00fcy\u00fck bir aileyiz&#8217; dedik ve aile olmaya devam edece\u011fiz. Kimseyi d\u0131\u015flamadan herkesi kucaklayaca\u011f\u0131z.&#8221;<\/p>\n\n\n\n<p>ALKAN\u2019DAN B\u0130RL\u0130K VURGUSU<\/p>\n\n\n\n<p>Se\u00e7im sonu\u00e7lar\u0131n\u0131 de\u011ferlendiren Mehmet Ali Alkan ise delegenin iradesine sayg\u0131 duyduklar\u0131n\u0131 belirterek, &#8220;Bug\u00fcn bir se\u00e7im ger\u00e7ekle\u015ftirdik ve 633 delege arkada\u015f\u0131m\u0131z\u0131n tercihi bu y\u00f6nde tecelli etti. Biz y\u0131llard\u0131r beraber \u00e7al\u0131\u015f\u0131yoruz. Bu saatten sonra ba\u015fkan\u0131m\u0131z birli\u011fe, biz de odam\u0131za hizmet etmeye devam edece\u011fiz. 110 bin esnaf\u0131m\u0131zla biriz, beraberiz&#8221; dedi.<\/p>\n\n\n\n<p>KUTLAMALAR BALKONDA DEVAM ETT\u0130<\/p>\n\n\n\n<p>Konu\u015fmalar\u0131n ard\u0131ndan iki aday\u0131n kucakla\u015fmas\u0131 salonda b\u00fcy\u00fck alk\u0131\u015f toplad\u0131. Alkan\u2019\u0131n ayr\u0131lmas\u0131n\u0131n ard\u0131ndan Adl\u0131han Dere, ailesi ve destek\u00e7ileriyle birlikte davul zurna e\u015fli\u011finde zaferi kutlad\u0131.<\/p>\n","protected":false},"excerpt":{"rendered":"<p>\u2022&nbsp;&nbsp;&nbsp;&nbsp;&nbsp;&nbsp;&nbsp;&nbsp;&nbsp;&nbsp;&nbsp;&nbsp; Antalya Esnaf ve Sanatkarlar Odalar\u0131 Birli\u011fi\u2019nin (AESOB) heyecanla beklenen genel kurulunda, mevcut ba\u015fkan Adl\u0131han Dere 358 oy alarak yeniden ba\u015fkanl\u0131\u011fa se\u00e7ildi. Se\u00e7im sonras\u0131 rakibi <a href=\"https:\/\/akdenizhaber.com.tr\/index.php\/2026\/05\/02\/dereye-duvar-islemedi-aesobda-guven-tazeledi\/\" class=\"read-more-link\">[more&#8230;]<\/a><\/p>\n","protected":false},"author":2,"featured_media":32868,"comment_status":"open","ping_status":"open","sticky":false,"template":"","format":"standard","meta":{"footnotes":""},"categories":[2],"tags":[],"class_list":["post-32866","post","type-post","status-publish","format-standard","has-post-thumbnail","hentry","category-gundem"],"_links":{"self":[{"href":"https:\/\/akdenizhaber.com.tr\/index.php\/wp-json\/wp\/v2\/posts\/32866","targetHints":{"allow":["GET"]}}],"collection":[{"href":"https:\/\/akdenizhaber.com.tr\/index.php\/wp-json\/wp\/v2\/posts"}],"about":[{"href":"https:\/\/akdenizhaber.com.tr\/index.php\/wp-json\/wp\/v2\/types\/post"}],"author":[{"embeddable":true,"href":"https:\/\/akdenizhaber.com.tr\/index.php\/wp-json\/wp\/v2\/users\/2"}],"replies":[{"embeddable":true,"href":"https:\/\/akdenizhaber.com.tr\/index.php\/wp-json\/wp\/v2\/comments?post=32866"}],"version-history":[{"count":1,"href":"https:\/\/akdenizhaber.com.tr\/index.php\/wp-json\/wp\/v2\/posts\/32866\/revisions"}],"predecessor-version":[{"id":32869,"href":"https:\/\/akdenizhaber.com.tr\/index.php\/wp-json\/wp\/v2\/posts\/32866\/revisions\/32869"}],"wp:featuredmedia":[{"embeddable":true,"href":"https:\/\/akdenizhaber.com.tr\/index.php\/wp-json\/wp\/v2\/media\/32868"}],"wp:attachment":[{"href":"https:\/\/akdenizhaber.com.tr\/index.php\/wp-json\/wp\/v2\/media?parent=32866"}],"wp:term":[{"taxonomy":"category","embeddable":true,"href":"https:\/\/akdenizhaber.com.tr\/index.php\/wp-json\/wp\/v2\/categories?post=32866"},{"taxonomy":"post_tag","embeddable":true,"href":"https:\/\/akdenizhaber.com.tr\/index.php\/wp-json\/wp\/v2\/tags?post=32866"}],"curies":[{"name":"wp","href":"https:\/\/api.w.org\/{rel}","templated":true}]}}