{"id":32862,"date":"2026-04-30T17:32:36","date_gmt":"2026-04-30T14:32:36","guid":{"rendered":"https:\/\/akdenizhaber.com.tr\/?p=32862"},"modified":"2026-04-30T17:32:37","modified_gmt":"2026-04-30T14:32:37","slug":"cydd-manavgat-subesinden-23-nisana-yakisan-coskulu-kutlama","status":"publish","type":"post","link":"https:\/\/akdenizhaber.com.tr\/index.php\/2026\/04\/30\/cydd-manavgat-subesinden-23-nisana-yakisan-coskulu-kutlama\/","title":{"rendered":"\u00c7YDD Manavgat \u015eubesi\u2019nden 23 Nisan\u2019a Yak\u0131\u015fan Co\u015fkulu Kutlama"},"content":{"rendered":"\n<p>\u00c7a\u011fda\u015f Ya\u015fam\u0131 Destekleme Derne\u011fi (\u00c7YDD) Manavgat \u015eubesi taraf\u0131ndan bu y\u0131l be\u015fincisi d\u00fczenlenen Geleneksel \u00c7ocuk Etkinlikleri, 23 Nisan Ulusal Egemenlik ve \u00c7ocuk Bayram\u0131 kapsam\u0131nda yo\u011fun kat\u0131l\u0131mla ger\u00e7ekle\u015ftirildi.<\/p>\n\n\n\n<p>Program kapsam\u0131nda d\u00fczenlenen kompozisyon, \u015fiir ve resim yar\u0131\u015fmalar\u0131 \u00f6\u011frencilerin sanatsal ve d\u00fc\u015f\u00fcnsel geli\u015fimlerine katk\u0131 sa\u011flarken, dereceye giren kat\u0131l\u0131mc\u0131lara \u00f6d\u00fclleri takdim edildi.<\/p>\n\n\n\n<p>Sokak basketbolu turnuvas\u0131 da b\u00fcy\u00fck ilgi g\u00f6rd\u00fc. Centilmence ge\u00e7en kar\u015f\u0131la\u015fmalar\u0131n ard\u0131ndan dereceye giren tak\u0131mlar \u00f6d\u00fcllerini al\u0131rken, g\u00fcn boyunca oynanan geleneksel \u00e7ocuk oyunlar\u0131 etkinli\u011fe renk katt\u0131. \u00c7ocuklar, e\u011flenmenin yan\u0131 s\u0131ra payla\u015fman\u0131n ve birlikte \u00fcretmenin mutlulu\u011funu ya\u015fad\u0131.<\/p>\n\n\n\n<p>Ne\u015fe ve co\u015fku dolu anlara sahne olan etkinlik, H\u00fcseyin Ziyaettin\u2019in kolayla\u015ft\u0131r\u0131c\u0131l\u0131\u011f\u0131nda; \u00c7YDD Manavgat \u015eubesi \u00c7ocuk Birimi\u2019nden Behican Demir ve \u00d6zlem Okucu\u2019nun katk\u0131lar\u0131yla ba\u015far\u0131yla ger\u00e7ekle\u015ftirildi.<\/p>\n\n\n\n<p>\u00c7YDD Manavgat \u015eubesi Ba\u015fkan\u0131 Emine \u00c7atalta\u015f, yapt\u0131\u011f\u0131 konu\u015fmada:<\/p>\n\n\n\n<p>\u201cAtat\u00fcrk\u2019\u00fcn k\u00fc\u00e7\u00fck han\u0131mlara, k\u00fc\u00e7\u00fck beylere emanet etti\u011fi Cumhuriyet i\u00e7in hi\u00e7 durmadan \u00e7al\u0131\u015fmaya devam edece\u011fiz. 23 Nisan Ulusal Egemenlik ve \u00c7ocuk Bayram\u0131\u2019n\u0131 y\u00fcrekten kutluyorum.\u201d ifadelerini kulland\u0131.<\/p>\n\n\n\n<p>\u00c7YDD Manavgat \u015eubesi olarak, 23 Nisan\u2019\u0131n \u00e7ocuklar\u0131m\u0131z\u0131n \u00f6zg\u00fcr, \u00e7a\u011fda\u015f ve ayd\u0131nl\u0131k yar\u0131nlara umutla y\u00fcr\u00fcyebilmesi i\u00e7in ta\u015f\u0131d\u0131\u011f\u0131m\u0131z ortak sorumlulu\u011fun simgesi oldu\u011funa inan\u0131yoruz. Atat\u00fcrk\u2019\u00fcn emanet etti\u011fi Cumhuriyet de\u011ferlerini ya\u015fatmak ve g\u00fc\u00e7lendirmek ad\u0131na, \u00e7ocuklar\u0131m\u0131z\u0131n e\u011fitimine, geli\u015fimine ve e\u015fit f\u0131rsatlara eri\u015fimine katk\u0131 sunmaya kararl\u0131l\u0131kla devam edece\u011fimizi kamuoyuna sayg\u0131yla bildiririz.<\/p>\n\n\n\n<p>\u00c7YDD Manavgat \u015eubesi<\/p>\n\n\n\n<p>Bas\u0131n Birimi<\/p>\n\n\n\n<p>Do\u011fay G\u00fcven<\/p>\n","protected":false},"excerpt":{"rendered":"<p>\u00c7a\u011fda\u015f Ya\u015fam\u0131 Destekleme Derne\u011fi (\u00c7YDD) Manavgat \u015eubesi taraf\u0131ndan bu y\u0131l be\u015fincisi d\u00fczenlenen Geleneksel \u00c7ocuk Etkinlikleri, 23 Nisan Ulusal Egemenlik ve \u00c7ocuk Bayram\u0131 kapsam\u0131nda yo\u011fun kat\u0131l\u0131mla <a href=\"https:\/\/akdenizhaber.com.tr\/index.php\/2026\/04\/30\/cydd-manavgat-subesinden-23-nisana-yakisan-coskulu-kutlama\/\" class=\"read-more-link\">[more&#8230;]<\/a><\/p>\n","protected":false},"author":2,"featured_media":32863,"comment_status":"open","ping_status":"open","sticky":false,"template":"","format":"standard","meta":{"footnotes":""},"categories":[2],"tags":[],"class_list":["post-32862","post","type-post","status-publish","format-standard","has-post-thumbnail","hentry","category-gundem"],"_links":{"self":[{"href":"https:\/\/akdenizhaber.com.tr\/index.php\/wp-json\/wp\/v2\/posts\/32862","targetHints":{"allow":["GET"]}}],"collection":[{"href":"https:\/\/akdenizhaber.com.tr\/index.php\/wp-json\/wp\/v2\/posts"}],"about":[{"href":"https:\/\/akdenizhaber.com.tr\/index.php\/wp-json\/wp\/v2\/types\/post"}],"author":[{"embeddable":true,"href":"https:\/\/akdenizhaber.com.tr\/index.php\/wp-json\/wp\/v2\/users\/2"}],"replies":[{"embeddable":true,"href":"https:\/\/akdenizhaber.com.tr\/index.php\/wp-json\/wp\/v2\/comments?post=32862"}],"version-history":[{"count":1,"href":"https:\/\/akdenizhaber.com.tr\/index.php\/wp-json\/wp\/v2\/posts\/32862\/revisions"}],"predecessor-version":[{"id":32864,"href":"https:\/\/akdenizhaber.com.tr\/index.php\/wp-json\/wp\/v2\/posts\/32862\/revisions\/32864"}],"wp:featuredmedia":[{"embeddable":true,"href":"https:\/\/akdenizhaber.com.tr\/index.php\/wp-json\/wp\/v2\/media\/32863"}],"wp:attachment":[{"href":"https:\/\/akdenizhaber.com.tr\/index.php\/wp-json\/wp\/v2\/media?parent=32862"}],"wp:term":[{"taxonomy":"category","embeddable":true,"href":"https:\/\/akdenizhaber.com.tr\/index.php\/wp-json\/wp\/v2\/categories?post=32862"},{"taxonomy":"post_tag","embeddable":true,"href":"https:\/\/akdenizhaber.com.tr\/index.php\/wp-json\/wp\/v2\/tags?post=32862"}],"curies":[{"name":"wp","href":"https:\/\/api.w.org\/{rel}","templated":true}]}}