{"id":32859,"date":"2026-04-30T17:31:21","date_gmt":"2026-04-30T14:31:21","guid":{"rendered":"https:\/\/akdenizhaber.com.tr\/?p=32859"},"modified":"2026-04-30T17:34:04","modified_gmt":"2026-04-30T14:34:04","slug":"hem-play-off-hem-krallik-icin-manavgatta-final-havasi","status":"publish","type":"post","link":"https:\/\/akdenizhaber.com.tr\/index.php\/2026\/04\/30\/hem-play-off-hem-krallik-icin-manavgatta-final-havasi\/","title":{"rendered":"HEM PLAY-OFF HEM KRALLIK \u0130\u00c7\u0130N: MANAVGAT\u2019TA &#8220;F\u0130NAL&#8221; HAVASI!"},"content":{"rendered":"\n<p>BAL 7. Grup\u2019ta normal sezonun son 90 dakikas\u0131 pazar g\u00fcn\u00fc Manavgat\u2019ta oynanacak. Ye\u015fil-beyazl\u0131lar, Bucak O\u011fuzhanspor kar\u015f\u0131s\u0131nda 3 puan\u0131 al\u0131p play-off rakiplerini beklerken; g\u00f6zler krall\u0131k yar\u0131\u015f\u0131 i\u00e7in sahaya \u00e7\u0131kacak olan golc\u00fc \u0130lker Av\u015far\u2019da olacak.<\/p>\n\n\n\n<p>B\u00f6lgesel Amat\u00f6r Lig (BAL) 7. Grup\u2019ta heyecan dorukta. \u015eampiyonlu\u011fu do\u011frudan kazanma \u015fans\u0131n\u0131 \u015fanss\u0131z bir \u015fekilde elinden ka\u00e7\u0131ran Manavgat Belediyespor, t\u00fcm umutlar\u0131n\u0131 play-off kar\u015f\u0131la\u015fmalar\u0131na ta\u015f\u0131d\u0131. 3 May\u0131s Pazar g\u00fcn\u00fc saat 14.00\u2019te Manavgat Atat\u00fcrk Stad\u0131\u2019nda Bucak Belediye O\u011fuzhanspor\u2019u konuk edecek olan temsilcimizde tek hedef: Mutlak galibiyet ve bol gol!<\/p>\n\n\n\n<p>KULAKLAR D\u0130\u011eER MA\u00c7LARDA OLACAK<\/p>\n\n\n\n<p>Manavgat Belediyespor y\u00f6netimi, play-off\u2019taki rakiplerin belirlenmesi a\u00e7\u0131s\u0131ndan bu hafta oynanacak olan Marmaris-Milas ve Ak\u015fehirspor kar\u015f\u0131la\u015fmalar\u0131ndan gelecek sonu\u00e7lar\u0131n b\u00fcy\u00fck \u00f6nem ta\u015f\u0131d\u0131\u011f\u0131n\u0131 belirtti. Y\u00f6netim, &#8220;3. Lig yolunda t\u00fcm gayretimizi ortaya koyaca\u011f\u0131z, taraftar\u0131m\u0131z\u0131n deste\u011fiyle bu engeli de a\u015faca\u011f\u0131z&#8221; mesaj\u0131n\u0131 verdi.<\/p>\n\n\n\n<p>GOL KRALLI\u011eI YARI\u015eI NEFES KES\u0130YOR<\/p>\n\n\n\n<p>Bu kritik ma\u00e7\u0131n bir di\u011fer \u00f6nemli noktas\u0131 ise gol krall\u0131\u011f\u0131 m\u00fccadelesi. Ligde son haftaya girilirken, Manavgat Belediyespor\u2019un gol makinesi \u0130lker Av\u015far ile Marmaris Milas Belediyesporlu Adem Parlak, 9\u2019ar golle zirveyi payla\u015f\u0131yor. Pazar g\u00fcn\u00fc Bucak kar\u015f\u0131s\u0131nda \u0130lker Av\u015far\u2019\u0131n bir &#8220;gol patlamas\u0131&#8221; yaparak krall\u0131k tac\u0131n\u0131 tek ba\u015f\u0131na takmas\u0131 bekleniyor.<\/p>\n\n\n\n<p>TARAFTARDAN &#8220;GOLC\u00dcYE&#8221; \u00d6ZEL MESAJ<\/p>\n\n\n\n<p>Manavgat taraftar\u0131, \u0130lker Av\u015far\u2019\u0131n krall\u0131k yolundaki en b\u00fcy\u00fck destek\u00e7isi. Ye\u015fil-beyazl\u0131 sevdal\u0131lar, Pazar g\u00fcnk\u00fc kar\u015f\u0131la\u015fmada 90 dakika boyunca \u0130lker\u2019e moral vereceklerini belirterek \u015funlar\u0131 s\u00f6yledi:<\/p>\n\n\n\n<p>&#8220;Saha i\u00e7inde futbolcular\u0131m\u0131z\u0131n, trib\u00fcnde bizlerin deste\u011fi ile \u0130lker Av\u015far bu sezonu gol kral\u0131 olarak tamamlayacak. O gollerini atacak, biz 3. Lig\u2019e y\u00fcr\u00fcyece\u011fiz!&#8221;<\/p>\n\n\n\n<p>KR\u0130T\u0130K TABLO: Z\u0130RVEDE K\u0130M VAR?<\/p>\n\n\n\n<p>Futbolcu&nbsp;&nbsp;&nbsp;&nbsp;&nbsp;&nbsp;&nbsp;&nbsp;&nbsp;&nbsp;&nbsp; Tak\u0131m&nbsp;&nbsp; Gol Say\u0131s\u0131<\/p>\n\n\n\n<p>\u0130lker Av\u015far&nbsp;&nbsp;&nbsp;&nbsp;&nbsp;&nbsp;&nbsp;&nbsp; Manavgat Belediyespor&nbsp;&nbsp;&nbsp;&nbsp;&nbsp;&nbsp;&nbsp;&nbsp;&nbsp;&nbsp;&nbsp;&nbsp; 9<\/p>\n\n\n\n<p>Adem Parlak&nbsp;&nbsp;&nbsp;&nbsp; Marmaris Milas Bld.&nbsp;&nbsp;&nbsp;&nbsp; 9<\/p>\n\n\n\n<p>B\u00fc\u015fra Deveci \/ Haber<\/p>\n","protected":false},"excerpt":{"rendered":"<p>BAL 7. Grup\u2019ta normal sezonun son 90 dakikas\u0131 pazar g\u00fcn\u00fc Manavgat\u2019ta oynanacak. Ye\u015fil-beyazl\u0131lar, Bucak O\u011fuzhanspor kar\u015f\u0131s\u0131nda 3 puan\u0131 al\u0131p play-off rakiplerini beklerken; g\u00f6zler krall\u0131k yar\u0131\u015f\u0131 <a href=\"https:\/\/akdenizhaber.com.tr\/index.php\/2026\/04\/30\/hem-play-off-hem-krallik-icin-manavgatta-final-havasi\/\" class=\"read-more-link\">[more&#8230;]<\/a><\/p>\n","protected":false},"author":2,"featured_media":32860,"comment_status":"open","ping_status":"open","sticky":false,"template":"","format":"standard","meta":{"footnotes":""},"categories":[2],"tags":[],"class_list":["post-32859","post","type-post","status-publish","format-standard","has-post-thumbnail","hentry","category-gundem"],"_links":{"self":[{"href":"https:\/\/akdenizhaber.com.tr\/index.php\/wp-json\/wp\/v2\/posts\/32859","targetHints":{"allow":["GET"]}}],"collection":[{"href":"https:\/\/akdenizhaber.com.tr\/index.php\/wp-json\/wp\/v2\/posts"}],"about":[{"href":"https:\/\/akdenizhaber.com.tr\/index.php\/wp-json\/wp\/v2\/types\/post"}],"author":[{"embeddable":true,"href":"https:\/\/akdenizhaber.com.tr\/index.php\/wp-json\/wp\/v2\/users\/2"}],"replies":[{"embeddable":true,"href":"https:\/\/akdenizhaber.com.tr\/index.php\/wp-json\/wp\/v2\/comments?post=32859"}],"version-history":[{"count":1,"href":"https:\/\/akdenizhaber.com.tr\/index.php\/wp-json\/wp\/v2\/posts\/32859\/revisions"}],"predecessor-version":[{"id":32861,"href":"https:\/\/akdenizhaber.com.tr\/index.php\/wp-json\/wp\/v2\/posts\/32859\/revisions\/32861"}],"wp:featuredmedia":[{"embeddable":true,"href":"https:\/\/akdenizhaber.com.tr\/index.php\/wp-json\/wp\/v2\/media\/32860"}],"wp:attachment":[{"href":"https:\/\/akdenizhaber.com.tr\/index.php\/wp-json\/wp\/v2\/media?parent=32859"}],"wp:term":[{"taxonomy":"category","embeddable":true,"href":"https:\/\/akdenizhaber.com.tr\/index.php\/wp-json\/wp\/v2\/categories?post=32859"},{"taxonomy":"post_tag","embeddable":true,"href":"https:\/\/akdenizhaber.com.tr\/index.php\/wp-json\/wp\/v2\/tags?post=32859"}],"curies":[{"name":"wp","href":"https:\/\/api.w.org\/{rel}","templated":true}]}}