{"id":32856,"date":"2026-04-30T17:30:42","date_gmt":"2026-04-30T14:30:42","guid":{"rendered":"https:\/\/akdenizhaber.com.tr\/?p=32856"},"modified":"2026-04-30T17:30:43","modified_gmt":"2026-04-30T14:30:43","slug":"antalyada-orman-yanginlarina-karsi-siki-onlemler","status":"publish","type":"post","link":"https:\/\/akdenizhaber.com.tr\/index.php\/2026\/04\/30\/antalyada-orman-yanginlarina-karsi-siki-onlemler\/","title":{"rendered":"Antalya\u2019da Orman Yang\u0131nlar\u0131na Kar\u015f\u0131 S\u0131k\u0131 \u00d6nlemler\u00a0"},"content":{"rendered":"\n<p>Orman Yang\u0131nlar\u0131yla M\u00fccadele Komisyon Toplant\u0131s\u0131, Antalya Valisi Hulusi \u015eahin ba\u015fkanl\u0131\u011f\u0131nda ger\u00e7ekle\u015ftirildi. Toplant\u0131 sonras\u0131 Vali \u015eahin, orman yang\u0131nlar\u0131na kar\u015f\u0131 al\u0131nan \u00f6nlemler ve y\u00fcr\u00fct\u00fclen haz\u0131rl\u0131klara ili\u015fkin bas\u0131na de\u011ferlendirmelerde bulundu.<br>S\u0131cakl\u0131klar\u0131n y\u00fckselmesi ve havan\u0131n kurumas\u0131 ile birlikte artan yang\u0131n riskine kar\u015f\u0131 al\u0131nacak tedbirlerin g\u00f6r\u00fc\u015f\u00fcld\u00fc\u011f\u00fc Orman Yang\u0131nlar\u0131yla M\u00fccadele Komisyon Toplant\u0131s\u0131, Antalya Valisi Hulusi \u015eahin ba\u015fkanl\u0131\u011f\u0131nda ger\u00e7ekle\u015ftirildi. Antalya Orman B\u00f6lge M\u00fcd\u00fcrl\u00fc\u011f\u00fc\u2019nde ger\u00e7ekle\u015ftirilen toplant\u0131ya; Vali Hulusi \u015eahin, Antalya B\u00fcy\u00fck\u015fehir Belediyesi Genel Sekreter Yard\u0131mc\u0131s\u0131 \u00c7i\u011fdem Hac\u0131o\u011flu, Vali Yard\u0131mc\u0131s\u0131 Salih Y\u00fcce, \u0130l Emniyet M\u00fcd\u00fcr\u00fc Dr. Sabit Ak\u0131n Zaimo\u011flu, \u0130l Jandarma Komutan\u0131 T\u00fcmgeneral Ahmet Kavukcu, 3. Piyade E\u011fitim Tugay Komutan\u0131 Piyade Albay Ayhan Ocak, Antalya Orman B\u00f6lge M\u00fcd\u00fcr\u00fc Kemal Kay\u0131ran, AFAD \u0130l M\u00fcd\u00fcr\u00fc Necmi Er\u00e7in, ilgili kamu kurum m\u00fcd\u00fcrleri ve kurulu\u015f temsilcileri ile bas\u0131n mensuplar\u0131 kat\u0131ld\u0131.<br>Fark\u0131ndal\u0131k ve Erken Uyar\u0131 Mekanizmalar\u0131n\u0131 Harekete Ge\u00e7irece\u011fiz<br>Toplant\u0131 sonras\u0131nda bas\u0131n mensuplar\u0131na yapt\u0131\u011f\u0131 a\u00e7\u0131klamalarda Antalya\u2019n\u0131n, T\u00fcrkiye\u2019nin en fazla orman varl\u0131\u011f\u0131na sahip ili oldu\u011funu belirten Vali Hulusi \u015eahin, \u201cAntalya, 1,1 milyon hektar alanla T\u00fcrkiye\u2019nin en fazla orman varl\u0131\u011f\u0131na sahip ili. \u0130l\u00e7elerimizin de b\u00fcy\u00fck \u00e7o\u011funlu\u011fu birinci derecede orman yang\u0131n\u0131 riski ta\u015f\u0131yor. \u0130klim de\u011fi\u015fikli\u011finin bir sonucu olarak h\u0131zla artan s\u0131cakl\u0131klar ve kurakl\u0131k, bu riski daha da art\u0131r\u0131yor. Fakat ge\u00e7en y\u0131l t\u00fcm kurumlar\u0131m\u0131z\u0131n yo\u011fun \u00e7al\u0131\u015fmas\u0131, iyi bir koordinasyon ve organizasyon sayesinde toplam yang\u0131n say\u0131s\u0131n\u0131 200\u2019de tuttuk. Yani yang\u0131n say\u0131s\u0131nda T\u00fcrkiye genelinde \u00fc\u00e7\u00fcnc\u00fc s\u0131raday\u0131z. Ancak as\u0131l \u00f6nemli rakam alan kayb\u0131nda ortaya \u00e7\u0131k\u0131yor; burada bin 600 hektarla 12. s\u0131raday\u0131z. Bu da yo\u011fun \u00e7al\u0131\u015fman\u0131n, s\u0131k\u0131 takibin ve h\u0131zl\u0131 m\u00fcdahalenin bir sonucu. Bu y\u0131l da yine ayn\u0131 \u015fekilde t\u00fcm kurumlar\u0131m\u0131z, mesai mefhumu g\u00f6zetmeden \u00e7al\u0131\u015fmaya devam edecek.\u201d dedi.<br>Antalya \u0130li Orman Yang\u0131nlar\u0131 \u00d6nleme Plan\u0131\u2019n\u0131 Devreye Al\u0131yoruz<br>\u2018Antalya \u0130li Orman Yang\u0131nlar\u0131 \u00d6nleme Plan\u0131\u2019n\u0131n da bu y\u0131l y\u00fcr\u00fcrl\u00fc\u011fe koyulaca\u011f\u0131n\u0131 a\u00e7\u0131klayan Vali \u015eahin, \u201cB\u00f6ylece hem alan daraltma \u00e7al\u0131\u015fmas\u0131 yapaca\u011f\u0131z hem de riskli g\u00fcnlerde, riskli b\u00f6lgelerde \u00e7ok yo\u011fun bir bilin\u00e7lendirme, fark\u0131ndal\u0131k ve erken uyar\u0131 mekanizmalar\u0131n\u0131 harekete ge\u00e7irece\u011fiz. B\u00f6ylece orman yang\u0131nlar\u0131n\u0131n say\u0131s\u0131n\u0131 da d\u00fc\u015f\u00fcrmenin aray\u0131\u015f\u0131 i\u00e7indeyiz. \u00c7\u00fcnk\u00fc her yang\u0131n, b\u00fcy\u00fck bir yang\u0131na d\u00f6n\u00fc\u015fme riskini bar\u0131nd\u0131r\u0131yor ve her yang\u0131n \u00e7ok maliyetli bir s\u00f6nd\u00fcrme faaliyetini gerektiriyor. O nedenle as\u0131l yap\u0131lmas\u0131 gereken, yang\u0131nlar\u0131n hi\u00e7 ba\u015flamadan engellenmesidir.\u201d s\u00f6zlerini kaydetti.<br>T\u00fcm Haz\u0131rl\u0131klar\u0131m\u0131z\u0131 Tamamlad\u0131k<br>Orman yang\u0131nlar\u0131na h\u0131zl\u0131 m\u00fcdahale i\u00e7in haz\u0131rl\u0131klar\u0131n her y\u00f6n\u00fcyle tamamland\u0131\u011f\u0131n\u0131 belirten Vali \u015eahin, \u201c143 noktada kara ara\u00e7lar\u0131m\u0131z\u0131 konu\u015fland\u0131rd\u0131k. 42 kulemiz var; bu kulelerin 36 tanesi IP kameralarla donat\u0131ld\u0131. D\u00fcnyada \u00e7ok az \u00fclkede bulunan \u0130HA sistemiyle T\u00fcrkiye, orman yang\u0131nlar\u0131n\u0131 takip ediyor ve bu \u0130HA\u2019lardan bir tanesi de Antalya\u2019da. Ayr\u0131ca 8 helikopterimiz ve 3 u\u00e7a\u011f\u0131m\u0131z da her an g\u00f6reve haz\u0131r \u015fekilde bekliyor. Bunun yan\u0131nda, orman yang\u0131nlar\u0131n\u0131 \u00f6nleme plan\u0131 do\u011frultusunda da haz\u0131rl\u0131klar\u0131m\u0131z\u0131 tamamlad\u0131k. Vatanda\u015flar\u0131m\u0131z\u0131n hassasiyeti, ilgisi ve deste\u011fiyle birlikte bu y\u0131l \u00e7ok daha az say\u0131da orman yang\u0131n\u0131n\u0131n ya\u015fand\u0131\u011f\u0131 ve \u00e7ok daha az miktarda orman alan\u0131n\u0131n zarar g\u00f6rd\u00fc\u011f\u00fc bir y\u0131l olaca\u011f\u0131na inan\u0131yoruz. T\u00fcm payda\u015f kurulu\u015flar\u0131m\u0131za, orman te\u015fkilat\u0131m\u0131z\u0131n fedak\u00e2r mensuplar\u0131na ve k\u0131ymetli bas\u0131n mensuplar\u0131na te\u015fekk\u00fcr ediyorum.\u201d ifadelerini kulland\u0131.<br>Hassas B\u00f6lgeleri T\u00fcm Detaylar\u0131yla Biliyoruz<br>Antalya genelinde uygulanacak olan hassas alan uygulamas\u0131na ili\u015fkin a\u00e7\u0131klamalarda bulunan Vali \u015eahin, \u201cSon 5 y\u0131lda Antalya\u2019daki t\u00fcm orman yang\u0131nlar\u0131n\u0131 bir haritaya i\u015fledik. Bu yang\u0131nlar\u0131n nerede \u00e7\u0131kt\u0131\u011f\u0131n\u0131, daralt\u0131lm\u0131\u015f koordinasyon y\u00f6ntemiyle tam nokta olarak tespit ettik. Ayr\u0131ca ne zaman \u00e7\u0131kt\u0131klar\u0131n\u0131 da analiz ettik. Bu \u015fekilde elimizde \u0131s\u0131 haritalar\u0131 olu\u015ftu. Yani art\u0131k orman yang\u0131nlar\u0131na hassas b\u00f6lgeleri t\u00fcm detaylar\u0131yla biliyoruz. Bu b\u00f6lgelerde bulunan t\u00fcm payda\u015flar\u0131m\u0131za; mahalle muhtar\u0131ndan cami imam\u0131na, okul m\u00fcd\u00fcr\u00fcm\u00fczden \u00f6\u011fretmenlerimize, \u00e7ift\u00e7ilerimizden sulama kooperatifi \u00fcyelerine kadar o b\u00f6lgede ya\u015fayan ve faaliyet g\u00f6steren herkese, \u2018riskli g\u00fcn\u2019 belirlendi\u011fi zaman ula\u015faca\u011f\u0131z. Ekiplerimiz de o b\u00f6lgelerde konu\u015flanacak. Mutlaka alan\u0131 daralt\u0131p ekipleri do\u011fru yere konu\u015fland\u0131rman\u0131z gerekiyor. Bu plan da bunun \u00fczerine kurulu.\u201d dedi.<br>Toplant\u0131da ayr\u0131ca Antalya Orman B\u00f6lge M\u00fcd\u00fcrl\u00fc\u011f\u00fc taraf\u0131ndan, orman yang\u0131nlar\u0131n\u0131n \u00f6nlenmesine y\u00f6nelik al\u0131nan tedbirler ve planlanan \u00e7al\u0131\u015fmalar hakk\u0131nda bir sunum ger\u00e7ekle\u015ftirildi.<\/p>\n\n\n\n<p>Antalya Valili\u011fi \/ B\u00fclten<\/p>\n","protected":false},"excerpt":{"rendered":"<p>Orman Yang\u0131nlar\u0131yla M\u00fccadele Komisyon Toplant\u0131s\u0131, Antalya Valisi Hulusi \u015eahin ba\u015fkanl\u0131\u011f\u0131nda ger\u00e7ekle\u015ftirildi. Toplant\u0131 sonras\u0131 Vali \u015eahin, orman yang\u0131nlar\u0131na kar\u015f\u0131 al\u0131nan \u00f6nlemler ve y\u00fcr\u00fct\u00fclen haz\u0131rl\u0131klara ili\u015fkin bas\u0131na <a href=\"https:\/\/akdenizhaber.com.tr\/index.php\/2026\/04\/30\/antalyada-orman-yanginlarina-karsi-siki-onlemler\/\" class=\"read-more-link\">[more&#8230;]<\/a><\/p>\n","protected":false},"author":2,"featured_media":32857,"comment_status":"open","ping_status":"open","sticky":false,"template":"","format":"standard","meta":{"footnotes":""},"categories":[2],"tags":[],"class_list":["post-32856","post","type-post","status-publish","format-standard","has-post-thumbnail","hentry","category-gundem"],"_links":{"self":[{"href":"https:\/\/akdenizhaber.com.tr\/index.php\/wp-json\/wp\/v2\/posts\/32856","targetHints":{"allow":["GET"]}}],"collection":[{"href":"https:\/\/akdenizhaber.com.tr\/index.php\/wp-json\/wp\/v2\/posts"}],"about":[{"href":"https:\/\/akdenizhaber.com.tr\/index.php\/wp-json\/wp\/v2\/types\/post"}],"author":[{"embeddable":true,"href":"https:\/\/akdenizhaber.com.tr\/index.php\/wp-json\/wp\/v2\/users\/2"}],"replies":[{"embeddable":true,"href":"https:\/\/akdenizhaber.com.tr\/index.php\/wp-json\/wp\/v2\/comments?post=32856"}],"version-history":[{"count":1,"href":"https:\/\/akdenizhaber.com.tr\/index.php\/wp-json\/wp\/v2\/posts\/32856\/revisions"}],"predecessor-version":[{"id":32858,"href":"https:\/\/akdenizhaber.com.tr\/index.php\/wp-json\/wp\/v2\/posts\/32856\/revisions\/32858"}],"wp:featuredmedia":[{"embeddable":true,"href":"https:\/\/akdenizhaber.com.tr\/index.php\/wp-json\/wp\/v2\/media\/32857"}],"wp:attachment":[{"href":"https:\/\/akdenizhaber.com.tr\/index.php\/wp-json\/wp\/v2\/media?parent=32856"}],"wp:term":[{"taxonomy":"category","embeddable":true,"href":"https:\/\/akdenizhaber.com.tr\/index.php\/wp-json\/wp\/v2\/categories?post=32856"},{"taxonomy":"post_tag","embeddable":true,"href":"https:\/\/akdenizhaber.com.tr\/index.php\/wp-json\/wp\/v2\/tags?post=32856"}],"curies":[{"name":"wp","href":"https:\/\/api.w.org\/{rel}","templated":true}]}}