{"id":32853,"date":"2026-04-30T17:29:14","date_gmt":"2026-04-30T14:29:14","guid":{"rendered":"https:\/\/akdenizhaber.com.tr\/?p=32853"},"modified":"2026-04-30T17:29:14","modified_gmt":"2026-04-30T14:29:14","slug":"akdeniz-universitesi-15-temmuz-mansetleri-gazetecilik-atolyesinin-ilk-ev-sahibi-oldu","status":"publish","type":"post","link":"https:\/\/akdenizhaber.com.tr\/index.php\/2026\/04\/30\/akdeniz-universitesi-15-temmuz-mansetleri-gazetecilik-atolyesinin-ilk-ev-sahibi-oldu\/","title":{"rendered":"Akdeniz \u00dcniversitesi 15 Temmuz Man\u015fetleri Gazetecilik At\u00f6lyesi\u2019nin \u0130lk Ev Sahibi Oldu"},"content":{"rendered":"\n<p>Akdeniz \u00dcniversitesi \u0130leti\u015fim Fak\u00fcltesi ev sahipli\u011finde, Bas\u0131n \u0130lan Kurumu taraf\u0131ndan, 15 Temmuz Darbe Giri\u015fimi\u2019nin 10. y\u0131l d\u00f6n\u00fcm\u00fcnde \u201cHaf\u0131zay\u0131 Koru, Hakikati Yaz\u201d temas\u0131yla hayata ge\u00e7irilen \u201c15 Temmuz Man\u015fetleri Gazetecilik At\u00f6lyesi\u201dnin ilki ger\u00e7ekle\u015ftirildi. T\u00fcrkiye genelinde 7 b\u00f6lgeyi temsilen 7 \u00fcniversiteyle i\u015f birli\u011fi i\u00e7inde y\u00fcr\u00fct\u00fclecek proje, gen\u00e7 ileti\u015fimcileri mesleki a\u00e7\u0131dan g\u00fc\u00e7lendirmeyi hedefliyor.<\/p>\n\n\n\n<p>TEOR\u0130 VE UYGULAMA B\u0130R ARADA<\/p>\n\n\n\n<p>Gen\u00e7 ileti\u015fimcilerin tarihsel bir olay \u00fczerinden mesleki reflekslerini yeniden de\u011ferlendirmelerine imk\u00e2n tan\u0131yan at\u00f6lye, teori ve uygulamay\u0131 bir araya getiren iki b\u00f6l\u00fcmden olu\u015ftu. Program\u0131n ilk b\u00f6l\u00fcm\u00fcnde a\u00e7\u0131l\u0131\u015f konu\u015fmalar\u0131n\u0131n ard\u0131ndan Akdeniz \u00dcniversitesi \u0130leti\u015fim Fak\u00fcltesi \u00d6\u011fretim \u00dcyesi Prof. Dr. Mustafa \u015eeker, medya eti\u011fi ve sorumlu yay\u0131nc\u0131l\u0131k \u00fczerine sunum yaparak deneyimlerini payla\u015ft\u0131.<\/p>\n\n\n\n<p>KR\u0130Z HABERC\u0130L\u0130\u011e\u0130 ELE ALINDI<\/p>\n\n\n\n<p>Program kapsam\u0131nda ayr\u0131ca, \u0130leti\u015fim Fak\u00fcltesi Gazetecilik B\u00f6l\u00fcm Ba\u015fkan\u0131 Prof. Dr. Narin T\u00fclay Bekta\u015f\u2019\u0131n moderat\u00f6rl\u00fc\u011f\u00fcnde \u201cKamu Kurumlar\u0131nda ve Medya Sekt\u00f6r\u00fcnde Kriz Habercili\u011fi\u201d ba\u015fl\u0131kl\u0131 oturum d\u00fczenlendi. Oturumda TRT Antalya Haber M\u00fcd\u00fcr\u00fc Muhammed Ahmet \u00d6cal ile Antalya Valili\u011fi \u0130l Bas\u0131n ve Halkla \u0130li\u015fkiler M\u00fcd\u00fcr\u00fc Ramazan K\u0131z\u0131lkaya, kriz d\u00f6nemlerinde habercilik deneyimlerini kat\u0131l\u0131mc\u0131larla payla\u015ft\u0131.<\/p>\n\n\n\n<p>AT\u00d6LYE UYGULAMALARI<\/p>\n\n\n\n<p>At\u00f6lyenin ikinci b\u00f6l\u00fcm\u00fcnde ise \u00f6\u011frenciler uygulama gruplar\u0131na ayr\u0131ld\u0131. Her gruba sekt\u00f6rden deneyimli gazeteciler e\u015flik ederken, haber yaz\u0131m\u0131, g\u00f6rsel d\u00fczenleme ve dizgi s\u00fcre\u00e7leri uygulamal\u0131 olarak ger\u00e7ekle\u015ftirildi. Kat\u0131l\u0131mc\u0131lar, haz\u0131rlad\u0131klar\u0131 i\u00e7eriklerle gazete birinci sayfalar\u0131n\u0131 olu\u015fturup bask\u0131ya haz\u0131r hale getirdi.<\/p>\n\n\n\n<p>GAZETEC\u0130LER\u0130 HEK\u0130MLERLE \u00d6ZDE\u015eT\u0130R\u0130YORUM<\/p>\n\n\n\n<p>Program\u0131n a\u00e7\u0131l\u0131\u015f\u0131nda konu\u015fma yapan Akdeniz \u00dcniversitesi Rekt\u00f6r Yard\u0131mc\u0131s\u0131 Prof. Dr. Ay\u015fe G\u00fclbin Ar\u0131c\u0131, programa ev sahipli\u011fi yapt\u0131klar\u0131 i\u00e7in mutlu olduklar\u0131n\u0131 dile getirerek, \u201cK\u0131ymetli kat\u0131l\u0131mc\u0131lar, gazetecilik sadece bir meslek, iletme yetene\u011fi ve m\u00fccadelesi de\u011fil. Gazetecilik, bir toplumun haf\u0131zas\u0131n\u0131, ger\u00e7ekleri, hakikatleri,&nbsp; bunun i\u00e7in m\u00fccadele etmek, bunun savunmas\u0131n\u0131 vermek anlam\u0131na geliyor bence. \u00c7\u00fcnk\u00fc ben de bir hekim olarak, bunu yaparken sizler ve hekim grubu \u00f6zde\u015fle\u015ftirmek istiyorum. \u00c7\u00fcnk\u00fc bir vicdani sorumlulu\u011fumuz var. Sadece bir mesle\u011fi, bir yaz\u0131y\u0131 yazmak, bir foto\u011fraf\u0131 \u00e7ekmek, onu man\u015fetlere ta\u015f\u0131mak de\u011fil sizin mesle\u011finiz. Bir vicdan ta\u015f\u0131yorsunuz. \u00c7\u00fcnk\u00fc bu vicdanla toplumun yolunda bir \u0131\u015f\u0131k yak\u0131yorsunuz ve kararlar\u0131n\u0131 etkileyecek ufuk a\u00e7\u0131yorsunuz. \u0130\u015fte bu y\u00fczden kendi mesle\u011fimle \u00f6zde\u015fle\u015ftiriyorum. \u00c7\u00fcnk\u00fc hekimlikte de yapt\u0131\u011f\u0131n\u0131z i\u015fin icraat\u0131ndan \u00e7ok vicdan\u0131n\u0131z\u0131n devreye girip, sonu\u00e7lar\u0131n\u0131 ona g\u00f6re de\u011ferlendirip, o anda karar vermeniz, ayn\u0131 sizler gibi h\u0131zl\u0131ca, o dakikada, o saniyede o i\u015fi yapman\u0131z gerekiyor. Sizler \u00e7ok geni\u015f kitlelere hitap ediyorsunuz. Bu anlamda \u00e7ok de\u011ferli yapt\u0131\u011f\u0131n\u0131z i\u015f ve \u00e7ok \u00f6nemli.\u201d dedi.<\/p>\n\n\n\n<p>HAFIZAYI KORU HAK\u0130KAT\u0130 YAZ<\/p>\n\n\n\n<p>At\u00f6lyenin temas\u0131na de\u011finen Prof. Dr. Ar\u0131c\u0131, \u201cBu at\u00f6lyenin temas\u0131 &#8216;Haf\u0131zay\u0131 koru ve hakikati yaz&#8217;. Ger\u00e7ekten de en \u00f6nemli motto bu man\u015fetlere ta\u015f\u0131d\u0131\u011f\u0131n\u0131z haberlerde. Kriz an\u0131nda, ola\u011fan\u00fcst\u00fc durumlarda, felaketlerde do\u011fru bilgiye ula\u015fmay\u0131, dezenformasyonu engellemeyi, bunu yaparak da etik de\u011ferlere ba\u011fl\u0131 kalmay\u0131 \u00f6\u011freneceksiniz. Bug\u00fcn burada edindi\u011finiz bilgilerle de tecr\u00fcbeniz desteklenecek.\u201d \u015feklinde konu\u015ftu.<\/p>\n\n\n\n<p>TAR\u0130HE \u0130Z BIRAKMA<\/p>\n\n\n\n<p>B\u00f6yle bir etkinli\u011fe ev sahipli\u011fi yapmaktan mutluluk duyduklar\u0131n\u0131 belirten \u0130leti\u015fim Fak\u00fcltesi Dekan\u0131 Prof. Dr. Se\u00e7il Deren Van Het Hof, \u201cKonu \u00e7ok k\u0131ymetli. \u00c7\u00fcnk\u00fc bas\u0131n sadece g\u00fcncel haberlerin yay\u0131lmas\u0131 i\u00e7in bir ara\u00e7 de\u011fil, y\u0131llar ge\u00e7tikten sonra ne oldu\u011funu anlamak i\u00e7in d\u00f6n\u00fcp bakt\u0131\u011f\u0131m\u0131z bir ar\u015fiv kayna\u011f\u0131d\u0131r ayn\u0131 zamanda. Onun i\u00e7in bu ar\u015fiv kaynaklar\u0131nda olaylar\u0131n nas\u0131l ele al\u0131nd\u0131\u011f\u0131, nas\u0131l yorumland\u0131\u011f\u0131, o g\u00fcnk\u00fc hakikatin nas\u0131l kuruldu\u011fu konusunda bize bir rehber olur. Bu ar\u015fiv kayna\u011f\u0131n\u0131 ya da tarihe iz b\u0131rakma i\u015fini sizler \u00fcstleniyor olacaks\u0131n\u0131z. Onun i\u00e7in bunun k\u0131ymetini anlamak a\u00e7\u0131s\u0131ndan bu etkinli\u011fi d\u00fc\u015f\u00fcnen, tasarlayan herkese \u00e7ok te\u015fekk\u00fcr ediyoruz.\u201d ifadelerini kulland\u0131.<\/p>\n\n\n\n<p>TAR\u0130HSEL HAFIZA D\u0130R\u0130 TUTULACAK<\/p>\n\n\n\n<p>Bas\u0131n \u0130lan Kurumu Antalya B\u00f6lge M\u00fcd\u00fcr\u00fc Mevl\u00fct Ulu\u00e7aml\u0131bel de konu\u015fmas\u0131nda, \u201c15 Temmuz hain darbe te\u015febb\u00fcs\u00fcn\u00fcn 10. y\u0131l d\u00f6n\u00fcm\u00fcnde, demokrasi \u015fuurunu ve toplumsal sorumluluk bilincini, gelece\u011fin gazetecilerine aktarmak \u00fczere bu anlaml\u0131 projeyi hayata ge\u00e7irmi\u015f bulunuyoruz. O gece, bas\u0131n emek\u00e7ilerinin kalemi, hakikatin sars\u0131lmaz g\u00fcc\u00fcyle birle\u015fmi\u015f, at\u0131lan man\u015fetler milletimizin iradesine tarihi not olarak d\u00fc\u015fm\u00fc\u015ft\u00fcr. Bug\u00fcn ayn\u0131 bilin\u00e7, kurumumuz ile Akdeniz \u00dcniversitesi&#8217;nin i\u015f birli\u011fiyle gen\u00e7 ileti\u015fimcilerimizin kaleminde yeniden v\u00fccut buluyor. O gece sen olsayd\u0131n nas\u0131l man\u015fet atard\u0131n sorusuna verilecek her cevap, yaln\u0131zca bir uygulaman\u0131n de\u011fil, mesleki duru\u015fun ve vicdani sorumlulu\u011fun da bir tezah\u00fcr\u00fc olacakt\u0131r. Zira haf\u0131zay\u0131 diri tutacak ve hakikati kay\u0131t alt\u0131na alacak olanlar, yar\u0131n\u0131n gazetecileri, yani sizlersiniz. Biz de sizlerin kalemine inan\u0131yor ve g\u00fcveniyoruz. Akademi ile kurdu\u011fumuz i\u015f birlikleri sayesinde sizleri mesle\u011fe daha donan\u0131ml\u0131 \u015fekilde haz\u0131rlamay\u0131 hedefliyoruz. Bu at\u00f6lye bir y\u00f6n\u00fcyle tarihsel haf\u0131zay\u0131 diri tutmay\u0131, di\u011fer y\u00f6n\u00fcyle kriz anlar\u0131nda do\u011fru, h\u0131zl\u0131 ve sorumlu habercilik refleksinin nas\u0131l ortaya konulaca\u011f\u0131n\u0131 uygulamal\u0131 olarak g\u00f6stermeyi ama\u00e7l\u0131yor.\u201d diye konu\u015ftu.<\/p>\n\n\n\n<p>Program, \u00f6\u011frencilere sertifikalar\u0131n\u0131n takdim edilmesi ve toplu foto\u011fraf \u00e7ekimi ile sona erdi.<\/p>\n\n\n\n<p>Akdeniz \u00dcniversitesi Rekt\u00f6rl\u00fc\u011f\u00fc \/ B\u00fclten<\/p>\n","protected":false},"excerpt":{"rendered":"<p>Akdeniz \u00dcniversitesi \u0130leti\u015fim Fak\u00fcltesi ev sahipli\u011finde, Bas\u0131n \u0130lan Kurumu taraf\u0131ndan, 15 Temmuz Darbe Giri\u015fimi\u2019nin 10. y\u0131l d\u00f6n\u00fcm\u00fcnde \u201cHaf\u0131zay\u0131 Koru, Hakikati Yaz\u201d temas\u0131yla hayata ge\u00e7irilen \u201c15 <a href=\"https:\/\/akdenizhaber.com.tr\/index.php\/2026\/04\/30\/akdeniz-universitesi-15-temmuz-mansetleri-gazetecilik-atolyesinin-ilk-ev-sahibi-oldu\/\" class=\"read-more-link\">[more&#8230;]<\/a><\/p>\n","protected":false},"author":2,"featured_media":32854,"comment_status":"open","ping_status":"open","sticky":false,"template":"","format":"standard","meta":{"footnotes":""},"categories":[2],"tags":[],"class_list":["post-32853","post","type-post","status-publish","format-standard","has-post-thumbnail","hentry","category-gundem"],"_links":{"self":[{"href":"https:\/\/akdenizhaber.com.tr\/index.php\/wp-json\/wp\/v2\/posts\/32853","targetHints":{"allow":["GET"]}}],"collection":[{"href":"https:\/\/akdenizhaber.com.tr\/index.php\/wp-json\/wp\/v2\/posts"}],"about":[{"href":"https:\/\/akdenizhaber.com.tr\/index.php\/wp-json\/wp\/v2\/types\/post"}],"author":[{"embeddable":true,"href":"https:\/\/akdenizhaber.com.tr\/index.php\/wp-json\/wp\/v2\/users\/2"}],"replies":[{"embeddable":true,"href":"https:\/\/akdenizhaber.com.tr\/index.php\/wp-json\/wp\/v2\/comments?post=32853"}],"version-history":[{"count":1,"href":"https:\/\/akdenizhaber.com.tr\/index.php\/wp-json\/wp\/v2\/posts\/32853\/revisions"}],"predecessor-version":[{"id":32855,"href":"https:\/\/akdenizhaber.com.tr\/index.php\/wp-json\/wp\/v2\/posts\/32853\/revisions\/32855"}],"wp:featuredmedia":[{"embeddable":true,"href":"https:\/\/akdenizhaber.com.tr\/index.php\/wp-json\/wp\/v2\/media\/32854"}],"wp:attachment":[{"href":"https:\/\/akdenizhaber.com.tr\/index.php\/wp-json\/wp\/v2\/media?parent=32853"}],"wp:term":[{"taxonomy":"category","embeddable":true,"href":"https:\/\/akdenizhaber.com.tr\/index.php\/wp-json\/wp\/v2\/categories?post=32853"},{"taxonomy":"post_tag","embeddable":true,"href":"https:\/\/akdenizhaber.com.tr\/index.php\/wp-json\/wp\/v2\/tags?post=32853"}],"curies":[{"name":"wp","href":"https:\/\/api.w.org\/{rel}","templated":true}]}}