{"id":32851,"date":"2026-04-30T17:28:29","date_gmt":"2026-04-30T14:28:29","guid":{"rendered":"https:\/\/akdenizhaber.com.tr\/?p=32851"},"modified":"2026-04-30T17:28:30","modified_gmt":"2026-04-30T14:28:30","slug":"manavgatta-son-90-dakika","status":"publish","type":"post","link":"https:\/\/akdenizhaber.com.tr\/index.php\/2026\/04\/30\/manavgatta-son-90-dakika\/","title":{"rendered":"MANAVGAT\u2019TA SON 90 DAK\u0130KA"},"content":{"rendered":"\n<p>BAL 7. Grup\u2019ta d\u00fc\u011f\u00fcm pazar g\u00fcn\u00fc \u00e7\u00f6z\u00fcl\u00fcyor. \u015eampiyonlu\u011fu k\u0131l pay\u0131 ka\u00e7\u0131ran Manavgat Belediyespor, t\u00fcm umutlar\u0131n\u0131 play-off\u2019a ba\u011flad\u0131. Hedef; Bucak kar\u015f\u0131s\u0131nda bol goll\u00fc bir galibiyet al\u0131p rakiplerini beklemek.<\/p>\n\n\n\n<p>B\u00f6lgesel Amat\u00f6r Lig (BAL) 7. Grup\u2019ta normal sezonun son 90 dakikas\u0131 b\u00fcy\u00fck bir heyecana sahne olacak. &#8220;Bu sene o sene&#8221; parolas\u0131yla yola \u00e7\u0131kan ancak direkt \u015fampiyonluk \u015fans\u0131n\u0131 elinden ka\u00e7\u0131ran Manavgat Belediyespor, play-off hatt\u0131ndaki yerini sa\u011flamla\u015ft\u0131rmak ve rakiplerine g\u00f6zda\u011f\u0131 vermek i\u00e7in sahaya \u00e7\u0131k\u0131yor.<\/p>\n\n\n\n<p>HEDEF HEM 3 PUAN HEM AVERAJ<\/p>\n\n\n\n<p>3 May\u0131s Pazar g\u00fcn\u00fc kendi evinde Bucak Belediye O\u011fuzhanspor\u2019u konuk edecek olan ye\u015fil-beyazl\u0131 ekipte haz\u0131rl\u0131klar galibiyet \u00fczerine kuruldu. Teknik heyet ve futbolcular, sadece galibiyete de\u011fil, play-off e\u015fle\u015fmelerinde avantaj sa\u011flayabilecek bol goll\u00fc bir skora odaklanm\u0131\u015f durumda.<\/p>\n\n\n\n<p>KULAKLAR D\u0130\u011eER MA\u00c7LARDA OLACAK<\/p>\n\n\n\n<p>Manavgat Belediyespor\u2019un kaderini sadece kendi sahas\u0131ndaki sonu\u00e7 de\u011fil, rakiplerinden gelecek haberler de belirleyecek. Temsilcimiz, Bucak ma\u00e7\u0131n\u0131n biti\u015f d\u00fcd\u00fc\u011f\u00fcyle birlikte; Marmaris-Milas ve Ak\u015fehirspor kar\u015f\u0131la\u015fmalar\u0131ndan gelecek sonu\u00e7lara g\u00f6re play-off\u2019taki rakibini beklemeye ba\u015flayacak.<\/p>\n\n\n\n<p>Y\u00d6NET\u0130MDEN TARAFTARA \u00c7A\u011eRI<\/p>\n\n\n\n<p>Kul\u00fcp y\u00f6neticileri, kritik viraj \u00f6ncesi t\u00fcm \u015fehri kenetlenmeye davet etti. 3. Lig hedefinden kopmad\u0131klar\u0131n\u0131 belirten y\u00f6neticiler \u015fu a\u00e7\u0131klamay\u0131 yapt\u0131:<\/p>\n\n\n\n<p>&#8220;Bizim i\u00e7in play-off s\u00fcreci bu ma\u00e7la ba\u015fl\u0131yor. Sahada terinin son damlas\u0131na kadar sava\u015facak bir tak\u0131m olacak. T\u00fcm taraftarlar\u0131m\u0131z\u0131 3 May\u0131s Pazar g\u00fcn\u00fc saat 14.00\u2019te Manavgat Atat\u00fcrk Stad\u0131\u2019n\u0131 doldurmaya ve 12. adam olarak g\u00fcc\u00fcm\u00fcz\u00fc g\u00f6stermeye davet ediyoruz.&#8221;<\/p>\n\n\n\n<p>MA\u00c7 K\u0130ML\u0130\u011e\u0130:<\/p>\n\n\n\n<p>\u2022MA\u00c7: Manavgat Belediyespor &#8211; Bucak Bld. O\u011fuzhanspor<\/p>\n\n\n\n<p>\u2022TAR\u0130H: 3 May\u0131s 2026 \/ Pazar<\/p>\n\n\n\n<p>\u2022SAAT: 14.00<\/p>\n\n\n\n<p>\u2022YER: Manavgat Atat\u00fcrk Stad\u0131<\/p>\n\n\n\n<p>B\u00fc\u015fra Deveci \/ Haber<\/p>\n","protected":false},"excerpt":{"rendered":"<p>BAL 7. Grup\u2019ta d\u00fc\u011f\u00fcm pazar g\u00fcn\u00fc \u00e7\u00f6z\u00fcl\u00fcyor. \u015eampiyonlu\u011fu k\u0131l pay\u0131 ka\u00e7\u0131ran Manavgat Belediyespor, t\u00fcm umutlar\u0131n\u0131 play-off\u2019a ba\u011flad\u0131. Hedef; Bucak kar\u015f\u0131s\u0131nda bol goll\u00fc bir galibiyet al\u0131p <a href=\"https:\/\/akdenizhaber.com.tr\/index.php\/2026\/04\/30\/manavgatta-son-90-dakika\/\" class=\"read-more-link\">[more&#8230;]<\/a><\/p>\n","protected":false},"author":2,"featured_media":32742,"comment_status":"open","ping_status":"open","sticky":false,"template":"","format":"standard","meta":{"footnotes":""},"categories":[2],"tags":[],"class_list":["post-32851","post","type-post","status-publish","format-standard","has-post-thumbnail","hentry","category-gundem"],"_links":{"self":[{"href":"https:\/\/akdenizhaber.com.tr\/index.php\/wp-json\/wp\/v2\/posts\/32851","targetHints":{"allow":["GET"]}}],"collection":[{"href":"https:\/\/akdenizhaber.com.tr\/index.php\/wp-json\/wp\/v2\/posts"}],"about":[{"href":"https:\/\/akdenizhaber.com.tr\/index.php\/wp-json\/wp\/v2\/types\/post"}],"author":[{"embeddable":true,"href":"https:\/\/akdenizhaber.com.tr\/index.php\/wp-json\/wp\/v2\/users\/2"}],"replies":[{"embeddable":true,"href":"https:\/\/akdenizhaber.com.tr\/index.php\/wp-json\/wp\/v2\/comments?post=32851"}],"version-history":[{"count":1,"href":"https:\/\/akdenizhaber.com.tr\/index.php\/wp-json\/wp\/v2\/posts\/32851\/revisions"}],"predecessor-version":[{"id":32852,"href":"https:\/\/akdenizhaber.com.tr\/index.php\/wp-json\/wp\/v2\/posts\/32851\/revisions\/32852"}],"wp:featuredmedia":[{"embeddable":true,"href":"https:\/\/akdenizhaber.com.tr\/index.php\/wp-json\/wp\/v2\/media\/32742"}],"wp:attachment":[{"href":"https:\/\/akdenizhaber.com.tr\/index.php\/wp-json\/wp\/v2\/media?parent=32851"}],"wp:term":[{"taxonomy":"category","embeddable":true,"href":"https:\/\/akdenizhaber.com.tr\/index.php\/wp-json\/wp\/v2\/categories?post=32851"},{"taxonomy":"post_tag","embeddable":true,"href":"https:\/\/akdenizhaber.com.tr\/index.php\/wp-json\/wp\/v2\/tags?post=32851"}],"curies":[{"name":"wp","href":"https:\/\/api.w.org\/{rel}","templated":true}]}}