{"id":32848,"date":"2026-04-30T17:28:07","date_gmt":"2026-04-30T14:28:07","guid":{"rendered":"https:\/\/akdenizhaber.com.tr\/?p=32848"},"modified":"2026-04-30T17:28:08","modified_gmt":"2026-04-30T14:28:08","slug":"evdeki-hesap","status":"publish","type":"post","link":"https:\/\/akdenizhaber.com.tr\/index.php\/2026\/04\/30\/evdeki-hesap\/","title":{"rendered":"EVDEK\u0130 HESAP!.."},"content":{"rendered":"\n<p>T\u00fcrkiye de \u00f6zellikle son bir y\u0131lda,belki de Cumhuriyet tarihinde ya\u015fanmam\u0131\u015f olaylar ya\u015fan\u0131r oldu..<\/p>\n\n\n\n<p>Belediyelere art arda yap\u0131lan operasyonlarda y\u00fczlerce,hatta binlerce insan, aralar\u0131nda B\u00fcy\u00fck \u015fehir belediye ba\u015fkanlar\u0131, belediye ba\u015fkanlar\u0131,ba\u015fkan yard\u0131mc\u0131lar\u0131 ,belediye meclis \u00fcyeleri, belediye ile i\u015f yapan, belediyelerden ihale alan i\u015f insanlar\u0131, belediye \u00e7al\u0131\u015fanlar\u0131, belediye ba\u015fkan\u0131 e\u015f,dost, ye\u011fen ve akrabalar\u0131 g\u00f6z alt\u0131na al\u0131nd\u0131..<\/p>\n\n\n\n<figure class=\"wp-block-image size-large\"><img loading=\"lazy\" decoding=\"async\" width=\"1024\" height=\"1024\" src=\"https:\/\/akdenizhaber.com.tr\/wp-content\/uploads\/2026\/04\/b5b90813-7e4f-44a3-a8b4-3d934971193c-1024x1024.jpeg\" alt=\"\" class=\"wp-image-32849\" srcset=\"https:\/\/akdenizhaber.com.tr\/wp-content\/uploads\/2026\/04\/b5b90813-7e4f-44a3-a8b4-3d934971193c-1024x1024.jpeg 1024w, https:\/\/akdenizhaber.com.tr\/wp-content\/uploads\/2026\/04\/b5b90813-7e4f-44a3-a8b4-3d934971193c-300x300.jpeg 300w, https:\/\/akdenizhaber.com.tr\/wp-content\/uploads\/2026\/04\/b5b90813-7e4f-44a3-a8b4-3d934971193c-150x150.jpeg 150w, https:\/\/akdenizhaber.com.tr\/wp-content\/uploads\/2026\/04\/b5b90813-7e4f-44a3-a8b4-3d934971193c-768x768.jpeg 768w, https:\/\/akdenizhaber.com.tr\/wp-content\/uploads\/2026\/04\/b5b90813-7e4f-44a3-a8b4-3d934971193c.jpeg 1440w\" sizes=\"auto, (max-width: 1024px) 100vw, 1024px\" \/><\/figure>\n\n\n\n<p>Bunlar\u0131n bir k\u0131sm\u0131 birka\u00e7 g\u00fcn sonra, bir k\u0131sm\u0131 bir ka\u00e7 ay sonra serbest<\/p>\n\n\n\n<p>b\u0131rak\u0131l\u0131rken; bir k\u0131sm\u0131 da neredeyse bir y\u0131ld\u0131r hapis hayat\u0131 ya\u015famakta..<\/p>\n\n\n\n<p>Bir ka\u00e7 ay da bir yenilenen mahkemeler de ise kesin karar verilmeyince de mahkemeler uzay\u0131p gidiyor..<\/p>\n\n\n\n<p>Uzayan bu mahkemeler en \u00e7ok da i\u00e7erideki san\u0131klar\u0131n ailelerini etkilemekte, onlar\u0131n umutlar\u0131n\u0131 s\u00f6nd\u00fcrmekte..<\/p>\n\n\n\n<p>Her Mahkemeye b\u00fcy\u00fck umutlarla gelen aileler uzat\u0131lan mahkeme sonras\u0131 hayal k\u0131r\u0131kl\u0131\u011f\u0131 i\u00e7inde ,g\u00f6z ya\u015flar\u0131 d\u00f6ke d\u00f6ke evlerinin yolunu tutuyorlar..<\/p>\n\n\n\n<p>Su\u00e7lu olan elbette cezas\u0131n\u0131 \u00e7ekmeli ama bu su\u00e7un temeli iyi ara\u015ft\u0131r\u0131lmal\u0131,sadece ceza vermek bu i\u015fin \u00e7\u00f6z\u00fcm\u00fc de\u011fil bana g\u00f6re..<\/p>\n\n\n\n<p>Siyaset de neden bu kadar r\u00fc\u015fvet var, neden bu kadar insan bu i\u015fe meyil eder, neden bu kadar su\u00e7 i\u015flenir?<\/p>\n\n\n\n<p>Yokmu bunun temelden \u00f6nlemenin, yok etmenin, bir daha asla meyil etmemenin bir yolu?<\/p>\n\n\n\n<p>Olmaz m\u0131?<\/p>\n\n\n\n<p>Bu i\u015fler Avrupa da neden yok, ya da neden bu kadar yayg\u0131n de\u011fil?<\/p>\n\n\n\n<p>Oralarda yok \u00e7\u00fcnk\u00fc oralarda kanunlar \u00e7ok keskin ve su\u00e7 daha i\u015flenmeden tedbirler al\u0131n\u0131yor..<\/p>\n\n\n\n<p>Soka\u011fa t\u00fck\u00fcrmenin ,sigara izmariti atman\u0131n bile su\u00e7 olup da an\u0131nda cezaland\u0131r\u0131ld\u0131\u011f\u0131 \u00fclkelerde r\u00fc\u015fvete uzanmak, r\u00fc\u015fvet yemek i\u00e7in mangaldan b\u00fcy\u00fck y\u00fcre\u011fe sahip olmak gerekir ki \u00f6yle bir y\u00fcrek de hi\u00e7 bir insanda yok..<\/p>\n\n\n\n<p>Siyasete ba\u015flarken,ba\u015fkan yada meclis \u00fcyesi aday\u0131 , milletvekili aday\u0131 olmak i\u00e7in yola \u00e7\u0131karken istenilen paralar, ad\u0131 partiye ba\u011f\u0131\u015f olsa da r\u00fc\u015fvet kabul edilmiyorsa ,bu i\u015f \u00e7ok zor \u00f6nlenir..<\/p>\n\n\n\n<p>Paras\u0131 olmayan, a\u011fz\u0131 ile ku\u015f tutsa aday bile olam\u0131yorsa , siyaset zenginlerin i\u015fi ,mesle\u011fi olmu\u015f demektir..<\/p>\n\n\n\n<p>S\u0131radan bir belediye meclis \u00fcyeli\u011fi i\u00e7in benden y\u0131llar \u00f6nce on milyon istenirken,\u00e7\u0131kar\u0131rs\u0131n hocam ..denilirken; buralar\u0131n adeta bir r\u00fc\u015fvet bah\u00e7esi, r\u00fc\u015fvet cenneti oldu\u011funu s\u00f6ylemi\u015flerdi bana..<\/p>\n\n\n\n<p>K\u00fc\u00e7\u00fcc\u00fck bir yap\u0131 kooperatifi Y\u00f6netim kuruluna se\u00e7ilenlerden istenilen mal beyan\u0131 belediye ba\u015fkanlar\u0131ndan milletvekillerinden bakanlardan ba\u015fbakanlardan Cumhur ba\u015fkanlar\u0131ndan istenmiyor mu acaba?<\/p>\n\n\n\n<p>Nasreddin hoca\u2019n\u0131n bir ci\u011fer u\u011fruna tart\u0131p da hesap sordu\u011fu kedi gibi , devletin herhangi bir yerinde g\u00f6rev yapanlar tart\u0131lmad\u0131\u011f\u0131 s\u00fcrece ; a\u011fam sen bu kadar serveti nereden elde ettin,bir hesap ver, bunun hesab\u0131n\u0131 ver bakal\u0131m..denilmedik\u00e7e ,bu benden,o rakip partiden..denildik\u00e7e bu i\u015flerin \u00f6nlenmesi asla m\u00fcmk\u00fcn de\u011fildir..<\/p>\n\n\n\n<p>Bir hilal u\u011fruna ya rab ne g\u00fcne\u015fler bat\u0131yor..<\/p>\n\n\n\n<p>Bir belediye ba\u015fkanl\u0131\u011f\u0131,bir milletvekilli\u011fi i\u00e7in ya rab ne servetler harcan\u0131yor..<\/p>\n\n\n\n<p>Etraf\u0131m\u0131za bir bakal\u0131m, hem de \u00e7ok dikkatli olarak bakal\u0131m, belediye ba\u015fkan\u0131, milletvekili olmak i\u00e7in yola \u00e7\u0131kan, \u00e7\u0131k\u0131p da bu u\u011furda, daha yolun ba\u015f\u0131nda say\u0131s\u0131z para harcayanlar\u0131n, hayal ettikleri ba\u015fkanl\u0131\u011f\u0131n\u0131, milletvekilli\u011fini kazanamay\u0131nca d\u00fc\u015ft\u00fckleri duruma, u\u011frad\u0131klar\u0131 hayal k\u0131r\u0131kl\u0131\u011f\u0131na, kaybettikleri servetlere hi\u00e7 dikkat ettiniz mi?<\/p>\n\n\n\n<p>Bu u\u011fran\u0131lan hayal k\u0131r\u0131kl\u0131klar\u0131, kaybedilen paralar s\u0131rf bu memlekete&nbsp; ile ,il\u00e7eye hizmet etmek i\u00e7in mi zannediyorsunuz?<\/p>\n\n\n\n<p>Sevdi\u011fim bir arkada\u015f\u0131m\u0131n dedi\u011fi gibi,bu il\u00e7eye,bu memlekete hizmet sadece belediye ba\u015fkan\u0131, milletvekili olarak m\u0131 yap\u0131l\u0131r?<\/p>\n\n\n\n<p>\u00d6yle olmad\u0131\u011f\u0131n\u0131 herkes gibi o hayalleri kuranlar,o say\u0131s\u0131z serveti harcayanlar da bilir ama onlar en \u00e7ok da ; en iyi paran\u0131n e\u011fer kazan\u0131rlarsa , belediye ba\u015fkanl\u0131klar\u0131nda, milletvekilliklerde kazan\u0131l\u0131p elde edilece\u011fini zanneder ,hesaplarlar..<\/p>\n\n\n\n<p>Evde ki hesab\u0131n \u00e7ar\u015f\u0131ya uymad\u0131\u011f\u0131n\u0131 \u00f6\u011frendiklerinde i\u015f i\u015ften ge\u00e7mi\u015f olur ne yaz\u0131k ki.. Kal\u0131n sa\u011fl\u0131cakla..<\/p>\n","protected":false},"excerpt":{"rendered":"<p>T\u00fcrkiye de \u00f6zellikle son bir y\u0131lda,belki de Cumhuriyet tarihinde ya\u015fanmam\u0131\u015f olaylar ya\u015fan\u0131r oldu.. Belediyelere art arda yap\u0131lan operasyonlarda y\u00fczlerce,hatta binlerce insan, aralar\u0131nda B\u00fcy\u00fck \u015fehir belediye <a href=\"https:\/\/akdenizhaber.com.tr\/index.php\/2026\/04\/30\/evdeki-hesap\/\" class=\"read-more-link\">[more&#8230;]<\/a><\/p>\n","protected":false},"author":2,"featured_media":32586,"comment_status":"open","ping_status":"open","sticky":false,"template":"","format":"standard","meta":{"footnotes":""},"categories":[1,2],"tags":[],"class_list":["post-32848","post","type-post","status-publish","format-standard","has-post-thumbnail","hentry","category-blog","category-gundem"],"_links":{"self":[{"href":"https:\/\/akdenizhaber.com.tr\/index.php\/wp-json\/wp\/v2\/posts\/32848","targetHints":{"allow":["GET"]}}],"collection":[{"href":"https:\/\/akdenizhaber.com.tr\/index.php\/wp-json\/wp\/v2\/posts"}],"about":[{"href":"https:\/\/akdenizhaber.com.tr\/index.php\/wp-json\/wp\/v2\/types\/post"}],"author":[{"embeddable":true,"href":"https:\/\/akdenizhaber.com.tr\/index.php\/wp-json\/wp\/v2\/users\/2"}],"replies":[{"embeddable":true,"href":"https:\/\/akdenizhaber.com.tr\/index.php\/wp-json\/wp\/v2\/comments?post=32848"}],"version-history":[{"count":1,"href":"https:\/\/akdenizhaber.com.tr\/index.php\/wp-json\/wp\/v2\/posts\/32848\/revisions"}],"predecessor-version":[{"id":32850,"href":"https:\/\/akdenizhaber.com.tr\/index.php\/wp-json\/wp\/v2\/posts\/32848\/revisions\/32850"}],"wp:featuredmedia":[{"embeddable":true,"href":"https:\/\/akdenizhaber.com.tr\/index.php\/wp-json\/wp\/v2\/media\/32586"}],"wp:attachment":[{"href":"https:\/\/akdenizhaber.com.tr\/index.php\/wp-json\/wp\/v2\/media?parent=32848"}],"wp:term":[{"taxonomy":"category","embeddable":true,"href":"https:\/\/akdenizhaber.com.tr\/index.php\/wp-json\/wp\/v2\/categories?post=32848"},{"taxonomy":"post_tag","embeddable":true,"href":"https:\/\/akdenizhaber.com.tr\/index.php\/wp-json\/wp\/v2\/tags?post=32848"}],"curies":[{"name":"wp","href":"https:\/\/api.w.org\/{rel}","templated":true}]}}