{"id":32838,"date":"2026-04-30T15:10:41","date_gmt":"2026-04-30T12:10:41","guid":{"rendered":"https:\/\/akdenizhaber.com.tr\/?p=32838"},"modified":"2026-04-30T15:10:42","modified_gmt":"2026-04-30T12:10:42","slug":"zeynel-senol","status":"publish","type":"post","link":"https:\/\/akdenizhaber.com.tr\/index.php\/2026\/04\/30\/zeynel-senol\/","title":{"rendered":"ZEYNEL \u015eENOL.."},"content":{"rendered":"\n<p>Sevab\u0131 ile g\u00fcnah\u0131 ile bir Zeynel \u015eenol geldi ge\u00e7ti Manavgat\u2019tan.<\/p>\n\n\n\n<p>Y\u0131l 1994..Milliyet\u00e7i Hareket Partisinin aday\u0131 Zeynel \u015eenol oluyor..O se\u00e7imlerde ipi ikinci olarak g\u00f6\u011f\u00fcsleyen Zeynel \u015eenol,2937 oy y\u00fczde 18.86 oranla se\u00e7imleri kaybediyor.<\/p>\n\n\n\n<p>\u0130lk s\u0131rada Akay \u015eenel var..CHP aday\u0131 Akay \u015eenel 3264 oyla belediye ba\u015fkan\u0131 oluyor..<\/p>\n\n\n\n<p>Herkes Zeynel \u015eenol\u2019un Manavgat\u2019a k\u00fcs\u00fcp Ankara\u2019da i\u015fine devam edece\u011fini beklerken se\u00e7im kaybetti\u011fi g\u00fcnden bir dahaki se\u00e7imlere kadar karargah kuruyor Manavgat\u2019a..<\/p>\n\n\n\n<figure class=\"wp-block-image size-large\"><img loading=\"lazy\" decoding=\"async\" width=\"1024\" height=\"576\" src=\"https:\/\/akdenizhaber.com.tr\/wp-content\/uploads\/2026\/04\/zeynel-senol-1024x576.jpg\" alt=\"\" class=\"wp-image-32839\" srcset=\"https:\/\/akdenizhaber.com.tr\/wp-content\/uploads\/2026\/04\/zeynel-senol-1024x576.jpg 1024w, https:\/\/akdenizhaber.com.tr\/wp-content\/uploads\/2026\/04\/zeynel-senol-300x169.jpg 300w, https:\/\/akdenizhaber.com.tr\/wp-content\/uploads\/2026\/04\/zeynel-senol-768x432.jpg 768w, https:\/\/akdenizhaber.com.tr\/wp-content\/uploads\/2026\/04\/zeynel-senol-1536x864.jpg 1536w, https:\/\/akdenizhaber.com.tr\/wp-content\/uploads\/2026\/04\/zeynel-senol.jpg 2015w\" sizes=\"auto, (max-width: 1024px) 100vw, 1024px\" \/><\/figure>\n\n\n\n<p>Kent i\u00e7i..Mahalle..K\u00f6y fark etmiyor\u2026Be\u015f y\u0131l s\u0131kmad\u0131\u011f\u0131 el,kucaklamad\u0131\u011f\u0131 insan kalm\u0131yor Manavgat\u2019ta..<\/p>\n\n\n\n<p>Bir geliyor..Bir daha geliyor pes yok ya\u015fam\u0131nda\u2026<\/p>\n\n\n\n<p>1999 y\u0131l\u0131 se\u00e7imlerine dek akl\u0131na koymu\u015f bir kez belediye ba\u015fkan\u0131 olacak\u2026<\/p>\n\n\n\n<p>33 y\u0131l Manavgat Belediye&#8217;sine hizmet vermi\u015f bir baban\u0131n o\u011flu olan Zeynel \u015eenol, ayn\u0131 \u015fevk ve heyecan i\u00e7inde hi\u00e7 se\u00e7im kaybetmemi\u015f\u00e7esine Manavgat\u2019\u0131 bo\u015f b\u0131rakm\u0131yor\u2026<\/p>\n\n\n\n<p>Ve; 1999 y\u0131l\u0131 se\u00e7imleri geliyor..Y\u00fczde 47 ve 9351 oy ile hayalini kurdu\u011fu,y\u00fcre\u011finde ya\u015fatt\u0131\u011f\u0131 Manavgat Belediyesi ba\u015fkanl\u0131k koltu\u011funa oturuyor Zeynel \u015eenol..<\/p>\n\n\n\n<p>\u0130lk d\u00f6neminde Manavgat\u2019\u0131n iki yakas\u0131n\u0131 bir araya getiren ara\u00e7 k\u00f6pr\u00fcs\u00fcn\u00fc Manavgatl\u0131n\u0131n hizmetine sunuyor..Hala binlerce insan g\u00fcnl\u00fck o k\u00f6pr\u00fcden gelip ge\u00e7erken dualar yolluyorlar Zeynel \u015eenol\u2019a..<\/p>\n\n\n\n<p>\u0130lk be\u015f y\u0131l\u0131nda g\u00f6zle g\u00f6r\u00fcl\u00fcr,g\u00f6r\u00fcnmez bir\u00e7ok hizmete imza at\u0131yor..<\/p>\n\n\n\n<p>Bu arada seveni oluyor..Sevmeyeni..<\/p>\n\n\n\n<p>\u00c7ekeni oluyor..\u00c7ekemeyeni\u2026<\/p>\n\n\n\n<p>\u00c7ok yak\u0131ndan tan\u0131d\u0131\u011f\u0131m siyasi d\u00fc\u015f\u00fcncelerimizin ayr\u0131 olmas\u0131na kar\u015f\u0131n Manavgat yerel bas\u0131n\u0131na duydu\u011fu \u00f6zel ilgi ve destekten dolay\u0131 bir\u00e7ok \u015feyi payla\u015ft\u0131\u011f\u0131m de\u011ferli dostum rahmetli Zeynel \u015eenol\u2019un damar\u0131na bast\u0131klar\u0131nda..<\/p>\n\n\n\n<p>\u0130lk s\u00f6ylemi \u201cLAGA-LUGA\u201d yapma olurdu..<\/p>\n\n\n\n<p>\u00c7ok s\u00f6ylerdi bu kelimeyi..Aleyhinde konu\u015fanlara\u2026Kendisini bo\u015f laflarla ele\u015ftirenlere kar\u015f\u0131n kulland\u0131\u011f\u0131 bu s\u00f6ylem belediye ba\u015fkanl\u0131\u011f\u0131 d\u00f6nemde onun yol arkada\u015f\u0131 oldu..<\/p>\n\n\n\n<p>G\u00fcler y\u00fcz\u00fc,engin y\u00fcre\u011fi..Bitmez t\u00fckenmez Manavgat sevdas\u0131 ile Manavgat\u2019tan koca y\u00fcrekli..Kocaman bir Y\u00f6r\u00fck gelip ge\u00e7ti..<\/p>\n\n\n\n<p>Ayn\u0131 ya\u015f akrand\u0131k..Dedi\u011fim gibi siyasi d\u00fc\u015f\u00fcncelerimiz ayr\u0131 da olsa bunald\u0131\u011f\u0131nda gazetemize gelir sohbet ederdik..<\/p>\n\n\n\n<p>Zeynel \u015eenol\u2019un belediye ba\u015fkanl\u0131\u011f\u0131ndan sonra Manavgat belediyesine gelen t\u00fcm ba\u015fkanlar ne yaz\u0131k ki;halende devam eden bir yerel bas\u0131n fobisine sahip oldular..Zeynel \u015eenol\u2019un hi\u00e7 siyasi ay\u0131r\u0131m yapmadan destek oldu\u011fu Manavgat\u2019\u0131n yerel bas\u0131n\u0131na destek olmay\u0131 b\u0131rak\u0131n selam vermekten bile korkar hale geldiler..<\/p>\n\n\n\n<p>Seni arayaca\u011f\u0131z sevgili dost..Sen y\u00fcre\u011fi g\u00fczel..Manavgat sevdal\u0131s\u0131 olarak ya\u015fayacaks\u0131n Manavgat\u2019ta..<\/p>\n\n\n\n<p>Kim ne derse desin bir Zeynel \u015eenol gelip ge\u00e7ti bu kent\u2019ten denilecek..<\/p>\n\n\n\n<p>Zeynel \u015eenol k\u00f6pr\u00fcs\u00fcnden ge\u00e7en her ki\u015fi sana y\u00fcrek dolusu dualar ve Fatihalar yollamaya devam edecek..<\/p>\n\n\n\n<p>Allah rahmet eylesin g\u00fczel insan..Mekan\u0131n cennet olsun..<\/p>\n\n\n\n<p>Sevenlerine ba\u015fsa\u011fl\u0131\u011f\u0131 ve sab\u0131rlar diliyorum.<\/p>\n\n\n\n<p>Haydi,kal\u0131n sa\u011fl\u0131cakla.<\/p>\n\n\n\n<p>Her \u015fey y\u00fcre\u011finize g\u00f6re olsun\u2026<\/p>\n","protected":false},"excerpt":{"rendered":"<p>Sevab\u0131 ile g\u00fcnah\u0131 ile bir Zeynel \u015eenol geldi ge\u00e7ti Manavgat\u2019tan. Y\u0131l 1994..Milliyet\u00e7i Hareket Partisinin aday\u0131 Zeynel \u015eenol oluyor..O se\u00e7imlerde ipi ikinci olarak g\u00f6\u011f\u00fcsleyen Zeynel \u015eenol,2937 <a href=\"https:\/\/akdenizhaber.com.tr\/index.php\/2026\/04\/30\/zeynel-senol\/\" class=\"read-more-link\">[more&#8230;]<\/a><\/p>\n","protected":false},"author":2,"featured_media":32045,"comment_status":"open","ping_status":"open","sticky":false,"template":"","format":"standard","meta":{"footnotes":""},"categories":[1,2],"tags":[],"class_list":["post-32838","post","type-post","status-publish","format-standard","has-post-thumbnail","hentry","category-blog","category-gundem"],"_links":{"self":[{"href":"https:\/\/akdenizhaber.com.tr\/index.php\/wp-json\/wp\/v2\/posts\/32838","targetHints":{"allow":["GET"]}}],"collection":[{"href":"https:\/\/akdenizhaber.com.tr\/index.php\/wp-json\/wp\/v2\/posts"}],"about":[{"href":"https:\/\/akdenizhaber.com.tr\/index.php\/wp-json\/wp\/v2\/types\/post"}],"author":[{"embeddable":true,"href":"https:\/\/akdenizhaber.com.tr\/index.php\/wp-json\/wp\/v2\/users\/2"}],"replies":[{"embeddable":true,"href":"https:\/\/akdenizhaber.com.tr\/index.php\/wp-json\/wp\/v2\/comments?post=32838"}],"version-history":[{"count":1,"href":"https:\/\/akdenizhaber.com.tr\/index.php\/wp-json\/wp\/v2\/posts\/32838\/revisions"}],"predecessor-version":[{"id":32840,"href":"https:\/\/akdenizhaber.com.tr\/index.php\/wp-json\/wp\/v2\/posts\/32838\/revisions\/32840"}],"wp:featuredmedia":[{"embeddable":true,"href":"https:\/\/akdenizhaber.com.tr\/index.php\/wp-json\/wp\/v2\/media\/32045"}],"wp:attachment":[{"href":"https:\/\/akdenizhaber.com.tr\/index.php\/wp-json\/wp\/v2\/media?parent=32838"}],"wp:term":[{"taxonomy":"category","embeddable":true,"href":"https:\/\/akdenizhaber.com.tr\/index.php\/wp-json\/wp\/v2\/categories?post=32838"},{"taxonomy":"post_tag","embeddable":true,"href":"https:\/\/akdenizhaber.com.tr\/index.php\/wp-json\/wp\/v2\/tags?post=32838"}],"curies":[{"name":"wp","href":"https:\/\/api.w.org\/{rel}","templated":true}]}}