{"id":32835,"date":"2026-04-27T17:32:01","date_gmt":"2026-04-27T14:32:01","guid":{"rendered":"https:\/\/akdenizhaber.com.tr\/?p=32835"},"modified":"2026-04-27T17:32:02","modified_gmt":"2026-04-27T14:32:02","slug":"matso-standi-yorex-fuarinin-yildizi-oldu","status":"publish","type":"post","link":"https:\/\/akdenizhaber.com.tr\/index.php\/2026\/04\/27\/matso-standi-yorex-fuarinin-yildizi-oldu\/","title":{"rendered":"MATSO STANDI, Y\u00d6REX FUARI\u2019NIN YILDIZI OLDU"},"content":{"rendered":"\n<p><strong>MATSO, Antalya\u2019da bu y\u0131l 14\u2019\u00fcnc\u00fcs\u00fc d\u00fczenlenen Y\u00d6REX\u2019te a\u00e7t\u0131\u011f\u0131 stantla tasar\u0131m\u0131 ve Manavgat\u2019\u0131n zengin y\u00f6resel \u00fcr\u00fcnlerini tan\u0131t\u0131m\u0131yla fuar\u0131n y\u0131ld\u0131z\u0131 oldu. Stand, Y\u00d6REX\u2019in en yo\u011fun ilgi g\u00f6ren stantlar\u0131ndan biri olarak ziyaret\u00e7ilerin ak\u0131n\u0131na u\u011frad\u0131.<\/strong><strong><\/strong><\/p>\n\n\n\n<p><strong>Antalya Ticaret Borsas\u0131 \u00f6nc\u00fcl\u00fc\u011f\u00fcnde, T\u00fcrkiye Odalar ve Borsalar Birli\u011fi\u2019nin (TOBB) deste\u011fiyle Antalya ANFA\u015e Fuar ve Kongre Merkezi\u2019nde 22-26 Nisan tarihleri aras\u0131nda d\u00fczenlenen Y\u00f6resel \u00dcr\u00fcnler Fuar\u0131 (Y\u00d6REX), 81 ilden oda ve borsalar\u0131n kat\u0131l\u0131m\u0131yla kap\u0131lar\u0131n\u0131 a\u00e7t\u0131. T\u00fcrkiye Odalar ve Borsalar Birli\u011fi deste\u011fiyle ger\u00e7ekle\u015ftirilen fuar\u0131n resmi a\u00e7\u0131l\u0131\u015f\u0131, Antalya Valisi Sn. Hulusi \u015eAH\u0130N ile TOBB ve D\u00fcnya Odalar Federasyonu Ba\u015fkan\u0131 Sn. Rifat H\u0130SARCIKLIO\u011eLU\u2019nun kat\u0131l\u0131m\u0131yla yap\u0131ld\u0131.<\/strong><strong><\/strong><\/p>\n\n\n\n<p><strong>520 kat\u0131l\u0131mc\u0131n\u0131n yer ald\u0131\u011f\u0131 organizasyonda, MATSO stand\u0131 estetik tasar\u0131m\u0131 ve \u00fcr\u00fcn \u00e7e\u015fitlili\u011fiyle yo\u011fun ilgi g\u00f6rd\u00fc. Ziyaret\u00e7i ak\u0131n\u0131na u\u011frayan stant, fuar\u0131n en dikkat \u00e7eken b\u00f6l\u00fcmleri aras\u0131nda yer ald\u0131. ANFA\u015e Fuar ve Kongre Merkezi ev sahipli\u011finde ger\u00e7ekle\u015fen Y\u00d6REX, y\u00f6resel \u00fcr\u00fcnlerin tan\u0131t\u0131m\u0131 ve markala\u015fmas\u0131na katk\u0131 sunan \u00f6nemli bir bulu\u015fma noktas\u0131 oldu.<\/strong><strong><\/strong><\/p>\n\n\n\n<p><strong>FUARIN YILDIZI MATSO STANDI<\/strong><strong><\/strong><\/p>\n\n\n\n<p><strong>Fuarda MATSO stand\u0131; \u015f\u0131k tasar\u0131m\u0131, g\u00fc\u00e7l\u00fc g\u00f6rselli\u011fi, ziyaret\u00e7iyi i\u00e7ine \u00e7eken konsepti ve zengin \u00fcr\u00fcn \u00e7e\u015fitlili\u011fiyle fuar\u0131n y\u0131ld\u0131z\u0131 oldu. Anadolu\u2019nun d\u00f6rt bir yan\u0131ndan gelen y\u00f6resel de\u011ferlerin Antalya\u2019da bulu\u015ftu\u011fu bu \u00f6nemli organizasyonda, MATSO\u2019nun stand\u0131 adeta ilgi oda\u011f\u0131na d\u00f6n\u00fc\u015ft\u00fc. Stand\u0131n \u00f6n\u00fcnde g\u00fcn boyu s\u00fcren ziyaret\u00e7i yo\u011funlu\u011fu, MATSO\u2019nun haz\u0131rl\u0131k s\u00fcrecindeki titizli\u011fini ve Manavgat \u00fcr\u00fcnlerinin g\u00f6rd\u00fc\u011f\u00fc ilgiyi g\u00f6zler \u00f6n\u00fcne serdi.<\/strong><strong><\/strong><\/p>\n\n\n\n<p><strong>MATSO Ba\u015fkan\u0131 Sn. Seydi Tahsin G\u00dcNG\u00d6R, Meclis Ba\u015fkan\u0131 Sn. Sedat \u00d6Z, y\u00f6netim kurulu, meclis, komite \u00fcyeleri, <\/strong>kad\u0131n ve gen\u00e7 giri\u015fimciler Kurulu \u00dcyeleri <strong>fuar boyunca stantta ziyaret\u00e7ileri a\u011f\u0131rlad\u0131. Manavgat\u2019\u0131n y\u00f6resel zenginliklerini \u00f6n plana \u00e7\u0131karan MATSO stand\u0131; b\u00fcrokrasi, siyaset ve i\u015f d\u00fcnyas\u0131 temsilcileri ile bas\u0131n mensuplar\u0131 ve vatanda\u015flar\u0131n u\u011frak noktas\u0131 oldu. Stand\u0131 ziyaret eden misafirler, hem sergilenen \u00fcr\u00fcnlerin kalitesine hem de stand\u0131n estetik b\u00fct\u00fcnl\u00fc\u011f\u00fcne hayran kald\u0131. MATSO stand\u0131, yaln\u0131zca bir tan\u0131t\u0131m alan\u0131 de\u011fil, Manavgat\u2019\u0131n \u00fcretim g\u00fcc\u00fcn\u00fc, bereketini ve marka de\u011ferini yans\u0131tan \u00f6rnek bir vitrin olarak takdir toplad\u0131.<\/strong><strong><\/strong><\/p>\n\n\n\n<p><strong>\u201cMANAVGAT\u2019IN EN \u0130Y\u0130LER\u0130\u201d<\/strong><strong><\/strong><\/p>\n\n\n\n<p><strong>MATSO Ba\u015fkan\u0131 Sn. Seydi Tahsin G\u00dcNG\u00d6R, fuarda \u201cManavgat\u2019\u0131n En \u0130yileri\u201d mottosuyla yer ald\u0131klar\u0131n\u0131 belirterek, Manavgat\u2019\u0131n kendine \u00f6zg\u00fc aromas\u0131, kalitesi ve do\u011fall\u0131\u011f\u0131yla \u00f6ne \u00e7\u0131kan \u00fcr\u00fcnlerini ziyaret\u00e7ilere tan\u0131tt\u0131klar\u0131n\u0131 ve tad\u0131m yapt\u0131rd\u0131klar\u0131n\u0131 ifade etti.<\/strong><strong><\/strong><\/p>\n\n\n\n<p><strong>Ba\u015fkan G\u00dcNG\u00d6R, \u201cManavgat\u2019\u0131n bereketli topraklar\u0131nda yeti\u015fen; eme\u011fin, do\u011fall\u0131\u011f\u0131n ve k\u00fclt\u00fcr\u00fcm\u00fcz\u00fcn yans\u0131mas\u0131 olan yerel \u00fcr\u00fcnlerimizi, \u2018Manavgat\u2019\u0131n En \u0130yileri\u2019 mottosuyla haz\u0131rlad\u0131\u011f\u0131m\u0131z stand\u0131m\u0131zda tan\u0131tman\u0131n heyecan\u0131n\u0131 ya\u015fad\u0131k. Manavgat\u2019\u0131n \u00fcretim potansiyelini, tar\u0131msal zenginli\u011fini ve y\u00f6resel de\u011ferlerini en g\u00fc\u00e7l\u00fc \u015fekilde ziyaret\u00e7ilerimizle bulu\u015fturduk.\u201d dedi.<\/strong><strong><\/strong><\/p>\n\n\n\n<p><strong>18 FARKLI \u00dcR\u00dcN TANITILDI<\/strong><strong><\/strong><\/p>\n\n\n\n<p><strong>Fuarda; ba\u015fta co\u011frafi i\u015faretli Manavgat Alt\u0131n Susam\u0131 olmak \u00fczere Alt\u0131n Susam Ya\u011f\u0131, zeytinya\u011f\u0131, tahin, yer f\u0131st\u0131\u011f\u0131, defne, ke\u00e7iboynuzu ve \u00fcr\u00fcnleri, \u00e7ivdirdik, muz, \u00e7ilek, avokado, nar, karpuz, yaban mersini, portakal ve limon olmak \u00fczere 18 farkl\u0131 \u00fcr\u00fcn tan\u0131t\u0131ld\u0131. Sn. G\u00dcNG\u00d6R, \u201cY\u00f6resel \u00fcr\u00fcnlerimizin daha geni\u015f pazarlara ula\u015fmas\u0131 ve \u00fcreticimizin eme\u011finin kar\u015f\u0131l\u0131k bulmas\u0131 ad\u0131na Y\u00d6REX gibi organizasyonlar\u0131 \u00e7ok de\u011ferli buluyoruz\u201d dedi.<\/strong><strong><\/strong><\/p>\n\n\n\n<p><strong>Y\u00d6RESEL \u00dcR\u00dcNLER EKONOM\u0130YE KAZANDIRILIYOR<\/strong><strong><\/strong><\/p>\n\n\n\n<p><strong>Tan\u0131t\u0131m faaliyetlerine de\u011finen Sn. G\u00dcNG\u00d6R, Y\u00d6REX\u2019in y\u00f6resel \u00fcr\u00fcnlerin markala\u015fmas\u0131 ve ekonomiye kazand\u0131r\u0131lmas\u0131 a\u00e7\u0131s\u0131ndan \u00f6nemli bir platform oldu\u011funu belirtti. Fuar\u0131n, \u00fcr\u00fcnlerin daha geni\u015f pazarlara ula\u015fmas\u0131na katk\u0131 sa\u011flad\u0131\u011f\u0131n\u0131 ifade eden G\u00dcNG\u00d6R, bu t\u00fcr organizasyonlarda yer almay\u0131 s\u00fcrd\u00fcreceklerini ve Manavgat\u2019\u0131n y\u00f6resel de\u011ferlerini tan\u0131tmaya devam edeceklerini kaydetti.<\/strong><strong><\/strong><\/p>\n\n\n\n<p><strong>Y\u00d6REX\u2019in ayn\u0131 zamanda i\u015f birliklerinin geli\u015fmesine zemin haz\u0131rlad\u0131\u011f\u0131n\u0131 vurgulayan Sn. G\u00dcNG\u00d6R, \u201c\u00dcreticilerimizin eme\u011finin g\u00f6r\u00fcn\u00fcr hale geldi\u011fi ve yeni i\u015f birliklerinin kuruldu\u011fu \u00f6nemli bir bulu\u015fma noktas\u0131d\u0131r\u201d dedi.<\/strong><strong><\/strong><\/p>\n\n\n\n<p><strong>MANAVGAT, Y\u00d6REX\u2019TE B\u0130RL\u0130K VE DAYANI\u015eMANIN G\u00dcC\u00dc OLDU<\/strong><strong><\/strong><\/p>\n\n\n\n<p><strong>MATSO Y\u00d6REX\u2019te a\u00e7t\u0131\u011f\u0131 stantta Manavgat\u2019\u0131n birle\u015ftirici g\u00fcc\u00fc olarak kentin birlik ve beraberli\u011fin en g\u00fczel \u00f6rneklerinden birini sergiledi. <\/strong><strong><\/strong><\/p>\n\n\n\n<p>MATSO, a\u00e7t\u0131\u011f\u0131 stantla Manavgat\u2019\u0131n sadece \u00fcretim g\u00fcc\u00fcn\u00fc de\u011fil, ayn\u0131 zamanda birlik ve beraberlik ruhunu da ortaya koydu. <strong>Manavgat, birlik ve beraberli\u011fin en g\u00fczel \u00f6rneklerinden birini sergiledi. T\u00fcm sivil toplum kurulu\u015flar\u0131, birlikler, dernekler ve siyasi partilerin bir araya geldi\u011fi etkinlikte<\/strong> Manavgat, g\u00fc\u00e7l\u00fc bir dayan\u0131\u015fma \u00f6rne\u011fi sergiledi.<\/p>\n\n\n\n<p>MATSO\u2019nun koordinasyonunda ortaya \u00e7\u0131kan bu birliktelik, Manavgat\u2019\u0131n sadece ekonomik potansiyeliyle de\u011fil, ayn\u0131 zamanda sosyal uyumu ve ortak vizyonuyla da g\u00fc\u00e7l\u00fc bir \u015fehir kimli\u011fi sergiledi\u011fini g\u00f6sterdi.<strong><\/strong><\/p>\n\n\n\n<p><strong>BA\u015eKAN G\u00dcNG\u00d6R, TE\u015eEKK\u00dcR ETT\u0130<\/strong><strong><\/strong><\/p>\n\n\n\n<p><strong>MATSO stand\u0131n\u0131 ziyaret eden herkese te\u015fekk\u00fcr eden Ba\u015fkan G\u00fcng\u00f6r, \u201cFuar s\u00fcresince stand\u0131m\u0131za yo\u011fun ilgi ve destek g\u00f6stererek bizleri ziyaret eden t\u00fcm misafirlerimize, \u00fcyelerimize ve vatanda\u015flar\u0131m\u0131za te\u015fekk\u00fcr ederiz. Manavgat\u2019\u0131n \u00fcretim g\u00fcc\u00fcn\u00fc, bereketini ve e\u015fsiz y\u00f6resel zenginliklerini en iyi \u015fekilde tan\u0131tma f\u0131rsat\u0131 buldu\u011fumuz bu \u00f6nemli organizasyonda g\u00f6rd\u00fc\u011f\u00fcm\u00fcz ilgi bizleri son derece memnun etmi\u015ftir. Stand\u0131m\u0131za g\u00f6sterilen bu b\u00fcy\u00fck ilgi, do\u011fru bir tan\u0131t\u0131m vizyonuyla hareket etti\u011fimizin en g\u00fc\u00e7l\u00fc g\u00f6stergesi olmu\u015ftur.\u201d ifadelerini kulland\u0131.<\/strong><strong><\/strong><\/p>\n\n\n\n<p><strong>Haber Merkezi<\/strong><\/p>\n","protected":false},"excerpt":{"rendered":"<p>MATSO, Antalya\u2019da bu y\u0131l 14\u2019\u00fcnc\u00fcs\u00fc d\u00fczenlenen Y\u00d6REX\u2019te a\u00e7t\u0131\u011f\u0131 stantla tasar\u0131m\u0131 ve Manavgat\u2019\u0131n zengin y\u00f6resel \u00fcr\u00fcnlerini tan\u0131t\u0131m\u0131yla fuar\u0131n y\u0131ld\u0131z\u0131 oldu. Stand, Y\u00d6REX\u2019in en yo\u011fun ilgi g\u00f6ren <a href=\"https:\/\/akdenizhaber.com.tr\/index.php\/2026\/04\/27\/matso-standi-yorex-fuarinin-yildizi-oldu\/\" class=\"read-more-link\">[more&#8230;]<\/a><\/p>\n","protected":false},"author":2,"featured_media":32836,"comment_status":"open","ping_status":"open","sticky":false,"template":"","format":"standard","meta":{"footnotes":""},"categories":[2],"tags":[],"class_list":["post-32835","post","type-post","status-publish","format-standard","has-post-thumbnail","hentry","category-gundem"],"_links":{"self":[{"href":"https:\/\/akdenizhaber.com.tr\/index.php\/wp-json\/wp\/v2\/posts\/32835","targetHints":{"allow":["GET"]}}],"collection":[{"href":"https:\/\/akdenizhaber.com.tr\/index.php\/wp-json\/wp\/v2\/posts"}],"about":[{"href":"https:\/\/akdenizhaber.com.tr\/index.php\/wp-json\/wp\/v2\/types\/post"}],"author":[{"embeddable":true,"href":"https:\/\/akdenizhaber.com.tr\/index.php\/wp-json\/wp\/v2\/users\/2"}],"replies":[{"embeddable":true,"href":"https:\/\/akdenizhaber.com.tr\/index.php\/wp-json\/wp\/v2\/comments?post=32835"}],"version-history":[{"count":1,"href":"https:\/\/akdenizhaber.com.tr\/index.php\/wp-json\/wp\/v2\/posts\/32835\/revisions"}],"predecessor-version":[{"id":32837,"href":"https:\/\/akdenizhaber.com.tr\/index.php\/wp-json\/wp\/v2\/posts\/32835\/revisions\/32837"}],"wp:featuredmedia":[{"embeddable":true,"href":"https:\/\/akdenizhaber.com.tr\/index.php\/wp-json\/wp\/v2\/media\/32836"}],"wp:attachment":[{"href":"https:\/\/akdenizhaber.com.tr\/index.php\/wp-json\/wp\/v2\/media?parent=32835"}],"wp:term":[{"taxonomy":"category","embeddable":true,"href":"https:\/\/akdenizhaber.com.tr\/index.php\/wp-json\/wp\/v2\/categories?post=32835"},{"taxonomy":"post_tag","embeddable":true,"href":"https:\/\/akdenizhaber.com.tr\/index.php\/wp-json\/wp\/v2\/tags?post=32835"}],"curies":[{"name":"wp","href":"https:\/\/api.w.org\/{rel}","templated":true}]}}