{"id":32832,"date":"2026-04-27T17:31:08","date_gmt":"2026-04-27T14:31:08","guid":{"rendered":"https:\/\/akdenizhaber.com.tr\/?p=32832"},"modified":"2026-04-27T17:31:09","modified_gmt":"2026-04-27T14:31:09","slug":"eskisehirden-antalyanin-ustalarina-buyuk-vefa","status":"publish","type":"post","link":"https:\/\/akdenizhaber.com.tr\/index.php\/2026\/04\/27\/eskisehirden-antalyanin-ustalarina-buyuk-vefa\/","title":{"rendered":"ESK\u0130\u015eEH\u0130R\u2019DEN ANTALYA\u2019NIN \u2018USTA\u2019LARINA B\u00dcY\u00dcK VEFA!"},"content":{"rendered":"\n<p>Eski\u015fehir Gazeteciler Cemiyeti\u2019nin 75. kurulu\u015f y\u0131l\u0131 kutlamalar\u0131na Antalyal\u0131 gazeteciler damga vurdu. Meslekte 50 y\u0131l\u0131 geride b\u0131rakan duayen isimlere, T\u00fcrk bas\u0131n\u0131na sunduklar\u0131 yar\u0131m as\u0131rl\u0131k katk\u0131 nedeniyle \u201cOnur Belgesi\u201d verildi.<\/p>\n\n\n\n<p>T\u00fcrk bas\u0131n\u0131n\u0131n k\u00f6kl\u00fc \u00e7\u0131narlar\u0131ndan biri olan Eski\u015fehir Gazeteciler Cemiyeti (EGC), 75. kurulu\u015f y\u0131ld\u00f6n\u00fcm\u00fcn\u00fc muhte\u015fem bir geceyle ta\u00e7land\u0131rd\u0131. \u015eehrin \u00f6nde gelen isimlerinin ve medya mensuplar\u0131n\u0131n kat\u0131ld\u0131\u011f\u0131 t\u00f6rende, as\u0131l gurur kayna\u011f\u0131 meslekte &#8220;alt\u0131n y\u0131llar\u0131n\u0131&#8221; ya\u015fayan ustalar oldu.<\/p>\n\n\n\n<p>Yar\u0131m As\u0131rl\u0131k Emek Onurland\u0131r\u0131ld\u0131<\/p>\n\n\n\n<p>T\u00f6rende, meslek hayatlar\u0131na Eski\u015fehir\u2019de ba\u015flayan ve bug\u00fcn Antalya bas\u0131n\u0131n\u0131n rotas\u0131n\u0131 \u00e7izen \u00fc\u00e7 \u00f6nemli isim k\u00fcrs\u00fcye davet edildi. Gazetecilik etik ilkelerinden \u00f6d\u00fcn vermeden 50 y\u0131l\u0131 deviren;<\/p>\n\n\n\n<p>\u2022Erdo\u011fan Kahya: Kepez Belediye Ba\u015fkan\u0131 Dan\u0131\u015fman\u0131 ve TGF Y\u00fcksek \u0130sti\u015fare Kurulu Ba\u015fkan\u0131,<\/p>\n\n\n\n<p>\u2022\u0130brahim Akkaya: Antalya Bas\u0131n Cemiyeti Ba\u015fkan\u0131,<\/p>\n\n\n\n<p>\u2022H\u00fcseyin Avni Gelendost: Manavgat Gazeteciler ve Yazarlar Cemiyeti Ba\u015fkan\u0131 ve TGF Y\u00f6netim Kurulu \u00dcyesi, sergiledikleri meslek a\u015fk\u0131 ve kararl\u0131l\u0131k nedeniyle onur belgesiyle \u00f6d\u00fcllendirildiler. Belgelerin takdimi s\u0131ras\u0131nda salonda duygusal anlar ya\u015fand\u0131.<\/p>\n\n\n\n<p>60. Y\u0131la Do\u011fru: &#8220;Meslek A\u015fk\u0131 \u0130lk G\u00fcnk\u00fc Gibi&#8221;<\/p>\n\n\n\n<p>Halen aktif olarak cemiyet \u00e7al\u0131\u015fmalar\u0131n\u0131 s\u00fcrd\u00fcren ve gen\u00e7 ku\u015fa\u011fa rehberlik eden \u00fc\u00e7 usta isim, toplamda 150 y\u0131l\u0131 a\u015fan tecr\u00fcbeleriyle ayakta alk\u0131\u015fland\u0131. Meslekte 60. y\u0131llar\u0131na merhaba demeye haz\u0131rlanan duayenler, yapt\u0131klar\u0131 ortak a\u00e7\u0131klamada vefan\u0131n \u00f6nemine dikkat \u00e7ekti.<\/p>\n\n\n\n<p>\u00d6d\u00fcl sonras\u0131 konu\u015fan ustalar, &#8220;Gazetecilik bir ya\u015fam bi\u00e7imidir. Eski\u015fehir\u2019de filizlenen bu sevdan\u0131n, yar\u0131m as\u0131r sonra b\u00f6yle anlaml\u0131 bir gecede ta\u00e7land\u0131r\u0131lmas\u0131 bizler i\u00e7in onurlar\u0131n en b\u00fcy\u00fc\u011f\u00fcd\u00fcr. Bizler mutfaktan yeti\u015ftik, daktilo sesinden dijital d\u00fcnyaya evrilen bu s\u00fcrece tan\u0131kl\u0131k ettik,&#8221; ifadelerini kulland\u0131lar.<\/p>\n\n\n\n<p>Gen\u00e7 Ku\u015fa\u011fa Mesaj: &#8220;Sab\u0131r ve Etik&#8221;<\/p>\n\n\n\n<p>Gen\u00e7 meslekta\u015flar\u0131n\u0131 da unutmayan usta kalemler, mesle\u011fin zorluklar\u0131na ra\u011fmen d\u00fcr\u00fcstl\u00fc\u011f\u00fcn en b\u00fcy\u00fck sermaye oldu\u011funu vurgulad\u0131lar. Kendilerine verilen bu belgelerin asl\u0131nda T\u00fcrk yerel bas\u0131n\u0131n\u0131n g\u00fcc\u00fcn\u00fc temsil etti\u011fini belirterek, &#8220;Dileriz ki bug\u00fcn bayra\u011f\u0131 devralan gen\u00e7 arkada\u015flar\u0131m\u0131z da 50 y\u0131l sonra ayn\u0131 gururla bu sahnelerde yer al\u0131rlar. Yolunuz her zaman hakikat yolu olsun,&#8221; temennisinde bulundular.<\/p>\n\n\n\n<p>B\u0130R VEFA H\u0130KAYES\u0130<\/p>\n\n\n\n<p>Eski\u015fehir Gazeteciler Cemiyeti, bu t\u00f6renle sadece bir kurulu\u015f y\u0131ld\u00f6n\u00fcm\u00fcn\u00fc kutlamakla kalmad\u0131; ayn\u0131 zamanda ba\u011flar\u0131n\u0131 koparmayan, Anadolu bas\u0131n\u0131n\u0131n farkl\u0131 \u015fehirlerinde g\u00f6rev yapsa da &#8220;Eski\u015fehirli olma&#8221; ruhunu koruyan \u00fcyelerine sahip \u00e7\u0131karak \u00f6rnek bir vefa tablosu sergiledi.<\/p>\n\n\n\n<p>B\u00fc\u015fra Deveci \/ Haber<\/p>\n\n\n\n<p><\/p>\n","protected":false},"excerpt":{"rendered":"<p>Eski\u015fehir Gazeteciler Cemiyeti\u2019nin 75. kurulu\u015f y\u0131l\u0131 kutlamalar\u0131na Antalyal\u0131 gazeteciler damga vurdu. Meslekte 50 y\u0131l\u0131 geride b\u0131rakan duayen isimlere, T\u00fcrk bas\u0131n\u0131na sunduklar\u0131 yar\u0131m as\u0131rl\u0131k katk\u0131 nedeniyle <a href=\"https:\/\/akdenizhaber.com.tr\/index.php\/2026\/04\/27\/eskisehirden-antalyanin-ustalarina-buyuk-vefa\/\" class=\"read-more-link\">[more&#8230;]<\/a><\/p>\n","protected":false},"author":2,"featured_media":32833,"comment_status":"open","ping_status":"open","sticky":false,"template":"","format":"standard","meta":{"footnotes":""},"categories":[2],"tags":[],"class_list":["post-32832","post","type-post","status-publish","format-standard","has-post-thumbnail","hentry","category-gundem"],"_links":{"self":[{"href":"https:\/\/akdenizhaber.com.tr\/index.php\/wp-json\/wp\/v2\/posts\/32832","targetHints":{"allow":["GET"]}}],"collection":[{"href":"https:\/\/akdenizhaber.com.tr\/index.php\/wp-json\/wp\/v2\/posts"}],"about":[{"href":"https:\/\/akdenizhaber.com.tr\/index.php\/wp-json\/wp\/v2\/types\/post"}],"author":[{"embeddable":true,"href":"https:\/\/akdenizhaber.com.tr\/index.php\/wp-json\/wp\/v2\/users\/2"}],"replies":[{"embeddable":true,"href":"https:\/\/akdenizhaber.com.tr\/index.php\/wp-json\/wp\/v2\/comments?post=32832"}],"version-history":[{"count":1,"href":"https:\/\/akdenizhaber.com.tr\/index.php\/wp-json\/wp\/v2\/posts\/32832\/revisions"}],"predecessor-version":[{"id":32834,"href":"https:\/\/akdenizhaber.com.tr\/index.php\/wp-json\/wp\/v2\/posts\/32832\/revisions\/32834"}],"wp:featuredmedia":[{"embeddable":true,"href":"https:\/\/akdenizhaber.com.tr\/index.php\/wp-json\/wp\/v2\/media\/32833"}],"wp:attachment":[{"href":"https:\/\/akdenizhaber.com.tr\/index.php\/wp-json\/wp\/v2\/media?parent=32832"}],"wp:term":[{"taxonomy":"category","embeddable":true,"href":"https:\/\/akdenizhaber.com.tr\/index.php\/wp-json\/wp\/v2\/categories?post=32832"},{"taxonomy":"post_tag","embeddable":true,"href":"https:\/\/akdenizhaber.com.tr\/index.php\/wp-json\/wp\/v2\/tags?post=32832"}],"curies":[{"name":"wp","href":"https:\/\/api.w.org\/{rel}","templated":true}]}}