{"id":32828,"date":"2026-04-27T17:30:19","date_gmt":"2026-04-27T14:30:19","guid":{"rendered":"https:\/\/akdenizhaber.com.tr\/?p=32828"},"modified":"2026-04-27T17:30:19","modified_gmt":"2026-04-27T14:30:19","slug":"manavgatta-cumhuriyet-aydinligi-sofrada-bulustu","status":"publish","type":"post","link":"https:\/\/akdenizhaber.com.tr\/index.php\/2026\/04\/27\/manavgatta-cumhuriyet-aydinligi-sofrada-bulustu\/","title":{"rendered":"MANAVGAT\u2019TA CUMHUR\u0130YET AYDINLI\u011eI SOFRADA BULU\u015eTU!"},"content":{"rendered":"\n<p>ADD Manavgat \u015eubesi\u2019nin Geleneksel Kahvalt\u0131s\u0131nda Birlik, Beraberlik ve E\u011fitim Vurgusu \u00d6ne \u00c7\u0131kt\u0131.<\/p>\n\n\n\n<p>Manavgat Atat\u00fcrk\u00e7\u00fc D\u00fc\u015f\u00fcnce Derne\u011fi (ADD) taraf\u0131ndan her y\u0131l geleneksel olarak d\u00fczenlenen &#8220;Birlik ve Beraberlik Kahvalt\u0131s\u0131&#8221;, bu y\u0131l da geni\u015f bir kat\u0131l\u0131mla adeta bir dayan\u0131\u015fma \u015f\u00f6lenine d\u00f6n\u00fc\u015ft\u00fc. Ge\u00e7ti\u011fimiz Pazar g\u00fcn\u00fc Flow Manavgat \u015eelale Tesisleri\u2019nin e\u015fsiz atmosferinde ger\u00e7ekle\u015fen organizasyon, sadece bir sosyal bulu\u015fma de\u011fil, ayn\u0131 zamanda e\u011fitime verilen deste\u011fin simgesi oldu.<\/p>\n\n\n\n<figure class=\"wp-block-image size-full\"><img loading=\"lazy\" decoding=\"async\" width=\"1021\" height=\"664\" src=\"https:\/\/akdenizhaber.com.tr\/wp-content\/uploads\/2026\/04\/80abef73-9563-40fc-a4a2-f8dfa3e6dec8.jpeg\" alt=\"\" class=\"wp-image-32830\" srcset=\"https:\/\/akdenizhaber.com.tr\/wp-content\/uploads\/2026\/04\/80abef73-9563-40fc-a4a2-f8dfa3e6dec8.jpeg 1021w, https:\/\/akdenizhaber.com.tr\/wp-content\/uploads\/2026\/04\/80abef73-9563-40fc-a4a2-f8dfa3e6dec8-300x195.jpeg 300w, https:\/\/akdenizhaber.com.tr\/wp-content\/uploads\/2026\/04\/80abef73-9563-40fc-a4a2-f8dfa3e6dec8-768x499.jpeg 768w\" sizes=\"auto, (max-width: 1021px) 100vw, 1021px\" \/><\/figure>\n\n\n\n<p>Protokol ve Sivil Toplum El Ele<\/p>\n\n\n\n<p>Yo\u011fun ilginin g\u00f6zlendi\u011fi kahvalt\u0131 organizasyonuna; Manavgat Belediye Ba\u015fkan Vekili, b\u00f6lgedeki \u00e7e\u015fitli sivil toplum kurulu\u015flar\u0131n\u0131n temsilcileri, siyasi parti y\u00f6neticileri ve \u00e7ok say\u0131da dernek \u00fcyesi kat\u0131l\u0131m sa\u011flad\u0131. Kat\u0131l\u0131mc\u0131lar, Manavgat \u015eelalesi\u2019nin huzur veren ortam\u0131nda hem fikir al\u0131\u015fveri\u015finde bulundu hem de g\u00fcn\u00fcn anlam ve \u00f6nemine uygun birliktelik mesajlar\u0131 verdi.<\/p>\n\n\n\n<p>Geliri \u00d6\u011frencilere &#8220;Cansuyu&#8221; Olacak<\/p>\n\n\n\n<p>Etkinli\u011fin en dikkat \u00e7eken y\u00f6n\u00fc ise sosyal sorumluluk boyutu oldu. Dernek yetkilileri, kahvalt\u0131dan elde edilen t\u00fcm gelirin, ADD Manavgat \u015eubesi taraf\u0131ndan desteklenen \u00fcniversite ve lise \u00f6\u011frencilerinin burs fonuna aktar\u0131laca\u011f\u0131n\u0131 belirtti. E\u011fitimde f\u0131rsat e\u015fitli\u011fine vurgu yapan bu hamle, kat\u0131l\u0131mc\u0131lardan b\u00fcy\u00fck takdir toplad\u0131.<\/p>\n\n\n\n<p>Ba\u015fkan G\u00fcven: &#8220;Zorlu S\u00fcre\u00e7leri Birlikte A\u015faca\u011f\u0131z&#8221;<\/p>\n\n\n\n<p>Etkinlikte bir konu\u015fma yapan ADD Manavgat \u015eube Ba\u015fkan\u0131 \u00d6mer Faruk G\u00fcven, kat\u0131l\u0131mc\u0131lara hitaben yapt\u0131\u011f\u0131 duygusal te\u015fekk\u00fcr konu\u015fmas\u0131nda \u015fu ifadeleri kulland\u0131:<\/p>\n\n\n\n<p>&#8220;Ya\u015fad\u0131\u011f\u0131m\u0131z bu zorlu d\u00f6nemlerde, birbirimize her zamankinden daha fazla kenetlenmeye, d\u00fcnlerden daha \u00e7ok birlik ve beraberli\u011fe ihtiyac\u0131m\u0131z var. Bizleri bu yolda yaln\u0131z b\u0131rakmayan, \u00f6\u011frencilerimizin e\u011fitim me\u015falesine katk\u0131 sunan t\u00fcm dostlar\u0131m\u0131za y\u00fcrek dolusu te\u015fekk\u00fcr ediyoruz. Sizlerin bu deste\u011fi, ayd\u0131nl\u0131k bir gelecek kurma kararl\u0131l\u0131\u011f\u0131m\u0131z\u0131 peki\u015ftiriyor. \u0130yi ki vars\u0131n\u0131z.&#8221;<\/p>\n\n\n\n<p>Gelenek Gelecekle Bulu\u015fuyor<\/p>\n\n\n\n<p>Organizasyonun sonunda konuklar, \u015eelale Tesisleri&#8217;nin bah\u00e7esinde hat\u0131ra foto\u011fraflar\u0131 \u00e7ektirerek g\u00fcn\u00fc \u00f6l\u00fcms\u00fczle\u015ftirdi. Manavgat ADD y\u00f6netiminin, \u00f6n\u00fcm\u00fczdeki d\u00f6nemde de hem k\u00fclt\u00fcrel hem de e\u011fitime y\u00f6nelik faaliyetlerini art\u0131rarak devam ettirece\u011fi \u00f6\u011frenildi.<\/p>\n\n\n\n<p>B\u00fc\u015fra Deveci \/ Haber<\/p>\n","protected":false},"excerpt":{"rendered":"<p>ADD Manavgat \u015eubesi\u2019nin Geleneksel Kahvalt\u0131s\u0131nda Birlik, Beraberlik ve E\u011fitim Vurgusu \u00d6ne \u00c7\u0131kt\u0131. Manavgat Atat\u00fcrk\u00e7\u00fc D\u00fc\u015f\u00fcnce Derne\u011fi (ADD) taraf\u0131ndan her y\u0131l geleneksel olarak d\u00fczenlenen &#8220;Birlik ve <a href=\"https:\/\/akdenizhaber.com.tr\/index.php\/2026\/04\/27\/manavgatta-cumhuriyet-aydinligi-sofrada-bulustu\/\" class=\"read-more-link\">[more&#8230;]<\/a><\/p>\n","protected":false},"author":2,"featured_media":32829,"comment_status":"open","ping_status":"open","sticky":false,"template":"","format":"standard","meta":{"footnotes":""},"categories":[2],"tags":[],"class_list":["post-32828","post","type-post","status-publish","format-standard","has-post-thumbnail","hentry","category-gundem"],"_links":{"self":[{"href":"https:\/\/akdenizhaber.com.tr\/index.php\/wp-json\/wp\/v2\/posts\/32828","targetHints":{"allow":["GET"]}}],"collection":[{"href":"https:\/\/akdenizhaber.com.tr\/index.php\/wp-json\/wp\/v2\/posts"}],"about":[{"href":"https:\/\/akdenizhaber.com.tr\/index.php\/wp-json\/wp\/v2\/types\/post"}],"author":[{"embeddable":true,"href":"https:\/\/akdenizhaber.com.tr\/index.php\/wp-json\/wp\/v2\/users\/2"}],"replies":[{"embeddable":true,"href":"https:\/\/akdenizhaber.com.tr\/index.php\/wp-json\/wp\/v2\/comments?post=32828"}],"version-history":[{"count":1,"href":"https:\/\/akdenizhaber.com.tr\/index.php\/wp-json\/wp\/v2\/posts\/32828\/revisions"}],"predecessor-version":[{"id":32831,"href":"https:\/\/akdenizhaber.com.tr\/index.php\/wp-json\/wp\/v2\/posts\/32828\/revisions\/32831"}],"wp:featuredmedia":[{"embeddable":true,"href":"https:\/\/akdenizhaber.com.tr\/index.php\/wp-json\/wp\/v2\/media\/32829"}],"wp:attachment":[{"href":"https:\/\/akdenizhaber.com.tr\/index.php\/wp-json\/wp\/v2\/media?parent=32828"}],"wp:term":[{"taxonomy":"category","embeddable":true,"href":"https:\/\/akdenizhaber.com.tr\/index.php\/wp-json\/wp\/v2\/categories?post=32828"},{"taxonomy":"post_tag","embeddable":true,"href":"https:\/\/akdenizhaber.com.tr\/index.php\/wp-json\/wp\/v2\/tags?post=32828"}],"curies":[{"name":"wp","href":"https:\/\/api.w.org\/{rel}","templated":true}]}}