{"id":32825,"date":"2026-04-27T17:29:17","date_gmt":"2026-04-27T14:29:17","guid":{"rendered":"https:\/\/akdenizhaber.com.tr\/?p=32825"},"modified":"2026-04-27T17:29:17","modified_gmt":"2026-04-27T14:29:17","slug":"sozenden-goruntu-aciklamasi","status":"publish","type":"post","link":"https:\/\/akdenizhaber.com.tr\/index.php\/2026\/04\/27\/sozenden-goruntu-aciklamasi\/","title":{"rendered":"S\u00f6zen\u2019den\u00a0G\u00f6r\u00fcnt\u00fc A\u00e7\u0131klamas\u0131"},"content":{"rendered":"\n<p>Manavgat Belediyesi eski Ba\u015fkan\u0131 \u015e\u00fckr\u00fc S\u00f6zen, bas\u0131na d\u00fc\u015fen g\u00f6r\u00fcnt\u00fcler ile ilgili sosyal medya hesab\u0131ndan a\u00e7\u0131klamada bulundu.<\/p>\n\n\n\n<p>Aylard\u0131r tutuklu olan Manavgat Belediyesi eski Ba\u015fkan\u0131 \u015e\u00fckr\u00fc S\u00f6zen, bas\u0131na d\u00fc\u015fen g\u00f6r\u00fcnt\u00fcler ile ilgili sessizli\u011fini bozdu. Sosyal medya hesab\u0131 \u00fczerinden a\u00e7\u0131klamada bulunan Ba\u015fkan S\u00f6zen, \u015fu s\u00f6zlere yer verdi, \u201cSon g\u00fcnlerde baz\u0131 bas\u0131n yay\u0131n organlar\u0131 ile sosyal medya mecralar\u0131nda, \u015fahs\u0131m hakk\u0131nda ger\u00e7e\u011fi yans\u0131tmayan iddialar, \u00e7arp\u0131t\u0131lm\u0131\u015f g\u00f6r\u00fcnt\u00fcler ve ifadeler \u00fczerinden y\u00fcr\u00fct\u00fclen haberler nedeniyle bu a\u00e7\u0131klamay\u0131 yapma zaruretim do\u011fmu\u015ftur. Beni tan\u0131yan herkesin ilk bak\u0131\u015fta dahi d\u0131\u015f g\u00f6r\u00fcn\u00fc\u015f\u00fcmden anlad\u0131\u011f\u0131 \u00fczere, s\u00f6z konusu g\u00f6r\u00fcnt\u00fcler belediye ba\u015fkanl\u0131\u011f\u0131 g\u00f6revimi teslim ettikten yakla\u015f\u0131k 1,5 y\u0131l sonraya aittir. Uzun s\u00fcreli arkada\u015fl\u0131\u011f\u0131m olan i\u015f insan\u0131 Erdem Buzkan&#8217;\u0131n i\u015fyerinde illegal para trafi\u011fi ger\u00e7ekle\u015ftirmekle itham edildi\u011fimiz haberler tamamen ger\u00e7ek d\u0131\u015f\u0131 ve itibar\u0131m\u0131z\u0131 zedelemeye y\u00f6neliktir.<\/p>\n\n\n\n<p>B\u0130LG\u0130M VE ALAKAM YOK<\/p>\n\n\n\n<p>G\u00f6r\u00fcnt\u00fclerde Erdem Buzkan&#8217;\u0131n kendi i\u015fyerine getirdi\u011fi para ile ilgili hi\u00e7bir bilgim ve alakam yoktur. Erdem Buzkan ile aram\u0131zda arkada\u015fl\u0131k ili\u015fkisinin d\u0131\u015f\u0131nda herhangi bir ticari birliktelik veya ortakl\u0131k asla bulunmamaktad\u0131r. Yak\u0131n \u00e7evremde ekonomik olarak ilerleme kaydeden herkesle beni ticari olarak ortak ilan etme \u00e7abas\u0131nda olan zihniyetin amac\u0131n\u0131n bilincindeyim. \u015eahs\u0131m g\u00f6revde bile de\u011filken, halka a\u00e7\u0131k ve kalabal\u0131k bir ortamda, i\u015fyeri g\u00fcvenlik kameras\u0131 kay\u0131tlar\u0131n\u0131n, sanki illegal bir para al\u0131\u015fveri\u015fi varm\u0131\u015f ve gizli kameralarla g\u00fcn y\u00fcz\u00fcne \u00e7\u0131kart\u0131lm\u0131\u015f gibi bir alg\u0131yla bas\u0131na servis edilmesi akla ve mant\u0131\u011fa ayk\u0131r\u0131 olup, manidard\u0131r.<\/p>\n\n\n\n<p>BANA YARDIMCI OLMU\u015eLARDI<\/p>\n\n\n\n<p>Erdem Buzkan i\u015f insan\u0131d\u0131r, aktif ticari hayat\u0131ndan dolay\u0131 banka ve d\u00f6viz b\u00fcrolar\u0131 ile ili\u015fkileri olduk\u00e7a iyidir. Arkada\u015fl\u0131\u011f\u0131m\u0131z nedeniyle zaman zaman d\u00f6viz al\u0131m sat\u0131m i\u015flemlerimde bana yard\u0131mc\u0131 olmu\u015ftur. Servis edilen g\u00f6r\u00fcnt\u00fcler, vergi \u00f6demelerim i\u00e7in getirdi\u011fim \u015fahs\u0131ma ait d\u00f6vizi arkada\u015f\u0131m\u0131n i\u015fyerinde bozdurma i\u015fleminden ibarettir. Baz\u0131 \u00e7evrelerin siyasi saiklerine ula\u015fmak amac\u0131yla, bir b\u00fct\u00fcn halinde bas\u0131na servis edilen g\u00f6r\u00fcnt\u00fclerin zaman dilimleri de birbirinden farkl\u0131d\u0131r. Benim Erdem Buzkan\u2019\u0131n i\u015fyerinde bulundu\u011fum s\u0131rada kesinlikle d\u0131\u015far\u0131dan bir para getirilmesi olmam\u0131\u015ft\u0131r. Bu g\u00f6r\u00fcnt\u00fclerin ba\u011flam\u0131ndan kopar\u0131larak, zaman ve i\u00e7erik itibar\u0131yla \u00e7arp\u0131t\u0131larak sunulmas\u0131, devam eden soru\u015fturma s\u00fcreciyle ilgili kamuoyunda yanl\u0131\u015f bir alg\u0131 olu\u015fturma amac\u0131n\u0131 a\u00e7\u0131k\u00e7a ortaya koymaktad\u0131r. 15 y\u0131l s\u00fcreyle Manavgat halk\u0131n\u0131n bana emanet etti\u011fi belediye ba\u015fkanl\u0131\u011f\u0131 g\u00f6revini sorumluluk bilinciyle ve \u015ferefle ta\u015f\u0131d\u0131m. Yanl\u0131\u015f bir davran\u0131\u015f\u0131n i\u00e7inde bulunarak hem\u015fehrilerimin bana duymu\u015f oldu\u011fu g\u00fcvene asla ihanet etmedim.<\/p>\n\n\n\n<p>USULS\u00dcZL\u00dcK TESP\u0130T ED\u0130LMED\u0130<\/p>\n\n\n\n<p>G\u00f6rev s\u00fcrem zarf\u0131nda say\u0131s\u0131z kez gerek Say\u0131\u015ftay gerek M\u00fclkiye M\u00fcfetti\u015fleri taraf\u0131ndan denetimlere tabi tutuldum. Yap\u0131lan incelemelerin hi\u00e7birinde \u015fahs\u0131m ad\u0131na tek bir usuls\u00fczl\u00fck tespiti yap\u0131lmad\u0131. G\u00f6revi b\u0131rakt\u0131\u011f\u0131m tarih olan 31.03.2024 tarihi itibar\u0131yla hakk\u0131mda a\u00e7\u0131lm\u0131\u015f tek bir tahkikat ve soru\u015fturma bulunmamaktayd\u0131. G\u00f6rev s\u00fcrem sona erdikten yakla\u015f\u0131k 1,5 y\u0131l sonra ba\u015flat\u0131lan bir soru\u015fturma sebebiyle sizlerden ayr\u0131 tutulmaktay\u0131m. Soru\u015fturma dosyas\u0131nda gizlilik karar\u0131 olmas\u0131 nedeniyle, aleyhime isnat edilen su\u00e7lamalar\u0131n kapsam\u0131n\u0131 ve dayanaklar\u0131n\u0131 t\u00fcm y\u00f6nleriyle bilme imk\u00e2n\u0131m dahi bulunmamaktad\u0131r. T\u00fcm bunlara ra\u011fmen hukuka ve yarg\u0131 s\u00fcrecine olan sayg\u0131m, adalete olan inanc\u0131m gere\u011fi sab\u0131rla ve s\u00fck\u00fbnetle soru\u015fturma s\u00fcrecinin tamamlanmas\u0131n\u0131 beklemekteyim. Hat\u0131rlayaca\u011f\u0131n\u0131z \u00fczere, daha \u00f6nce de \u015fahs\u0131mla hi\u00e7bir ilgisi olmayan ve hakk\u0131mda takipsizlik karar\u0131 verilen bir soru\u015fturma konusunun, \u015fuan tutuklu bulundu\u011fum soru\u015fturma kapsam\u0131nda ikametimde yap\u0131lan aramada ele ge\u00e7irilmi\u015f gibi bas\u0131na servis edilmesi de ileriye y\u00f6nelik siyasi hedefi olan \u00e7evrelerin hakk\u0131m\u0131zda y\u00fcr\u00fctt\u00fc\u011f\u00fc al\u00e7ak\u00e7a alg\u0131 operasyonunun a\u00e7\u0131k bir g\u00f6stergesidir. T\u00fcm bu alg\u0131 operasyonlar\u0131na kar\u015f\u0131 hi\u00e7bir zaman ba\u015f\u0131m\u0131 \u00f6ne e\u011fmedim, bundan sonra dimdik durmaya devam edece\u011fim.<\/p>\n\n\n\n<p>MASUM\u0130YET KAR\u0130NES\u0130 ZEDELEN\u0130YOR<\/p>\n\n\n\n<p>Soru\u015fturma s\u00fcreci devam ederken yap\u0131lan bu y\u00f6ndeki yay\u0131nlar sadece \u015fahs\u0131m\u0131 de\u011fil, ad\u0131 ge\u00e7enlerin adil yarg\u0131lanma hakk\u0131n\u0131 ve masumiyet karinesini de zedelemektedir. T\u00fcm ki\u015fi ve kurumlar\u0131n bu ilkelere ve hukuk kurallar\u0131na sayg\u0131 g\u00f6stermesi gerekmektedir. De\u011ferli hem\u015fehrilerim, hayat\u0131m\u0131n hi\u00e7bir d\u00f6neminde, ne kamu g\u00f6revim s\u0131ras\u0131nda ne de sonras\u0131nda, hukuka ayk\u0131r\u0131 bir olu\u015fumun i\u00e7inde yer almad\u0131m. T\u00fcm ya\u015fam\u0131m \u015feffafl\u0131k ve hesap verebilirlik ilkeleri do\u011frultusunda ge\u00e7mi\u015ftir. Bug\u00fcn de ayn\u0131 inan\u00e7 ve kararl\u0131l\u0131kla yarg\u0131 s\u00fcrecinin sonunda ger\u00e7e\u011fin t\u00fcm a\u00e7\u0131kl\u0131\u011f\u0131yla ortaya \u00e7\u0131kaca\u011f\u0131na y\u00fcrekten inan\u0131yorum. Benim veremeyece\u011fim hi\u00e7bir hesab\u0131m yoktur. Adalete olan g\u00fcvenim tamd\u0131r. Ger\u00e7ekler, er ya da ge\u00e7 ortaya \u00e7\u0131kacakt\u0131r. Esas mahkemeler halk\u0131n\u0131n vicdan\u0131d\u0131r. Vakti geldi\u011finde, her \u015feyi siz de\u011ferli dostlar\u0131mla a\u00e7\u0131k ve net bir \u015fekilde payla\u015fmaktan \u00e7ekinmeyece\u011fimin de bilinmesini isterim.\u201d<\/p>\n\n\n\n<p>Haber Merkezi<\/p>\n","protected":false},"excerpt":{"rendered":"<p>Manavgat Belediyesi eski Ba\u015fkan\u0131 \u015e\u00fckr\u00fc S\u00f6zen, bas\u0131na d\u00fc\u015fen g\u00f6r\u00fcnt\u00fcler ile ilgili sosyal medya hesab\u0131ndan a\u00e7\u0131klamada bulundu. Aylard\u0131r tutuklu olan Manavgat Belediyesi eski Ba\u015fkan\u0131 \u015e\u00fckr\u00fc S\u00f6zen, <a href=\"https:\/\/akdenizhaber.com.tr\/index.php\/2026\/04\/27\/sozenden-goruntu-aciklamasi\/\" class=\"read-more-link\">[more&#8230;]<\/a><\/p>\n","protected":false},"author":2,"featured_media":32826,"comment_status":"open","ping_status":"open","sticky":false,"template":"","format":"standard","meta":{"footnotes":""},"categories":[2],"tags":[],"class_list":["post-32825","post","type-post","status-publish","format-standard","has-post-thumbnail","hentry","category-gundem"],"_links":{"self":[{"href":"https:\/\/akdenizhaber.com.tr\/index.php\/wp-json\/wp\/v2\/posts\/32825","targetHints":{"allow":["GET"]}}],"collection":[{"href":"https:\/\/akdenizhaber.com.tr\/index.php\/wp-json\/wp\/v2\/posts"}],"about":[{"href":"https:\/\/akdenizhaber.com.tr\/index.php\/wp-json\/wp\/v2\/types\/post"}],"author":[{"embeddable":true,"href":"https:\/\/akdenizhaber.com.tr\/index.php\/wp-json\/wp\/v2\/users\/2"}],"replies":[{"embeddable":true,"href":"https:\/\/akdenizhaber.com.tr\/index.php\/wp-json\/wp\/v2\/comments?post=32825"}],"version-history":[{"count":1,"href":"https:\/\/akdenizhaber.com.tr\/index.php\/wp-json\/wp\/v2\/posts\/32825\/revisions"}],"predecessor-version":[{"id":32827,"href":"https:\/\/akdenizhaber.com.tr\/index.php\/wp-json\/wp\/v2\/posts\/32825\/revisions\/32827"}],"wp:featuredmedia":[{"embeddable":true,"href":"https:\/\/akdenizhaber.com.tr\/index.php\/wp-json\/wp\/v2\/media\/32826"}],"wp:attachment":[{"href":"https:\/\/akdenizhaber.com.tr\/index.php\/wp-json\/wp\/v2\/media?parent=32825"}],"wp:term":[{"taxonomy":"category","embeddable":true,"href":"https:\/\/akdenizhaber.com.tr\/index.php\/wp-json\/wp\/v2\/categories?post=32825"},{"taxonomy":"post_tag","embeddable":true,"href":"https:\/\/akdenizhaber.com.tr\/index.php\/wp-json\/wp\/v2\/tags?post=32825"}],"curies":[{"name":"wp","href":"https:\/\/api.w.org\/{rel}","templated":true}]}}