{"id":32822,"date":"2026-04-27T17:28:40","date_gmt":"2026-04-27T14:28:40","guid":{"rendered":"https:\/\/akdenizhaber.com.tr\/?p=32822"},"modified":"2026-04-27T17:28:41","modified_gmt":"2026-04-27T14:28:41","slug":"manavgatta-saat-ve-sac-savasi-rusvet-mi-algi-mi","status":"publish","type":"post","link":"https:\/\/akdenizhaber.com.tr\/index.php\/2026\/04\/27\/manavgatta-saat-ve-sac-savasi-rusvet-mi-algi-mi\/","title":{"rendered":"MANAVGAT\u2019TA \u2018SAAT\u2019 VE \u2018SA\u00c7\u2019 SAVA\u015eI: R\u00dc\u015eVET M\u0130, ALGI MI?"},"content":{"rendered":"\n<p><\/p>\n\n\n\n<p>Tutuklu eski Belediye Ba\u015fkan\u0131 \u015e\u00fckr\u00fc S\u00f6zen ve i\u015f insan\u0131 Erdem Buzkan cephesinden servis edilen g\u00f6r\u00fcnt\u00fclere \u015fok itiraz! Avukatlar, &#8220;G\u00f6r\u00fcnt\u00fcler r\u00fc\u015fveti de\u011fil, emekli bir siyaset\u00e7inin d\u00f6viz bozdurma an\u0131n\u0131 g\u00f6steriyor&#8221; diyerek 2025 y\u0131l\u0131n\u0131 i\u015faret etti.<\/p>\n\n\n\n<p>Antalya\u2019n\u0131n Manavgat il\u00e7esinde y\u00fcr\u00fct\u00fclen r\u00fc\u015fvet soru\u015fturmas\u0131nda sular durulmuyor. Eski Belediye Ba\u015fkan\u0131 \u015e\u00fckr\u00fc S\u00f6zen ile i\u015f insan\u0131 Erdem Buzkan aras\u0131ndaki para al\u0131\u015fveri\u015fini g\u00f6steren kamera kay\u0131tlar\u0131n\u0131n yank\u0131lar\u0131 s\u00fcrerken, savunma taraf\u0131 ezber bozan bir a\u00e7\u0131klamayla sessizli\u011fini bozdu. Avukatlar, g\u00f6r\u00fcnt\u00fclerin manip\u00fcle edildi\u011fini iddia ederek dosyaya yeni bir boyut kazand\u0131rd\u0131.<\/p>\n\n\n\n<p>\u201cBA\u015eKAN DE\u011e\u0130L, EMEKL\u0130YD\u0130\u201d<\/p>\n\n\n\n<p>Erdem Buzkan\u2019\u0131n avukatlar\u0131 Ertekin K\u00f6k, Bilen Ba\u015fyi\u011fit ve Rag\u0131p G\u00fcll\u00fc taraf\u0131ndan d\u00fczenlenen bas\u0131n toplant\u0131s\u0131nda en dikkat \u00e7eken iddia &#8220;zamanlama&#8221; oldu. Savunma makam\u0131, servis edilen g\u00f6r\u00fcnt\u00fclerin \u015e\u00fckr\u00fc S\u00f6zen\u2019in g\u00f6revde oldu\u011fu d\u00f6neme de\u011fil, Temmuz 2025 tarihine ait oldu\u011funu ileri s\u00fcrd\u00fc. S\u00f6zen\u2019in foto\u011fraflardaki uzun sa\u00e7l\u0131 hali, bu iddian\u0131n en b\u00fcy\u00fck kan\u0131t\u0131 olarak sunuldu.<\/p>\n\n\n\n<p>O PARALARIN ADRES\u0130: HU\u011eLU\u2019DAK\u0130 \u0130\u015e\u00c7\u0130LER<\/p>\n\n\n\n<p>G\u00f6r\u00fcnt\u00fclerdeki para trafi\u011fine de a\u00e7\u0131kl\u0131k getiren avukatlar, siyah \u00e7antaya konulan paralar\u0131n r\u00fc\u015fvet de\u011fil;<\/p>\n\n\n\n<p>\u2022Bankadan saat 16:30\u2019da \u00e7ekilen yevmiye \u00f6demeleri,<\/p>\n\n\n\n<p>\u2022\u015e\u00fckr\u00fc S\u00f6zen\u2019in \u015fahsi euro bozdurma i\u015flemi oldu\u011funu savundu.<\/p>\n\n\n\n<p>Avukat Bilen Ba\u015fyi\u011fit, &#8220;Hayat\u0131n ola\u011fan ak\u0131\u015f\u0131na g\u00f6re, hi\u00e7 kimse r\u00fc\u015fveti herkesin i\u00e7inde, onlarca tan\u0131k ve kamera varken saymaz. Bu g\u00f6r\u00fcnt\u00fcler bizzat taraf\u0131m\u0131zca dosyaya sunulmu\u015ftur,&#8221; diyerek su\u00e7lamalar\u0131 reddetti.<\/p>\n\n\n\n<p>\u201cALGI OPERASYONU YAPILIYOR\u201d<\/p>\n\n\n\n<p>G\u00f6r\u00fcnt\u00fclerden saat bilgilerinin bilin\u00e7li olarak silindi\u011fini iddia eden savunma heyeti, dosyadaki gizlilik karar\u0131n\u0131n ihlal edildi\u011fi gerek\u00e7esiyle savc\u0131l\u0131\u011fa su\u00e7 duyurusunda bulundu. Eski Yap\u0131 Kontrol M\u00fcd\u00fcr\u00fc Mustafa Yavuz\u2019un &#8220;gayri resmi ortakl\u0131k&#8221; ve &#8220;r\u00fc\u015fvet \u00e7ark\u0131&#8221; iddialar\u0131n\u0131n ise tamamen as\u0131ls\u0131z oldu\u011fu, m\u00fcvekkilleri ile S\u00f6zen aras\u0131ndaki ba\u011f\u0131n sadece &#8220;motosiklet tutkusu&#8221; oldu\u011fu ifade edildi.<\/p>\n\n\n\n<p>B\u00fc\u015fra Deveci \/ Haber<\/p>\n","protected":false},"excerpt":{"rendered":"<p>Tutuklu eski Belediye Ba\u015fkan\u0131 \u015e\u00fckr\u00fc S\u00f6zen ve i\u015f insan\u0131 Erdem Buzkan cephesinden servis edilen g\u00f6r\u00fcnt\u00fclere \u015fok itiraz! Avukatlar, &#8220;G\u00f6r\u00fcnt\u00fcler r\u00fc\u015fveti de\u011fil, emekli bir siyaset\u00e7inin d\u00f6viz <a href=\"https:\/\/akdenizhaber.com.tr\/index.php\/2026\/04\/27\/manavgatta-saat-ve-sac-savasi-rusvet-mi-algi-mi\/\" class=\"read-more-link\">[more&#8230;]<\/a><\/p>\n","protected":false},"author":2,"featured_media":32823,"comment_status":"open","ping_status":"open","sticky":false,"template":"","format":"standard","meta":{"footnotes":""},"categories":[2],"tags":[],"class_list":["post-32822","post","type-post","status-publish","format-standard","has-post-thumbnail","hentry","category-gundem"],"_links":{"self":[{"href":"https:\/\/akdenizhaber.com.tr\/index.php\/wp-json\/wp\/v2\/posts\/32822","targetHints":{"allow":["GET"]}}],"collection":[{"href":"https:\/\/akdenizhaber.com.tr\/index.php\/wp-json\/wp\/v2\/posts"}],"about":[{"href":"https:\/\/akdenizhaber.com.tr\/index.php\/wp-json\/wp\/v2\/types\/post"}],"author":[{"embeddable":true,"href":"https:\/\/akdenizhaber.com.tr\/index.php\/wp-json\/wp\/v2\/users\/2"}],"replies":[{"embeddable":true,"href":"https:\/\/akdenizhaber.com.tr\/index.php\/wp-json\/wp\/v2\/comments?post=32822"}],"version-history":[{"count":1,"href":"https:\/\/akdenizhaber.com.tr\/index.php\/wp-json\/wp\/v2\/posts\/32822\/revisions"}],"predecessor-version":[{"id":32824,"href":"https:\/\/akdenizhaber.com.tr\/index.php\/wp-json\/wp\/v2\/posts\/32822\/revisions\/32824"}],"wp:featuredmedia":[{"embeddable":true,"href":"https:\/\/akdenizhaber.com.tr\/index.php\/wp-json\/wp\/v2\/media\/32823"}],"wp:attachment":[{"href":"https:\/\/akdenizhaber.com.tr\/index.php\/wp-json\/wp\/v2\/media?parent=32822"}],"wp:term":[{"taxonomy":"category","embeddable":true,"href":"https:\/\/akdenizhaber.com.tr\/index.php\/wp-json\/wp\/v2\/categories?post=32822"},{"taxonomy":"post_tag","embeddable":true,"href":"https:\/\/akdenizhaber.com.tr\/index.php\/wp-json\/wp\/v2\/tags?post=32822"}],"curies":[{"name":"wp","href":"https:\/\/api.w.org\/{rel}","templated":true}]}}