{"id":32819,"date":"2026-04-27T17:28:03","date_gmt":"2026-04-27T14:28:03","guid":{"rendered":"https:\/\/akdenizhaber.com.tr\/?p=32819"},"modified":"2026-04-27T17:28:04","modified_gmt":"2026-04-27T14:28:04","slug":"15-temmuz-darbe-girisimi-genc-gazetecilerin-mansetleriyle-hatirlanacak","status":"publish","type":"post","link":"https:\/\/akdenizhaber.com.tr\/index.php\/2026\/04\/27\/15-temmuz-darbe-girisimi-genc-gazetecilerin-mansetleriyle-hatirlanacak\/","title":{"rendered":"15 Temmuz darbe giri\u015fimi gen\u00e7 gazetecilerin man\u015fetleriyle hat\u0131rlanacak"},"content":{"rendered":"\n<p>Bas\u0131n \u0130lan Kurumu, ileti\u015fim fak\u00fcltesi \u00f6\u011frencilerinin kriz d\u00f6nemlerinde do\u011fru, h\u0131zl\u0131 ve sorumlu habercilik refleksi kazanmalar\u0131na katk\u0131 sa\u011flamak amac\u0131yla \u201c15 Temmuz Man\u015fetleri Gazetecilik At\u00f6lyesi\u201d program\u0131n\u0131 hayata ge\u00e7iriyor. Program\u0131n ilk etkinli\u011fi 29 Nisan\u2019da Akdeniz \u00dcniversitesi \u0130leti\u015fim Fak\u00fcltesi\u2019nde ger\u00e7ekle\u015ftirilecek.<\/p>\n\n\n\n<p>Bas\u0131n \u0130lan Kurumu taraf\u0131ndan 15 Temmuz Darbe Giri\u015fiminin 10. y\u0131l d\u00f6n\u00fcm\u00fcnde \u201cHaf\u0131zay\u0131 Koru, Hakikati Yaz\u201d temas\u0131yla T\u00fcrkiye genelinde 7 b\u00f6lgeyi temsilen 7 \u00fcniversiteyle i\u015f birli\u011fi i\u00e7erisinde y\u00fcr\u00fct\u00fclecek olan \u201c15 Temmuz Man\u015fetleri Gazetecilik At\u00f6lyesi\u201d, gen\u00e7 ileti\u015fimcilerin mesleki reflekslerini tarihsel bir olay \u00fczerinden yeniden de\u011ferlendirmelerine imk\u00e2n tan\u0131yacak.<\/p>\n\n\n\n<p>Teori ve uygulamay\u0131 bir araya getiren gazetecilik at\u00f6lyesi, iki b\u00f6l\u00fcmden olu\u015facak. At\u00f6lyenin ilk b\u00f6l\u00fcm\u00fcnde medya eti\u011fi ve sorumlu yay\u0131nc\u0131l\u0131k, dezenformasyonla m\u00fccadele, kriz ve ola\u011fan\u00fcst\u00fc durumlarda h\u0131zl\u0131 ve do\u011fru haber \u00fcretimi ile haber ve kaynak do\u011frulama ba\u015fl\u0131klar\u0131nda akademisyenler ve deneyimli gazeteciler taraf\u0131ndan teorik e\u011fitimler verilecek.<\/p>\n\n\n\n<p>\u0130kinci b\u00f6l\u00fcmde ise \u00f6\u011frenciler ger\u00e7ek bir haber \u00fcretim s\u00fcrecini deneyimleyerek haber yaz\u0131m\u0131, g\u00f6rsel kullan\u0131m\u0131, man\u015fet olu\u015fturma ve gazete birinci sayfas\u0131n\u0131n tasarlanmas\u0131 a\u015famalar\u0131ndan meydana gelen uygulamal\u0131 \u00e7al\u0131\u015fmay\u0131 ger\u00e7ekle\u015ftirecek. Her biri 5 ki\u015fiden olu\u015fan gruplar halinde \u00e7al\u0131\u015facak kat\u0131l\u0131mc\u0131lar; deneyimli gazeteciler ve dizgi ekiplerinin rehberli\u011finde \u201cO gece sen olsan nas\u0131l man\u015fet atard\u0131n?\u201d refleksiyle 15 Temmuz darbe giri\u015fimini anlatan gazete birinci sayfas\u0131n\u0131 bask\u0131ya haz\u0131r hale getirecek.<\/p>\n\n\n\n<p>Bas\u0131n \u0130lan Kurumu\u2019nun \u00e7al\u0131\u015fmas\u0131, \u00f6zellikle kriz ve ola\u011fan\u00fcst\u00fc d\u00f6nemlerde medyan\u0131n \u00fcstlendi\u011fi kritik rol\u00fc gen\u00e7 ku\u015faklara aktarmay\u0131 ama\u00e7larken; ayn\u0131 zamanda do\u011fru bilgi, etik yay\u0131nc\u0131l\u0131k ve sorumlu habercili\u011fin \u00f6nemine dikkat \u00e7ekiyor. Bunun yan\u0131 s\u0131ra gen\u00e7 gazeteci adaylar\u0131n\u0131n demokrasi, mill\u00ee birlik ve toplumsal sorumluluk temelli bir gazetecilik bilinci geli\u015ftirmesini hedefliyor.<\/p>\n\n\n\n<p>\u201c15 Temmuz Man\u015fetleri Gazetecilik At\u00f6lyesi\u201dnin ilk program\u0131 29 Nisan 2026 \u00c7ar\u015famba g\u00fcn\u00fc Akdeniz \u00dcniversitesi \u0130leti\u015fim Fak\u00fcltesi Konferans Salonunda ger\u00e7ekle\u015ftirilecek. At\u00f6lye \u00e7al\u0131\u015fmas\u0131; Ankara \u00dcniversitesi, Atat\u00fcrk \u00dcniversitesi, Ege \u00dcniversitesi, Gaziantep \u00dcniversitesi, \u0130stanbul \u00dcniversitesi ve Ondokuz May\u0131s \u00dcniversitesi \u0130leti\u015fim Fak\u00fcltelerinde d\u00fczenlenecek etkinliklerle devamedecek.<br>Bas\u0131n \u0130lan Kurumu \/ B\u00fclten<\/p>\n","protected":false},"excerpt":{"rendered":"<p>Bas\u0131n \u0130lan Kurumu, ileti\u015fim fak\u00fcltesi \u00f6\u011frencilerinin kriz d\u00f6nemlerinde do\u011fru, h\u0131zl\u0131 ve sorumlu habercilik refleksi kazanmalar\u0131na katk\u0131 sa\u011flamak amac\u0131yla \u201c15 Temmuz Man\u015fetleri Gazetecilik At\u00f6lyesi\u201d program\u0131n\u0131 hayata <a href=\"https:\/\/akdenizhaber.com.tr\/index.php\/2026\/04\/27\/15-temmuz-darbe-girisimi-genc-gazetecilerin-mansetleriyle-hatirlanacak\/\" class=\"read-more-link\">[more&#8230;]<\/a><\/p>\n","protected":false},"author":2,"featured_media":32820,"comment_status":"open","ping_status":"open","sticky":false,"template":"","format":"standard","meta":{"footnotes":""},"categories":[2],"tags":[],"class_list":["post-32819","post","type-post","status-publish","format-standard","has-post-thumbnail","hentry","category-gundem"],"_links":{"self":[{"href":"https:\/\/akdenizhaber.com.tr\/index.php\/wp-json\/wp\/v2\/posts\/32819","targetHints":{"allow":["GET"]}}],"collection":[{"href":"https:\/\/akdenizhaber.com.tr\/index.php\/wp-json\/wp\/v2\/posts"}],"about":[{"href":"https:\/\/akdenizhaber.com.tr\/index.php\/wp-json\/wp\/v2\/types\/post"}],"author":[{"embeddable":true,"href":"https:\/\/akdenizhaber.com.tr\/index.php\/wp-json\/wp\/v2\/users\/2"}],"replies":[{"embeddable":true,"href":"https:\/\/akdenizhaber.com.tr\/index.php\/wp-json\/wp\/v2\/comments?post=32819"}],"version-history":[{"count":1,"href":"https:\/\/akdenizhaber.com.tr\/index.php\/wp-json\/wp\/v2\/posts\/32819\/revisions"}],"predecessor-version":[{"id":32821,"href":"https:\/\/akdenizhaber.com.tr\/index.php\/wp-json\/wp\/v2\/posts\/32819\/revisions\/32821"}],"wp:featuredmedia":[{"embeddable":true,"href":"https:\/\/akdenizhaber.com.tr\/index.php\/wp-json\/wp\/v2\/media\/32820"}],"wp:attachment":[{"href":"https:\/\/akdenizhaber.com.tr\/index.php\/wp-json\/wp\/v2\/media?parent=32819"}],"wp:term":[{"taxonomy":"category","embeddable":true,"href":"https:\/\/akdenizhaber.com.tr\/index.php\/wp-json\/wp\/v2\/categories?post=32819"},{"taxonomy":"post_tag","embeddable":true,"href":"https:\/\/akdenizhaber.com.tr\/index.php\/wp-json\/wp\/v2\/tags?post=32819"}],"curies":[{"name":"wp","href":"https:\/\/api.w.org\/{rel}","templated":true}]}}