{"id":32816,"date":"2026-04-27T17:27:10","date_gmt":"2026-04-27T14:27:10","guid":{"rendered":"https:\/\/akdenizhaber.com.tr\/?p=32816"},"modified":"2026-04-27T17:27:11","modified_gmt":"2026-04-27T14:27:11","slug":"dogru-duvar-yikilmaz","status":"publish","type":"post","link":"https:\/\/akdenizhaber.com.tr\/index.php\/2026\/04\/27\/dogru-duvar-yikilmaz\/","title":{"rendered":"DO\u011eRU DUVAR YIKILMAZ!"},"content":{"rendered":"\n<p><\/p>\n\n\n\n<p>Do\u011fdu\u011fum, \u00e7ocuklu\u011fumun ge\u00e7ti\u011fi ve en \u00f6nemlisi gazetecilik mesle\u011fine ilk ad\u0131m\u0131 att\u0131\u011f\u0131m kenttir Eski\u015fehir&#8230; Bu y\u00fczden f\u0131rsat bulduk\u00e7a gider, gelirim. Orada dostlar\u0131m var, bac\u0131m var. Dahas\u0131; anam\u0131n, babam\u0131n ve erkek karde\u015fimin ebedi istirahatgah\u0131 o topraklardad\u0131r. Haliyle Eski\u015fehir\u2019le g\u00f6n\u00fcl ba\u011f\u0131m\u0131 koparmam m\u00fcmk\u00fcn de\u011fil.<\/p>\n\n\n\n<figure class=\"wp-block-image size-large is-resized\"><img loading=\"lazy\" decoding=\"async\" width=\"778\" height=\"1024\" src=\"https:\/\/akdenizhaber.com.tr\/wp-content\/uploads\/2026\/04\/ed79becd-49bf-4e86-b81c-1c1918991681-778x1024.jpeg\" alt=\"\" class=\"wp-image-32817\" style=\"aspect-ratio:0.7598501872659176;width:404px;height:auto\" srcset=\"https:\/\/akdenizhaber.com.tr\/wp-content\/uploads\/2026\/04\/ed79becd-49bf-4e86-b81c-1c1918991681-778x1024.jpeg 778w, https:\/\/akdenizhaber.com.tr\/wp-content\/uploads\/2026\/04\/ed79becd-49bf-4e86-b81c-1c1918991681-228x300.jpeg 228w, https:\/\/akdenizhaber.com.tr\/wp-content\/uploads\/2026\/04\/ed79becd-49bf-4e86-b81c-1c1918991681-768x1011.jpeg 768w, https:\/\/akdenizhaber.com.tr\/wp-content\/uploads\/2026\/04\/ed79becd-49bf-4e86-b81c-1c1918991681.jpeg 810w\" sizes=\"auto, (max-width: 778px) 100vw, 778px\" \/><\/figure>\n\n\n\n<p>Eski\u015fehir\u2019e her gidi\u015fimde \u015fehri bir sarraf titizli\u011fiyle izlerim. De\u011fi\u015fimi g\u00f6zlemlemek, her defas\u0131nda yeni bir ba\u015far\u0131ya \u015fahit olmak beni hem bir gazeteci hem de o kentin bir evlad\u0131 olarak gururland\u0131r\u0131yor.<\/p>\n\n\n\n<p>Alg\u0131 Operasyonlar\u0131na En G\u00fczel Cevap<\/p>\n\n\n\n<p>Eski\u015fehir\u2019in mimar\u0131, k\u0131ymetli a\u011fabeyim Prof. Dr. Y\u0131lmaz B\u00fcy\u00fcker\u015fen\u2019den sonra, bayra\u011f\u0131 devralan ilk kad\u0131n B\u00fcy\u00fck\u015fehir Belediye Ba\u015fkan\u0131 Ay\u015fe \u00dcnl\u00fcce i\u00e7in ilk g\u00fcnlerde baz\u0131 \u00e7evrelerce &#8220;bu i\u015fi g\u00f6t\u00fcremez&#8221; alg\u0131s\u0131 yarat\u0131lmaya \u00e7al\u0131\u015f\u0131ld\u0131. Hatta daha ilk g\u00fcnlerden bir alg\u0131 operasyonu servis edildi.<\/p>\n\n\n\n<p>Oysa Ay\u015fe \u00dcnl\u00fcce, bu siyasetin mutfa\u011f\u0131ndan gelmi\u015f, hukuku ezbere bilen ve y\u00fcre\u011fi Eski\u015fehir sevdas\u0131yla \u00e7arpan bir isim. G\u00f6reve geldi\u011fi ilk g\u00fcnden itibaren bu &#8220;cazg\u0131rlara&#8221; projeleriyle cevap verdi. Eski\u015fehir\u2019e her gidi\u015fimde farkl\u0131 yat\u0131r\u0131mlarla kar\u015f\u0131la\u015fmak beni mutlu ederken, belli ki birilerini rahats\u0131z etmi\u015f. K\u0131skan\u00e7l\u0131k ve se\u00e7im kazanamaman\u0131n verdi\u011fi o malum duyguyla, \u00dcnl\u00fcce hakk\u0131nda su\u00e7 duyurusunda bulunmu\u015flar.<\/p>\n\n\n\n<p>Ancak g\u00f6r\u00fcyorum ki Eski\u015fehir tek y\u00fcrek olmu\u015f; \u201cDo\u011fru Duvar Y\u0131k\u0131lmaz\u201d slogan\u0131yla ba\u015fkan\u0131n\u0131n etraf\u0131nda kenetlenmi\u015f. \u00c7amur at izi kals\u0131n mant\u0131\u011f\u0131yla bu i\u015fler y\u00fcr\u00fcmez beyler! \u00c7al\u0131\u015fandan, kente bir \u00e7ivi \u00e7akandan Allah raz\u0131 olsun.<\/p>\n\n\n\n<p>2026: Eski\u015fehir\u2019in Vizyon Y\u0131l\u0131<\/p>\n\n\n\n<p>Son ziyaretim, Eski\u015fehir Gazeteciler Cemiyeti\u2019nin 75. kurulu\u015f y\u0131ld\u00f6n\u00fcm\u00fc vesilesiyleydi. Ay\u015fe \u00dcnl\u00fcce, T\u00fcrkiye\u2019nin d\u00f6rt bir yan\u0131ndan gelen meslekta\u015flar\u0131m\u0131za harika bir brifing verdi. Belediyecili\u011fin sadece altyap\u0131 olmad\u0131\u011f\u0131n\u0131, kentsel aidiyeti g\u00fc\u00e7lendirmenin \u00f6nemini anlatt\u0131.<\/p>\n\n\n\n<p>Kentin plaka kodu olan 26\u2019dan ilhamla ilan edilen &#8220;2026 Eski\u015fehir Y\u0131l\u0131&#8221; vizyonunu dinlerken heyecanland\u0131m. &#8220;Bir Fikir de Sen Ver Eski\u015fehir&#8221; \u00e7a\u011fr\u0131s\u0131yla bizzat vatanda\u015f\u0131n \u015fekillendirdi\u011fi 70\u2019ten fazla proje yolda. \u0130n\u015fallah o heyecan dalgas\u0131ndan bizler de Manavgat olarak nasipleniriz.<\/p>\n\n\n\n<p>&#8220;Verilemeyecek Hesab\u0131m\u0131z Yok&#8221;<\/p>\n\n\n\n<p>Ay\u015fe Ba\u015fkan, kendisiyle u\u011fra\u015fanlara ve yarg\u0131s\u0131z infaz pe\u015finde ko\u015fanlara en net mesaj\u0131 zaten verdi:<\/p>\n\n\n\n<p>\u201cBiz hatalar\u0131 d\u00fczeltmeye \u00e7al\u0131\u015f\u0131rken onlar su\u00e7 duyurusunda bulundular. Ortada bir kamu zarar\u0131 yok, birine sa\u011flad\u0131\u011f\u0131m\u0131z bir \u00e7\u0131kar yok. Verilemeyecek hesab\u0131m\u0131z yok. Yarg\u0131ya herkes sayg\u0131l\u0131 olmal\u0131.\u201d<\/p>\n\n\n\n<p>Yolun a\u00e7\u0131k olsun Ay\u015fe \u00dcnl\u00fcce ba\u015fkan\u0131m&#8230;<\/p>\n\n\n\n<p>Sen do\u011fru yoldas\u0131n ve y\u00fcre\u011fini ortaya koymu\u015fsun. Eski\u015fehir halk\u0131 da bu dik duru\u015fun yan\u0131nda saf tutarak en g\u00fczel cevab\u0131 sand\u0131kta oldu\u011fu gibi bug\u00fcn de veriyor.<\/p>\n\n\n\n<p>Kentime bir \u00e7ivi \u00e7akan, o kenti bir Avrupa \u015fehri yapmak i\u00e7in \u00f6mr\u00fcn\u00fc veren ve \u015fimdi bu miras\u0131 daha ileriye ta\u015f\u0131yan Ay\u015fe \u00dcnl\u00fcce karde\u015fimin her daim destek\u00e7isiyim.<\/p>\n\n\n\n<p>Haydi, kal\u0131n sa\u011fl\u0131cakla.<\/p>\n\n\n\n<p>Her \u015fey y\u00fcre\u011finize g\u00f6re olsun.<\/p>\n","protected":false},"excerpt":{"rendered":"<p>Do\u011fdu\u011fum, \u00e7ocuklu\u011fumun ge\u00e7ti\u011fi ve en \u00f6nemlisi gazetecilik mesle\u011fine ilk ad\u0131m\u0131 att\u0131\u011f\u0131m kenttir Eski\u015fehir&#8230; Bu y\u00fczden f\u0131rsat bulduk\u00e7a gider, gelirim. Orada dostlar\u0131m var, bac\u0131m var. Dahas\u0131; <a href=\"https:\/\/akdenizhaber.com.tr\/index.php\/2026\/04\/27\/dogru-duvar-yikilmaz\/\" class=\"read-more-link\">[more&#8230;]<\/a><\/p>\n","protected":false},"author":2,"featured_media":32045,"comment_status":"open","ping_status":"open","sticky":false,"template":"","format":"standard","meta":{"footnotes":""},"categories":[1,2],"tags":[],"class_list":["post-32816","post","type-post","status-publish","format-standard","has-post-thumbnail","hentry","category-blog","category-gundem"],"_links":{"self":[{"href":"https:\/\/akdenizhaber.com.tr\/index.php\/wp-json\/wp\/v2\/posts\/32816","targetHints":{"allow":["GET"]}}],"collection":[{"href":"https:\/\/akdenizhaber.com.tr\/index.php\/wp-json\/wp\/v2\/posts"}],"about":[{"href":"https:\/\/akdenizhaber.com.tr\/index.php\/wp-json\/wp\/v2\/types\/post"}],"author":[{"embeddable":true,"href":"https:\/\/akdenizhaber.com.tr\/index.php\/wp-json\/wp\/v2\/users\/2"}],"replies":[{"embeddable":true,"href":"https:\/\/akdenizhaber.com.tr\/index.php\/wp-json\/wp\/v2\/comments?post=32816"}],"version-history":[{"count":1,"href":"https:\/\/akdenizhaber.com.tr\/index.php\/wp-json\/wp\/v2\/posts\/32816\/revisions"}],"predecessor-version":[{"id":32818,"href":"https:\/\/akdenizhaber.com.tr\/index.php\/wp-json\/wp\/v2\/posts\/32816\/revisions\/32818"}],"wp:featuredmedia":[{"embeddable":true,"href":"https:\/\/akdenizhaber.com.tr\/index.php\/wp-json\/wp\/v2\/media\/32045"}],"wp:attachment":[{"href":"https:\/\/akdenizhaber.com.tr\/index.php\/wp-json\/wp\/v2\/media?parent=32816"}],"wp:term":[{"taxonomy":"category","embeddable":true,"href":"https:\/\/akdenizhaber.com.tr\/index.php\/wp-json\/wp\/v2\/categories?post=32816"},{"taxonomy":"post_tag","embeddable":true,"href":"https:\/\/akdenizhaber.com.tr\/index.php\/wp-json\/wp\/v2\/tags?post=32816"}],"curies":[{"name":"wp","href":"https:\/\/api.w.org\/{rel}","templated":true}]}}