{"id":32811,"date":"2026-04-27T17:25:05","date_gmt":"2026-04-27T14:25:05","guid":{"rendered":"https:\/\/akdenizhaber.com.tr\/?p=32811"},"modified":"2026-04-27T17:25:05","modified_gmt":"2026-04-27T14:25:05","slug":"milli-yol-partisi-manavgat-ilce-baskani-haci-cayir-oldu","status":"publish","type":"post","link":"https:\/\/akdenizhaber.com.tr\/index.php\/2026\/04\/27\/milli-yol-partisi-manavgat-ilce-baskani-haci-cayir-oldu\/","title":{"rendered":"Milli Yol Partisi Manavgat \u0130l\u00e7e Ba\u015fkan\u0131 Hac\u0131 \u00c7ay\u0131r oldu"},"content":{"rendered":"\n<p>Milli Yol Partisi Manavgat 2.Ola\u011fan Kongresinde Hac\u0131 \u00c7ay\u0131r il\u00e7e ba\u015fkan\u0131 se\u00e7ildi.<\/p>\n\n\n\n<p>Tek liste halinde gidilen se\u00e7imde \u0130l\u00e7e Ba\u015fkan\u0131 se\u00e7ilen Hac\u0131 \u00c7ay\u0131r delegenin oyunun tamam\u0131n\u0131 alarak il\u00e7e ba\u015fkan\u0131 se\u00e7ildi.<\/p>\n\n\n\n<figure class=\"wp-block-image size-large\"><img loading=\"lazy\" decoding=\"async\" width=\"1024\" height=\"685\" src=\"https:\/\/akdenizhaber.com.tr\/wp-content\/uploads\/2026\/04\/ec6cc487-0ee1-4af4-a7ad-28505c35c4ec-1024x685.jpeg\" alt=\"\" class=\"wp-image-32813\" srcset=\"https:\/\/akdenizhaber.com.tr\/wp-content\/uploads\/2026\/04\/ec6cc487-0ee1-4af4-a7ad-28505c35c4ec-1024x685.jpeg 1024w, https:\/\/akdenizhaber.com.tr\/wp-content\/uploads\/2026\/04\/ec6cc487-0ee1-4af4-a7ad-28505c35c4ec-300x201.jpeg 300w, https:\/\/akdenizhaber.com.tr\/wp-content\/uploads\/2026\/04\/ec6cc487-0ee1-4af4-a7ad-28505c35c4ec-768x514.jpeg 768w, https:\/\/akdenizhaber.com.tr\/wp-content\/uploads\/2026\/04\/ec6cc487-0ee1-4af4-a7ad-28505c35c4ec-1536x1028.jpeg 1536w, https:\/\/akdenizhaber.com.tr\/wp-content\/uploads\/2026\/04\/ec6cc487-0ee1-4af4-a7ad-28505c35c4ec.jpeg 1600w\" sizes=\"auto, (max-width: 1024px) 100vw, 1024px\" \/><\/figure>\n\n\n\n<p>Manavgat \u015eof\u00f6rler Odas\u0131 Konferans Salonunda yap\u0131lan Milli Yol Partisi Manavgat 2. Ola\u011fan Kongresine Manavgat Saadet Partisi(SP) Manavgat \u0130l\u00e7e Ba\u015fkan\u0131 \u0130lhami Demiral,Zafer Partisi Manavgat \u0130l\u00e7e Ba\u015fkan\u0131 Ramazan ,Yeniden Refah Partisi Manavgat \u0130l\u00e7e Ba\u015fkan\u0131 Ahmet Ali \u00dcnal,\u0130Y\u0130 Parti Manavgat \u0130l\u00e7e Ba\u015fkan\u0131 Remzi K\u00fc\u00e7\u00fcko\u011flu Anahtar Partisi Manavgat Eski&nbsp; \u0130l\u00e7e Ba\u015fkan\u0131 G\u00fcl Adviye&nbsp; \u00d6zden , CHP Manavgat eski \u0130l\u00e7e Ba\u015fkan\u0131 As\u0131m \u00d6m\u00fcr ve Milli Yol Partisi Antalya \u0130l Ba\u015fkan\u0131 Hasan Algari ve Milli Yol Partisi Kurucular Kurulu \u00dcyesi \u00dcyesi Mehmet \u00c7ay\u0131r&nbsp; kat\u0131ld\u0131.<\/p>\n\n\n\n<p>\u0130l\u00e7e Ba\u015fkan\u0131 se\u00e7ilen Hac\u0131 \u00c7ay\u0131r, kat\u0131l\u0131mc\u0131lara te\u015fekk\u00fcr ederek, yapt\u0131\u011f\u0131 konu\u015fmada Manavgat&#8217;\u0131n turizmde istihdama ba\u011fl\u0131 s\u00fcrekli g\u00f6\u00e7 alan bir turizm il\u00e7esi oldu\u011fu,40 y\u0131l \u00f6nce geldi\u011fi Manavgat ile g\u00fcn\u00fcn\u00fcz Manavgat aras\u0131nda \u00e7ok b\u00fcy\u00fck fark de\u011fi\u015fimin oldu\u011funun oldu\u011funu s\u00f6yledi.<\/p>\n\n\n\n<p>Manavgat&#8217;ta yakla\u015f\u0131k 40 y\u0131ld\u0131r turizmde gastronomi \u00fczerine hizmet veren i\u015fletmesinin bulundu\u011funun alt\u0131n\u0131 \u00e7izen Hac\u0131 \u00c7ay\u0131r,&#8221; Manavgat&#8217;\u0131n turizmde istihdama ba\u011fl\u0131 ald\u0131\u011f\u0131 g\u00f6\u00e7 ile meydana gelen sorunlar\u0131na kar\u015f\u0131 &#8220;ortak ak\u0131lla&#8221; \u00e7\u00f6z\u00fcm bulaca\u011f\u0131z,&#8221;<\/p>\n\n\n\n<p>Haber\/Abdurrahman B\u00fcy\u00fckkeskin<\/p>\n","protected":false},"excerpt":{"rendered":"<p>Milli Yol Partisi Manavgat 2.Ola\u011fan Kongresinde Hac\u0131 \u00c7ay\u0131r il\u00e7e ba\u015fkan\u0131 se\u00e7ildi. Tek liste halinde gidilen se\u00e7imde \u0130l\u00e7e Ba\u015fkan\u0131 se\u00e7ilen Hac\u0131 \u00c7ay\u0131r delegenin oyunun tamam\u0131n\u0131 alarak <a href=\"https:\/\/akdenizhaber.com.tr\/index.php\/2026\/04\/27\/milli-yol-partisi-manavgat-ilce-baskani-haci-cayir-oldu\/\" class=\"read-more-link\">[more&#8230;]<\/a><\/p>\n","protected":false},"author":2,"featured_media":32812,"comment_status":"open","ping_status":"open","sticky":false,"template":"","format":"standard","meta":{"footnotes":""},"categories":[2],"tags":[],"class_list":["post-32811","post","type-post","status-publish","format-standard","has-post-thumbnail","hentry","category-gundem"],"_links":{"self":[{"href":"https:\/\/akdenizhaber.com.tr\/index.php\/wp-json\/wp\/v2\/posts\/32811","targetHints":{"allow":["GET"]}}],"collection":[{"href":"https:\/\/akdenizhaber.com.tr\/index.php\/wp-json\/wp\/v2\/posts"}],"about":[{"href":"https:\/\/akdenizhaber.com.tr\/index.php\/wp-json\/wp\/v2\/types\/post"}],"author":[{"embeddable":true,"href":"https:\/\/akdenizhaber.com.tr\/index.php\/wp-json\/wp\/v2\/users\/2"}],"replies":[{"embeddable":true,"href":"https:\/\/akdenizhaber.com.tr\/index.php\/wp-json\/wp\/v2\/comments?post=32811"}],"version-history":[{"count":1,"href":"https:\/\/akdenizhaber.com.tr\/index.php\/wp-json\/wp\/v2\/posts\/32811\/revisions"}],"predecessor-version":[{"id":32814,"href":"https:\/\/akdenizhaber.com.tr\/index.php\/wp-json\/wp\/v2\/posts\/32811\/revisions\/32814"}],"wp:featuredmedia":[{"embeddable":true,"href":"https:\/\/akdenizhaber.com.tr\/index.php\/wp-json\/wp\/v2\/media\/32812"}],"wp:attachment":[{"href":"https:\/\/akdenizhaber.com.tr\/index.php\/wp-json\/wp\/v2\/media?parent=32811"}],"wp:term":[{"taxonomy":"category","embeddable":true,"href":"https:\/\/akdenizhaber.com.tr\/index.php\/wp-json\/wp\/v2\/categories?post=32811"},{"taxonomy":"post_tag","embeddable":true,"href":"https:\/\/akdenizhaber.com.tr\/index.php\/wp-json\/wp\/v2\/tags?post=32811"}],"curies":[{"name":"wp","href":"https:\/\/api.w.org\/{rel}","templated":true}]}}