{"id":32808,"date":"2026-04-27T17:24:22","date_gmt":"2026-04-27T14:24:22","guid":{"rendered":"https:\/\/akdenizhaber.com.tr\/?p=32808"},"modified":"2026-04-27T17:24:23","modified_gmt":"2026-04-27T14:24:23","slug":"zafer-partisi-manavgatta-guc-tazeledi-tek-alternatif-biziz","status":"publish","type":"post","link":"https:\/\/akdenizhaber.com.tr\/index.php\/2026\/04\/27\/zafer-partisi-manavgatta-guc-tazeledi-tek-alternatif-biziz\/","title":{"rendered":"ZAFER PART\u0130S\u0130 MANAVGAT\u2019TA G\u00dc\u00c7 TAZELED\u0130: &#8220;TEK ALTERNAT\u0130F B\u0130Z\u0130Z!&#8221;"},"content":{"rendered":"\n<p><\/p>\n\n\n\n<p>Zafer Partisi Manavgat \u0130l\u00e7e Te\u015fkilat\u0131, yeni d\u00f6nem stratejilerini belirlemek ve birlik mesaj\u0131 vermek amac\u0131yla Alarapark\u2019ta d\u00fczenlenen kahvalt\u0131da bir araya geldi. Programda konu\u015fan Genel Ba\u015fkan Yard\u0131mc\u0131s\u0131 Prof. Dr. Ali \u015eehirlio\u011flu, T\u00fcrkiye\u2019nin gidi\u015fat\u0131na dikkat \u00e7ekerek, iktidar\u0131n tek ger\u00e7ek alternatifinin Zafer Partisi oldu\u011funu vurgulad\u0131.<\/p>\n\n\n\n<p>Zafer Partisi Manavgat \u0130l\u00e7e Ba\u015fkanl\u0131\u011f\u0131, &#8220;Birlik, Beraberlik ve Dayan\u0131\u015fma&#8221; temal\u0131 kahvalt\u0131 program\u0131yla te\u015fkilat \u00fcyelerini ve partilileri bir araya getirdi. Alarapark K\u0131r D\u00fc\u011f\u00fcn Salonu\u2019nda ger\u00e7ekle\u015ftirilen organizasyon, hem yeni d\u00f6nem planlamalar\u0131n\u0131n yap\u0131ld\u0131\u011f\u0131 bir \u00e7al\u0131\u015fma toplant\u0131s\u0131na hem de partiye yeni kat\u0131lanlar i\u00e7in d\u00fczenlenen bir g\u00f6vde g\u00f6sterisine d\u00f6n\u00fc\u015ft\u00fc.<\/p>\n\n\n\n<p>S\u0130YASET\u0130N \u00d6NEML\u0130 \u0130S\u0130MLER\u0130 B\u0130R ARADA<\/p>\n\n\n\n<p>Yo\u011fun kat\u0131l\u0131m\u0131n g\u00f6zlendi\u011fi kahvalt\u0131 program\u0131na; Zafer Partisi Genel Ba\u015fkan Yard\u0131mc\u0131s\u0131 ve Toplumsal Politikalar Ba\u015fkan\u0131 Prof. Dr. Ali \u015eehirlio\u011flu, Antalya \u0130l Ba\u015fkan\u0131 Gencay A\u011fayurt, Serik \u0130l\u00e7e Ba\u015fkan\u0131 Ahmet Bodur, \u00e7evre il\u00e7e ba\u015fkanlar\u0131, y\u00f6netim kurulu \u00fcyeleri ve \u00e7ok say\u0131da partili kat\u0131ld\u0131. Samimi bir atmosferde ge\u00e7en bulu\u015fmada, yerel ve genel siyasetin nabz\u0131 tutuldu.<\/p>\n\n\n\n<p>\u015eEH\u0130RL\u0130O\u011eLU: &#8220;ZAFER PART\u0130S\u0130 Y\u00dcKSELEN G\u00dc\u00c7&#8221;<\/p>\n\n\n\n<p>K\u00fcrs\u00fcye \u00e7\u0131kan Prof. Dr. Ali \u015eehirlio\u011flu, \u00fclke g\u00fcndemine dair \u00e7arp\u0131c\u0131 a\u00e7\u0131klamalarda bulundu. T\u00fcrkiye\u2019nin kritik bir e\u015fikten ge\u00e7ti\u011fini belirten \u015eehirlio\u011flu, \u015fu ifadeleri kulland\u0131:<\/p>\n\n\n\n<p>&#8220;\u00dclkenin bug\u00fcnk\u00fc durumuna bakt\u0131\u011f\u0131m\u0131zda, halk\u0131m\u0131z\u0131n umutsuzlu\u011fa mahkum edilmek istendi\u011fini g\u00f6r\u00fcyoruz. Ancak kimse \u00e7aresiz de\u011fil. Zafer Partisi, her ge\u00e7en g\u00fcn b\u00fcy\u00fcyen kadrolar\u0131yla ve \u00e7\u00f6z\u00fcm odakl\u0131 politikalar\u0131yla iktidar\u0131n tek ger\u00e7ek alternatifidir.&#8221;<\/p>\n\n\n\n<p>KERVAN: &#8220;SAHADA OLMAYA DEVAM EDECE\u011e\u0130Z&#8221;<\/p>\n\n\n\n<p>Ev sahibi olarak konu\u015fan Manavgat \u0130l\u00e7e Ba\u015fkan\u0131 Ramazan Kervan, te\u015fkilat\u0131n y\u00fcksek enerjisinden duydu\u011fu memnuniyeti dile getirdi. Kervan, yeni d\u00f6nemde saha \u00e7al\u0131\u015fmalar\u0131na h\u0131z vereceklerini m\u00fcjdeleyerek \u015funlar\u0131 s\u00f6yledi:&#8221;S\u0131cak ve samimi bir ortamda te\u015fkilat\u0131m\u0131z\u0131n g\u00fcc\u00fcn\u00fc bir kez daha hissettik. Genel Ba\u015fkan Yard\u0131mc\u0131m\u0131z ile yeni projelerimiz ve saha faaliyetlerimiz \u00fczerine isti\u015farelerde bulunduk. Biz Manavgat i\u00e7in, T\u00fcrkiye i\u00e7in haz\u0131r\u0131z.&#8221;<\/p>\n\n\n\n<p>YEN\u0130 NEFERLERE ROZET TAKILDI<\/p>\n\n\n\n<p>Haberin en dikkat \u00e7ekici anlar\u0131ndan biri ise partiye yeni kat\u0131lan \u00fcyeler i\u00e7in d\u00fczenlenen t\u00f6ren oldu. Zafer Partisi saflar\u0131na kat\u0131lma karar\u0131 alan vatanda\u015flara rozetleri, bizzat Prof. Dr. Ali \u015eehirlio\u011flu ve \u0130l Ba\u015fkan\u0131 Gencay A\u011fayurt taraf\u0131ndan tak\u0131ld\u0131. T\u00f6ren, alk\u0131\u015flar e\u015fli\u011finde &#8220;aram\u0131za ho\u015f geldiniz&#8221; mesaj\u0131yla son buldu.<\/p>\n\n\n\n<p>B\u00fc\u015fra Deveci \/Haber<\/p>\n","protected":false},"excerpt":{"rendered":"<p>Zafer Partisi Manavgat \u0130l\u00e7e Te\u015fkilat\u0131, yeni d\u00f6nem stratejilerini belirlemek ve birlik mesaj\u0131 vermek amac\u0131yla Alarapark\u2019ta d\u00fczenlenen kahvalt\u0131da bir araya geldi. Programda konu\u015fan Genel Ba\u015fkan Yard\u0131mc\u0131s\u0131 <a href=\"https:\/\/akdenizhaber.com.tr\/index.php\/2026\/04\/27\/zafer-partisi-manavgatta-guc-tazeledi-tek-alternatif-biziz\/\" class=\"read-more-link\">[more&#8230;]<\/a><\/p>\n","protected":false},"author":2,"featured_media":32809,"comment_status":"open","ping_status":"open","sticky":false,"template":"","format":"standard","meta":{"footnotes":""},"categories":[2],"tags":[],"class_list":["post-32808","post","type-post","status-publish","format-standard","has-post-thumbnail","hentry","category-gundem"],"_links":{"self":[{"href":"https:\/\/akdenizhaber.com.tr\/index.php\/wp-json\/wp\/v2\/posts\/32808","targetHints":{"allow":["GET"]}}],"collection":[{"href":"https:\/\/akdenizhaber.com.tr\/index.php\/wp-json\/wp\/v2\/posts"}],"about":[{"href":"https:\/\/akdenizhaber.com.tr\/index.php\/wp-json\/wp\/v2\/types\/post"}],"author":[{"embeddable":true,"href":"https:\/\/akdenizhaber.com.tr\/index.php\/wp-json\/wp\/v2\/users\/2"}],"replies":[{"embeddable":true,"href":"https:\/\/akdenizhaber.com.tr\/index.php\/wp-json\/wp\/v2\/comments?post=32808"}],"version-history":[{"count":1,"href":"https:\/\/akdenizhaber.com.tr\/index.php\/wp-json\/wp\/v2\/posts\/32808\/revisions"}],"predecessor-version":[{"id":32810,"href":"https:\/\/akdenizhaber.com.tr\/index.php\/wp-json\/wp\/v2\/posts\/32808\/revisions\/32810"}],"wp:featuredmedia":[{"embeddable":true,"href":"https:\/\/akdenizhaber.com.tr\/index.php\/wp-json\/wp\/v2\/media\/32809"}],"wp:attachment":[{"href":"https:\/\/akdenizhaber.com.tr\/index.php\/wp-json\/wp\/v2\/media?parent=32808"}],"wp:term":[{"taxonomy":"category","embeddable":true,"href":"https:\/\/akdenizhaber.com.tr\/index.php\/wp-json\/wp\/v2\/categories?post=32808"},{"taxonomy":"post_tag","embeddable":true,"href":"https:\/\/akdenizhaber.com.tr\/index.php\/wp-json\/wp\/v2\/tags?post=32808"}],"curies":[{"name":"wp","href":"https:\/\/api.w.org\/{rel}","templated":true}]}}