{"id":32805,"date":"2026-04-27T17:23:33","date_gmt":"2026-04-27T14:23:33","guid":{"rendered":"https:\/\/akdenizhaber.com.tr\/?p=32805"},"modified":"2026-04-27T17:30:16","modified_gmt":"2026-04-27T14:30:16","slug":"basinin-sorunlarinin-cozumu-icin-gucbirligi-sart","status":"publish","type":"post","link":"https:\/\/akdenizhaber.com.tr\/index.php\/2026\/04\/27\/basinin-sorunlarinin-cozumu-icin-gucbirligi-sart\/","title":{"rendered":"BASININ SORUNLARININ \u00c7\u00d6Z\u00dcM\u00dc \u0130\u00c7\u0130N G\u00dc\u00c7B\u0130RL\u0130\u011e\u0130 \u015eART"},"content":{"rendered":"\n<p>T\u00fcrkiye Gazeteciler Federasyonu\u2019nun (TGF) 70. Ba\u015fkanlar Konseyi toplant\u0131s\u0131 Eski\u015fehir Gazeteciler Cemiyetinin ev sahipli\u011finde 23-25 Nisan tarihleri aras\u0131nda, Eski\u015fehir\u2019de ger\u00e7ekle\u015ftirildi. Eski\u015fehir Gazeteciler Cemiyeti kurulu\u015funun 75. Y\u0131ld\u00f6n\u00fcm\u00fc de kutland\u0131.<\/p>\n\n\n\n<p>Eski\u015fehir B\u00fcy\u00fck\u015fehir Belediyesi Haller Gen\u00e7lik Merkezi\u2019nde d\u00fczenlenen Konsey T\u00fcrkiye\u2019nin \u00e7e\u015fitli illerinden, KKTC\u2019den, Almanya\u2019dan ve Azerbaycan\u2019dan gelen 125 Gazeteciler Cemiyeti Ba\u015fkan ve gazetecinin kat\u0131l\u0131m\u0131 ile ger\u00e7ekle\u015ftirildi.<\/p>\n\n\n\n<p>Yerel Bas\u0131n\u0131n sorunlar\u0131n\u0131n ve \u00e7\u00f6z\u00fcm \u00f6nerilerinin tart\u0131\u015f\u0131ld\u0131\u011f\u0131 toplant\u0131 sonunda a\u015fa\u011f\u0131daki hususlar\u0131n kamuoyu ile payla\u015f\u0131lmas\u0131na karar verildi:<\/p>\n\n\n\n<p>1- 23 Nisan 1920 T\u00fcrkiye B\u00fcy\u00fck Millet Meclisinin a\u00e7\u0131ld\u0131\u011f\u0131 ve T\u00fcrk Milletinin egemenli\u011fini kay\u0131ts\u0131z \u015farts\u0131z ilan etti\u011fi b\u00fcy\u00fck g\u00fcnd\u00fcr. Gazi Mustafa Kemal Atat\u00fcrk\u2019\u00fcn T\u00fcrk ve D\u00fcnya \u00e7ocuklar\u0131na arma\u011fan etti\u011fi 23 Nisan Ulusal Egemenlik ve \u00c7ocuk Bayram\u0131n\u0131 hep birlikte kutlamaktan b\u00fcy\u00fck gurur duyduk.<\/p>\n\n\n\n<p>2- T\u00fcrkiye\u2019nin \u00f6rg\u00fctl\u00fc en b\u00fcy\u00fck bas\u0131n kurulu\u015fu T\u00fcrkiye Gazeteciler Federasyonu (TGF) olarak; T\u00fcrkiye Cumhuriyeti Devletinin; milleti ile b\u00f6l\u00fcnmez b\u00fct\u00fcnl\u00fc\u011f\u00fcne, Atat\u00fcrk ilke ve devrimlerinden vazge\u00e7ilmeden Cumhuriyete ve Demokrasiye olan inanc\u0131m\u0131z\u0131 bir kez daha yineleyerek; bas\u0131n ve ifade \u00f6zg\u00fcrl\u00fc\u011f\u00fc ile d\u00fc\u015f\u00fcncenin \u00f6n\u00fcne konmak istenen t\u00fcm engelleri a\u015fmaya kararl\u0131 oldu\u011fumuzun bilinmesini isteriz.<\/p>\n\n\n\n<p>3- Son y\u0131llarda Anadolu Bas\u0131n\u0131 varolu\u015f m\u00fccadelesi veriyor, Bas\u0131n \u0130lan Kurumu; \u00f6nceki y\u00f6netim d\u00f6neminde bas\u0131n\u0131n sorunlar\u0131n\u0131 \u00e7\u00f6zmek yerine illerdeki gazeteleri zorlayarak birle\u015ftirme gayreti nedeniyle k\u00f6t\u00fc bir d\u00f6neme imza atm\u0131\u015f, bir\u00e7ok ilde bas\u0131n tek sesli bir hale getirilmi\u015ftir. Bas\u0131n \u0130lan Kurumu Genel M\u00fcd\u00fcr\u00fc\u2019n\u00fcn de\u011fi\u015fmesiyle birlikte, yeni y\u00f6netimin olumlu kararlar\u0131 ile sorunlar\u0131n \u00e7\u00f6z\u00fcm\u00fc i\u00e7in \u00e7aba harcamaktad\u0131r. \u00d6zellikle cemiyetlere da\u011f\u0131t\u0131lan destek rakamlar\u0131 y\u0131llard\u0131r talep etti\u011fimiz \u00f6l\u00e7\u00fcde ger\u00e7ekle\u015fmeye ba\u015flam\u0131\u015ft\u0131r<\/p>\n\n\n\n<p>4- TGF olarak sorunlar\u0131m\u0131z\u0131n birlik-beraberlikte \u00e7\u00f6z\u00fclece\u011fi inanc\u0131m\u0131z\u0131 bir kez daha yineleyerek; ger\u00e7ek meslek \u00f6rg\u00fctlerimizi, siyaset\u00e7ilerin oyunlar\u0131na gelmeden, kand\u0131r\u0131lmadan, b\u00f6l-par\u00e7ala- y\u00f6net oyunlar\u0131na kanmadan bir araya gelmeye, konu\u015fmaya birbirimizi yemek yerine birlikte hareket etmeye davet ediyoruz. Ba\u015fkanlar Konseyine davet edilen di\u011fer meslek kurulu\u015flar\u0131 temsilcilerinin verdi\u011fi benzer mesajlar da bu konudaki umutlar\u0131n artmas\u0131na neden olmu\u015ftur. \u00d6te yandan Bas\u0131n\u0131n Medya Yasas\u0131 ve Medya Meslek Birli\u011fi olu\u015fturulmas\u0131 i\u00e7in t\u00fcm bas\u0131n \u00f6rg\u00fctlerinin var g\u00fcc\u00fcyle \u00e7al\u0131\u015fmas\u0131 gerekti\u011fini vurgulayarak bu \u00e7al\u0131\u015fmalarda TGF olarak her zaman yer alaca\u011f\u0131m\u0131z ve destek verece\u011fimizi belirtiriz.<\/p>\n\n\n\n<p>5- Artan maliyetler, daralan ilan ve reklam gelirleri, belediyelerin bas\u0131n\u0131 desteklemekten korkan bir s\u00fcre\u00e7 ya\u015famas\u0131 da yerel bas\u0131n i\u00e7in b\u00fcy\u00fck zorluklar ya\u015fatmaktad\u0131r.<\/p>\n\n\n\n<p>6- Radyo, TV\u2019lere hi\u00e7bir devlet deste\u011finin olmamas\u0131, karasal yay\u0131n yapan televizyonlar\u0131n -\u00e7o\u011fu zaman yay\u0131nda olmamas\u0131na ra\u011fmen- kanal tahsis bedeli \u00f6demesi sekt\u00f6r\u00fc b\u00fcy\u00fck s\u0131k\u0131nt\u0131lara sokmaktad\u0131r. Bu bedellerin kald\u0131r\u0131lmas\u0131 ya da d\u00fc\u015f\u00fcr\u00fclmesi beklenmektedir. Radyolarda ise meslek birliklerine \u00f6denen y\u00fcksek telif \u00fccretleri ve T\u00fcrkiye genelinde baz\u0131 b\u00f6lgelerde ortak anten sistemine ge\u00e7ilmesinin planlanmas\u0131 yerel yay\u0131nc\u0131lar i\u00e7in ciddi bir tehlike olu\u015fturmaktad\u0131r. Radyo ve TV\u2019ler enerji ve i\u015f\u00e7ilik maliyetleri konusunda destek talebinde bulunmaktad\u0131r.<\/p>\n\n\n\n<p>7- Son d\u00f6nemde b\u00fcy\u00fck bir de\u011fi\u015fim ve d\u00f6n\u00fc\u015f\u00fcm ya\u015fayan Anadolu Bas\u0131n\u0131, dijitalle\u015fme ve Yapay Zek\u00e2 konusunda, bir yandan geli\u015fmelere ayak uydurmak di\u011fer yandan da sadece Yapay Zek\u00e2 kullanarak gazetecilik refleksinden uzakla\u015fmama dengesini iyi korumak zorundad\u0131r. Do\u011fru stratejilerle \u00e7a\u011fa ayak uyduracak geli\u015fmeleri takip etmek, gazetecili\u011fin refleksini de kaybetmemek b\u00fcy\u00fck \u00f6nem ta\u015f\u0131maktad\u0131r.<\/p>\n\n\n\n<p>8- Gazetecili\u011fin bas\u0131n etik ve ahlak kurallar\u0131n\u0131n vazge\u00e7ilmez oldu\u011fu son d\u00f6nemde iyiden iyiye hissedilmektedir. \u00d6zellikle \u2018gazeteci olmayan\u2019 sosyal medya sayfalar\u0131nda kendilerini gazeteci tan\u0131tan ki\u015filer ger\u00e7ek gazeteciler i\u00e7in b\u00fcy\u00fck bir tehlike arz etmekte, gazetecilere olan g\u00fcveni t\u00fcmden yok etmektedirler. Bu konuda Devletin denetim ve yapt\u0131r\u0131m\u0131 ka\u00e7\u0131n\u0131lmazd\u0131r.<\/p>\n\n\n\n<p>9- Anadolu\u2019nun bir\u00e7ok k\u00fc\u00e7\u00fck \u015fehrinde haftal\u0131k olarak yay\u0131nlanan gazetelerin haftada 2 g\u00fcn yay\u0131na \u00e7\u0131kar\u0131lmas\u0131, yaz\u0131 puntolar\u0131n\u0131n 11\u2019den 10\u2019a d\u00fc\u015f\u00fcr\u00fclmesi bu gazeteleri zor duruma d\u00fc\u015f\u00fcrmektedir.<\/p>\n\n\n\n<p>TGF, Anadolu bas\u0131n\u0131n sorunlar\u0131n\u0131n \u00e7\u00f6z\u00fcm\u00fc i\u00e7in fikir \u00fcretmeye ve gerekeni yapmaya her zaman oldu\u011fu gibi devam edecektir. Kamuoyunun bilgilerine sayg\u0131 ile duyurulur.<\/p>\n\n\n\n<p>T\u00fcrkiye Gazeteciler Federasyonu \/ B\u00fclten<\/p>\n","protected":false},"excerpt":{"rendered":"<p>T\u00fcrkiye Gazeteciler Federasyonu\u2019nun (TGF) 70. Ba\u015fkanlar Konseyi toplant\u0131s\u0131 Eski\u015fehir Gazeteciler Cemiyetinin ev sahipli\u011finde 23-25 Nisan tarihleri aras\u0131nda, Eski\u015fehir\u2019de ger\u00e7ekle\u015ftirildi. Eski\u015fehir Gazeteciler Cemiyeti kurulu\u015funun 75. Y\u0131ld\u00f6n\u00fcm\u00fc <a href=\"https:\/\/akdenizhaber.com.tr\/index.php\/2026\/04\/27\/basinin-sorunlarinin-cozumu-icin-gucbirligi-sart\/\" class=\"read-more-link\">[more&#8230;]<\/a><\/p>\n","protected":false},"author":2,"featured_media":32806,"comment_status":"open","ping_status":"open","sticky":false,"template":"","format":"standard","meta":{"footnotes":""},"categories":[2],"tags":[],"class_list":["post-32805","post","type-post","status-publish","format-standard","has-post-thumbnail","hentry","category-gundem"],"_links":{"self":[{"href":"https:\/\/akdenizhaber.com.tr\/index.php\/wp-json\/wp\/v2\/posts\/32805","targetHints":{"allow":["GET"]}}],"collection":[{"href":"https:\/\/akdenizhaber.com.tr\/index.php\/wp-json\/wp\/v2\/posts"}],"about":[{"href":"https:\/\/akdenizhaber.com.tr\/index.php\/wp-json\/wp\/v2\/types\/post"}],"author":[{"embeddable":true,"href":"https:\/\/akdenizhaber.com.tr\/index.php\/wp-json\/wp\/v2\/users\/2"}],"replies":[{"embeddable":true,"href":"https:\/\/akdenizhaber.com.tr\/index.php\/wp-json\/wp\/v2\/comments?post=32805"}],"version-history":[{"count":1,"href":"https:\/\/akdenizhaber.com.tr\/index.php\/wp-json\/wp\/v2\/posts\/32805\/revisions"}],"predecessor-version":[{"id":32807,"href":"https:\/\/akdenizhaber.com.tr\/index.php\/wp-json\/wp\/v2\/posts\/32805\/revisions\/32807"}],"wp:featuredmedia":[{"embeddable":true,"href":"https:\/\/akdenizhaber.com.tr\/index.php\/wp-json\/wp\/v2\/media\/32806"}],"wp:attachment":[{"href":"https:\/\/akdenizhaber.com.tr\/index.php\/wp-json\/wp\/v2\/media?parent=32805"}],"wp:term":[{"taxonomy":"category","embeddable":true,"href":"https:\/\/akdenizhaber.com.tr\/index.php\/wp-json\/wp\/v2\/categories?post=32805"},{"taxonomy":"post_tag","embeddable":true,"href":"https:\/\/akdenizhaber.com.tr\/index.php\/wp-json\/wp\/v2\/tags?post=32805"}],"curies":[{"name":"wp","href":"https:\/\/api.w.org\/{rel}","templated":true}]}}