{"id":32802,"date":"2026-04-27T17:16:59","date_gmt":"2026-04-27T14:16:59","guid":{"rendered":"https:\/\/akdenizhaber.com.tr\/?p=32802"},"modified":"2026-04-27T17:16:59","modified_gmt":"2026-04-27T14:16:59","slug":"turkiye-gazeteciler-cemiyetleri-basin-vakfinda-yilmaz-karaca-guven-tazeledi","status":"publish","type":"post","link":"https:\/\/akdenizhaber.com.tr\/index.php\/2026\/04\/27\/turkiye-gazeteciler-cemiyetleri-basin-vakfinda-yilmaz-karaca-guven-tazeledi\/","title":{"rendered":"T\u00dcRK\u0130YE GAZETEC\u0130LER CEM\u0130YETLER\u0130 BASIN VAKFI&#8217;NDA YILMAZ KARACA G\u00dcVEN TAZELED\u0130"},"content":{"rendered":"\n<p>Yap\u0131lan se\u00e7imlerde Manavgat Gazeteciler ve Yazarlar Cemiyeti Ba\u015fkan\u0131, TGF Y\u00f6netim Kurulu \u00fcyesi H\u00fcseyin Avni Gelendost ve Antalya Bas\u0131n Cemiyeti Ba\u015fkan\u0131 \u0130brahim Akkaya Dan\u0131\u015fma kurulu y\u00f6netim kuruluna se\u00e7ildi.<\/p>\n\n\n\n<p>Eski\u015fehir Ali G\u00fcven Mesleki ve Teknik Anadolu Lisesi Uygulama Oteli toplant\u0131 salonunda yap\u0131lan genel kurulda, Divan Ba\u015fkanl\u0131\u011f\u0131n\u0131 TGF Y\u00fcksek isti\u015fare kurulu Ba\u015fkan\u0131 Erdo\u011fan Kahya, yard\u0131mc\u0131l\u0131klar\u0131n\u0131 TGF Genel ba\u015fkan yard\u0131mc\u0131s\u0131 Gebze Gazeteciler Cemiyeti Ba\u015fkan\u0131 Levent Altun ve Zonguldak Gazeteciler Cemiyeti \u00fcyesi Buse Akb\u0131y\u0131k yapt\u0131. Sayg\u0131 duru\u015fu ve \u0130stiklal Mar\u015f\u0131n\u0131n okunmas\u0131yla ba\u015flayan genel kurulda Genel Ba\u015fkan Y\u0131lmaz Karaca faaliyetleri anlatt\u0131. Denetleme Kurulu \u00fcyesi B\u00fclent \u00d6zyaz\u0131c\u0131 taraf\u0131ndan Denetleme Kurulu raporu okundu. Daha sonra Y\u0131lmaz Karaca&#8217;n\u0131n aday listesi tek liste olarak oylamaya sunuldu. Liste, oy birli\u011fi ile kabul edildi.<\/p>\n\n\n\n<p>BASIN VAKFI YEN\u0130 Y\u00d6NET\u0130M\u0130<\/p>\n\n\n\n<p>Se\u00e7imde mevcut ba\u015fkan Y\u0131lmaz Karaca yeniden ba\u015fkanl\u0131\u011fa se\u00e7ilerek g\u00fcven tazelerken Eski\u015fehir Gazeteciler Cemiyeti Genel Sekreteri B\u00fclent \u00d6zyaz\u0131c\u0131 da y\u00f6netim kuruluna se\u00e7ildi.<\/p>\n\n\n\n<p>Yeni y\u00f6netim \u015fu isimlerden olu\u015ftu; Y\u0131lmaz Karaca (Eski\u015fehir), Sezai Matur (Sakarya), Hakan Sezerer (Sivas), Ahmet O\u011fuz (Gebze), Mehmet I\u015f\u0131k (Mersin), Kemal Soylu (Konya), Ebru K\u00fc\u00e7\u00fckayd\u0131n (Antalya), Hakan \u00c7ak\u0131r (D\u00fczce), Musa \u00d6zdemir (Tokat), Buse Akb\u0131y\u0131k (Zonguldak) ve B\u00fclent \u00d6zyaz\u0131c\u0131 (Eski\u015fehir) se\u00e7ildi. Denetleme Kurulu Asil \u00fcyeliklerine ise Mehmet \u00c7anbek (\u015eanl\u0131urfa) , \u015eafak Erel (Zonguldak Ere\u011fli) ve Sermet \u00c7uhadar (Kahramanmara\u015f) getirilirken Dan\u0131\u015fma Kurulu; Hayrettin Yener, Do\u011fan Bostanc\u0131, Davut Uyar, \u015eahin \u00d6zer, Alaettin Yak\u0131n, \u0130brahim Akkaya, Avni Gelendost, Z\u00fcleyha Karaman ve A. Kadir Sabuncuo\u011flu se\u00e7ildi<\/p>\n\n\n\n<p>Haber Merkezi<\/p>\n\n\n\n<p><\/p>\n","protected":false},"excerpt":{"rendered":"<p>Yap\u0131lan se\u00e7imlerde Manavgat Gazeteciler ve Yazarlar Cemiyeti Ba\u015fkan\u0131, TGF Y\u00f6netim Kurulu \u00fcyesi H\u00fcseyin Avni Gelendost ve Antalya Bas\u0131n Cemiyeti Ba\u015fkan\u0131 \u0130brahim Akkaya Dan\u0131\u015fma kurulu y\u00f6netim <a href=\"https:\/\/akdenizhaber.com.tr\/index.php\/2026\/04\/27\/turkiye-gazeteciler-cemiyetleri-basin-vakfinda-yilmaz-karaca-guven-tazeledi\/\" class=\"read-more-link\">[more&#8230;]<\/a><\/p>\n","protected":false},"author":2,"featured_media":32803,"comment_status":"open","ping_status":"open","sticky":false,"template":"","format":"standard","meta":{"footnotes":""},"categories":[2],"tags":[],"class_list":["post-32802","post","type-post","status-publish","format-standard","has-post-thumbnail","hentry","category-gundem"],"_links":{"self":[{"href":"https:\/\/akdenizhaber.com.tr\/index.php\/wp-json\/wp\/v2\/posts\/32802","targetHints":{"allow":["GET"]}}],"collection":[{"href":"https:\/\/akdenizhaber.com.tr\/index.php\/wp-json\/wp\/v2\/posts"}],"about":[{"href":"https:\/\/akdenizhaber.com.tr\/index.php\/wp-json\/wp\/v2\/types\/post"}],"author":[{"embeddable":true,"href":"https:\/\/akdenizhaber.com.tr\/index.php\/wp-json\/wp\/v2\/users\/2"}],"replies":[{"embeddable":true,"href":"https:\/\/akdenizhaber.com.tr\/index.php\/wp-json\/wp\/v2\/comments?post=32802"}],"version-history":[{"count":1,"href":"https:\/\/akdenizhaber.com.tr\/index.php\/wp-json\/wp\/v2\/posts\/32802\/revisions"}],"predecessor-version":[{"id":32804,"href":"https:\/\/akdenizhaber.com.tr\/index.php\/wp-json\/wp\/v2\/posts\/32802\/revisions\/32804"}],"wp:featuredmedia":[{"embeddable":true,"href":"https:\/\/akdenizhaber.com.tr\/index.php\/wp-json\/wp\/v2\/media\/32803"}],"wp:attachment":[{"href":"https:\/\/akdenizhaber.com.tr\/index.php\/wp-json\/wp\/v2\/media?parent=32802"}],"wp:term":[{"taxonomy":"category","embeddable":true,"href":"https:\/\/akdenizhaber.com.tr\/index.php\/wp-json\/wp\/v2\/categories?post=32802"},{"taxonomy":"post_tag","embeddable":true,"href":"https:\/\/akdenizhaber.com.tr\/index.php\/wp-json\/wp\/v2\/tags?post=32802"}],"curies":[{"name":"wp","href":"https:\/\/api.w.org\/{rel}","templated":true}]}}