{"id":32799,"date":"2026-04-27T17:07:20","date_gmt":"2026-04-27T14:07:20","guid":{"rendered":"https:\/\/akdenizhaber.com.tr\/?p=32799"},"modified":"2026-04-27T17:07:21","modified_gmt":"2026-04-27T14:07:21","slug":"tesekkurler-matso","status":"publish","type":"post","link":"https:\/\/akdenizhaber.com.tr\/index.php\/2026\/04\/27\/tesekkurler-matso\/","title":{"rendered":"TE\u015eEKK\u00dcRLER MATSO.."},"content":{"rendered":"\n<p><\/p>\n\n\n\n<p>Antalya y\u00f6resel \u00fcr\u00fcnler fuar\u0131n\u0131 ziyaret ettim..<\/p>\n\n\n\n<p>B\u00fcy\u00fck emekler verilip ,bir \u00e7ok b\u00f6lgenin , \u015fehrin,ilin ,il\u00e7enin birbirinden farkl\u0131 ,bir o kadar da g\u00fczel \u00fcr\u00fcnlerini Antalya\u2019da ziyaret\u00e7ilerinin ayaklar\u0131na getirenleri y\u00fcrekten kutluyorum..<\/p>\n\n\n\n<figure class=\"wp-block-image size-large\"><img loading=\"lazy\" decoding=\"async\" width=\"1024\" height=\"1024\" src=\"https:\/\/akdenizhaber.com.tr\/wp-content\/uploads\/2026\/04\/353dda40-ebbb-4e32-9261-20ff2bbe4879-1024x1024.jpeg\" alt=\"\" class=\"wp-image-32800\" srcset=\"https:\/\/akdenizhaber.com.tr\/wp-content\/uploads\/2026\/04\/353dda40-ebbb-4e32-9261-20ff2bbe4879-1024x1024.jpeg 1024w, https:\/\/akdenizhaber.com.tr\/wp-content\/uploads\/2026\/04\/353dda40-ebbb-4e32-9261-20ff2bbe4879-300x300.jpeg 300w, https:\/\/akdenizhaber.com.tr\/wp-content\/uploads\/2026\/04\/353dda40-ebbb-4e32-9261-20ff2bbe4879-150x150.jpeg 150w, https:\/\/akdenizhaber.com.tr\/wp-content\/uploads\/2026\/04\/353dda40-ebbb-4e32-9261-20ff2bbe4879-768x768.jpeg 768w, https:\/\/akdenizhaber.com.tr\/wp-content\/uploads\/2026\/04\/353dda40-ebbb-4e32-9261-20ff2bbe4879.jpeg 1440w\" sizes=\"auto, (max-width: 1024px) 100vw, 1024px\" \/><\/figure>\n\n\n\n<p>Her b\u00f6lge, her \u015fehir,her il ,il\u00e7e \u00fcrettikleri,imal ettikleri ne varsa a\u00e7t\u0131klar\u0131 b\u00f6l\u00fcmlerde , stantdlar da bunlar\u0131 sergiliyor,bir yerde hem o her yerde bulunmayan \u00fcr\u00fcnleri tan\u0131t\u0131yor..<\/p>\n\n\n\n<p>Hem de ,b\u00f6lgelerinin ,illerinin , il\u00e7elerinin tan\u0131t\u0131m\u0131n\u0131 reklamlar\u0131n\u0131 yap\u0131yorlar..<\/p>\n\n\n\n<p>Edirne&#8217;den Hakkari ye..<\/p>\n\n\n\n<p>Hatay&#8217;dan , Rize&#8217;ye , Giresun Bulancak a, Karadeniz Ere\u011fli sinden ..<\/p>\n\n\n\n<p>G\u00fcm\u00fc\u015fhane K\u00fcrt\u00fcn\u2019e kadar bir \u00e7ok \u015fehrin y\u00f6resel \u00fcr\u00fcnlerini g\u00f6rd\u00fcm di\u011fer ziyaret\u00e7ilerle beraber..<\/p>\n\n\n\n<p>Elaz\u0131\u011f\u2019\u0131n, Diyarbak\u0131r\u2019\u0131n, Kahramanmara\u015f\u2019\u0131n..<\/p>\n\n\n\n<p>Trabzon\u2019un , Hakkari\u2019nin , Edirne\u2019nin her yerde bulunmayan lezzetlerini buldum orada .<\/p>\n\n\n\n<p>Manavgat\u2019\u0131n temsili de , Manavgat\u2019\u0131n birbirinden de\u011ferli \u00fcr\u00fcnlerinin tan\u0131t\u0131m\u0131 da Matso\u2019ya, Manavgat Ticaret ve Sanayi Odas\u0131n\u0131n stant\u0131nda yap\u0131l\u0131yor..<\/p>\n\n\n\n<p>\u0130yi ki Matso var da Manavgat\u2019\u0131n ad\u0131n\u0131 ve \u00fcr\u00fcnlerini g\u00f6r\u00fcp tan\u0131yor oraya gelen binlerce ziyaret\u00e7i..<\/p>\n\n\n\n<p>Bu \u00e7ok g\u00fczel tan\u0131t\u0131m i\u00e7in Matso ba\u015fkan\u0131 Seydi Tahsin G\u00fcng\u00f6r\u2019\u00fc ve y\u00f6netim kurulunu kutluyorum..<\/p>\n\n\n\n<p>Yine bir Manavgat firmas\u0131 olan Fettaho\u011flu zeytin ya\u011f\u0131 fabrikas\u0131n\u0131 ve sahibi Mustafa beyi de kutluyorum..<\/p>\n\n\n\n<p>Bir \u00e7ok il hatta il\u00e7e belediye olarak, kooperatif olarak ,sivil toplum kurulu\u015fu olarak ciddi emekler vererek, \u00e7al\u0131\u015fmalar yaparak kat\u0131lm\u0131\u015flar bu fuara .<\/p>\n\n\n\n<p>Mesela Antalya Korkuteli belediyesi bunlardan birisi..<\/p>\n\n\n\n<p>Mesela Karadeniz Ere\u011fli belediyesi bunlardan birisi..<\/p>\n\n\n\n<p>\u00d6zellikle Karadeniz Ere\u011fli belediye ba\u015fkan\u0131 Halil Posb\u0131y\u0131k a bir parantez a\u00e7mak istiyorum..<\/p>\n\n\n\n<p>Sadece ismini duydu\u011fum bu efsane belediye ba\u015fkan\u0131na \u00f6zel bir sevgim ve sayg\u0131m var.<\/p>\n\n\n\n<p>Posb\u0131y\u0131k il\u00e7esinin tan\u0131t\u0131m\u0131 i\u00e7in b\u00fcy\u00fck \u00e7abalar vermekte ve bunu b\u00f6yle fuarlarda g\u00f6zler \u00f6n\u00fcne sermekte .<\/p>\n\n\n\n<p>Y\u0131llard\u0131r yapt\u0131\u011f\u0131 bu i\u015fi de adeta di\u011fer belediyelere bir ders olacak \u015fekilde yapmakta..<\/p>\n\n\n\n<p>Kitaplar haz\u0131rlatm\u0131\u015f ve da\u011f\u0131t\u0131yor fuarda..<\/p>\n\n\n\n<p>Kitaplar, Karadeniz Ere\u011fli il\u00e7esini ,il\u00e7enin sahip oldu\u011fu g\u00fczellikleri ve de\u011ferleri anlat\u0131yor..<\/p>\n\n\n\n<p>\u00c7ocuklar i\u00e7in kitaplar haz\u0131rlatm\u0131\u015f rengarenk , T\u00fcrk kahramanlar\u0131n\u0131 \u00e7izgi roman olarak \u00e7ocuklara tan\u0131tan, anlatan..<\/p>\n\n\n\n<p>Yalan yok, ke\u015fke bizim belediyelerde de olsa b\u00f6yle g\u00fczel e\u011fitim \u00e7al\u0131\u015fmalar\u0131, hizmetleri dedim..<\/p>\n\n\n\n<p>Umut ettim ve \u00e7ok umutluyum bir g\u00fcn b\u00f6yle fuarlarda Manavgat\u2019\u0131 , Manavgat\u2019\u0131n g\u00fczelliklerini, sahip oldu\u011fu de\u011ferleri anlatan birbirinden g\u00fczel kitaplar g\u00f6r\u00fcr\u00fcz in\u015fallah..<\/p>\n\n\n\n<p>Kal\u0131n Sa\u011fl\u0131cakla..<\/p>\n","protected":false},"excerpt":{"rendered":"<p>Antalya y\u00f6resel \u00fcr\u00fcnler fuar\u0131n\u0131 ziyaret ettim.. B\u00fcy\u00fck emekler verilip ,bir \u00e7ok b\u00f6lgenin , \u015fehrin,ilin ,il\u00e7enin birbirinden farkl\u0131 ,bir o kadar da g\u00fczel \u00fcr\u00fcnlerini Antalya\u2019da ziyaret\u00e7ilerinin <a href=\"https:\/\/akdenizhaber.com.tr\/index.php\/2026\/04\/27\/tesekkurler-matso\/\" class=\"read-more-link\">[more&#8230;]<\/a><\/p>\n","protected":false},"author":2,"featured_media":32586,"comment_status":"open","ping_status":"open","sticky":false,"template":"","format":"standard","meta":{"footnotes":""},"categories":[2],"tags":[],"class_list":["post-32799","post","type-post","status-publish","format-standard","has-post-thumbnail","hentry","category-gundem"],"_links":{"self":[{"href":"https:\/\/akdenizhaber.com.tr\/index.php\/wp-json\/wp\/v2\/posts\/32799","targetHints":{"allow":["GET"]}}],"collection":[{"href":"https:\/\/akdenizhaber.com.tr\/index.php\/wp-json\/wp\/v2\/posts"}],"about":[{"href":"https:\/\/akdenizhaber.com.tr\/index.php\/wp-json\/wp\/v2\/types\/post"}],"author":[{"embeddable":true,"href":"https:\/\/akdenizhaber.com.tr\/index.php\/wp-json\/wp\/v2\/users\/2"}],"replies":[{"embeddable":true,"href":"https:\/\/akdenizhaber.com.tr\/index.php\/wp-json\/wp\/v2\/comments?post=32799"}],"version-history":[{"count":1,"href":"https:\/\/akdenizhaber.com.tr\/index.php\/wp-json\/wp\/v2\/posts\/32799\/revisions"}],"predecessor-version":[{"id":32801,"href":"https:\/\/akdenizhaber.com.tr\/index.php\/wp-json\/wp\/v2\/posts\/32799\/revisions\/32801"}],"wp:featuredmedia":[{"embeddable":true,"href":"https:\/\/akdenizhaber.com.tr\/index.php\/wp-json\/wp\/v2\/media\/32586"}],"wp:attachment":[{"href":"https:\/\/akdenizhaber.com.tr\/index.php\/wp-json\/wp\/v2\/media?parent=32799"}],"wp:term":[{"taxonomy":"category","embeddable":true,"href":"https:\/\/akdenizhaber.com.tr\/index.php\/wp-json\/wp\/v2\/categories?post=32799"},{"taxonomy":"post_tag","embeddable":true,"href":"https:\/\/akdenizhaber.com.tr\/index.php\/wp-json\/wp\/v2\/tags?post=32799"}],"curies":[{"name":"wp","href":"https:\/\/api.w.org\/{rel}","templated":true}]}}