{"id":32306,"date":"2026-03-16T16:32:41","date_gmt":"2026-03-16T13:32:41","guid":{"rendered":"https:\/\/akdenizhaber.com.tr\/?p=32306"},"modified":"2026-03-16T16:32:42","modified_gmt":"2026-03-16T13:32:42","slug":"cicekten-tip-bayraminda-saglik-calisanlarina-anlamli-ziyaret","status":"publish","type":"post","link":"https:\/\/akdenizhaber.com.tr\/index.php\/2026\/03\/16\/cicekten-tip-bayraminda-saglik-calisanlarina-anlamli-ziyaret\/","title":{"rendered":"\u00c7i\u00e7ek&#8217;ten T\u0131p Bayram\u0131nda Sa\u011fl\u0131k \u00c7al\u0131\u015fanlar\u0131na Anlaml\u0131 Ziyaret"},"content":{"rendered":"\n<p>14 Mart T\u0131p Bayram\u0131 dolay\u0131s\u0131yla Manavgat Belediye Ba\u015fkan Vekili Av. Mehmet \u00c7i\u00e7ek Manavgat Devlet Hastanesi\u2019ni ziyaret etti. Ba\u015fkan Vekili \u00c7i\u00e7ek, hastanede g\u00f6rev yapan sa\u011fl\u0131k \u00e7al\u0131\u015fanlar\u0131na \u00e7i\u00e7ek takdim ederek bu anlaml\u0131 g\u00fcn\u00fc kutlad\u0131.<\/p>\n\n\n\n<p>Ziyaret kapsam\u0131nda Ba\u015fhekim Op. Dr. Mehmet Deniz ile g\u00f6r\u00fc\u015fen Ba\u015fkan Vekili \u00c7i\u00e7ek, sa\u011fl\u0131k \u00e7al\u0131\u015fanlar\u0131n\u0131n toplum sa\u011fl\u0131\u011f\u0131 i\u00e7in \u00fcstlendikleri \u00f6nemli g\u00f6reve dikkat \u00e7ekti. Ba\u015fkan Vekili Av. Mehmet \u00c7i\u00e7ek, yapt\u0131\u011f\u0131 a\u00e7\u0131klamada, \u201cSa\u011fl\u0131k \u00e7al\u0131\u015fanlar\u0131m\u0131z, b\u00fcy\u00fck bir \u00f6zveri ve fedak\u00e2rl\u0131kla insan hayat\u0131na dokunan \u00e7ok k\u0131ymetli bir g\u00f6revi yerine getiriyor. Gece g\u00fcnd\u00fcz demeden toplum sa\u011fl\u0131\u011f\u0131 i\u00e7in emek veren t\u00fcm hekimlerimizin ve sa\u011fl\u0131k \u00e7al\u0131\u015fanlar\u0131m\u0131z\u0131n 14 Mart T\u0131p Bayram\u0131\u2019n\u0131 kutluyorum. Emekleri ve sab\u0131rlar\u0131 i\u00e7in kendilerine te\u015fekk\u00fcr ediyorum.\u201d ifadelerini kulland\u0131.<\/p>\n\n\n\n<p>Manavgat Belediyesi \/ B\u00fclten<\/p>\n","protected":false},"excerpt":{"rendered":"<p>14 Mart T\u0131p Bayram\u0131 dolay\u0131s\u0131yla Manavgat Belediye Ba\u015fkan Vekili Av. Mehmet \u00c7i\u00e7ek Manavgat Devlet Hastanesi\u2019ni ziyaret etti. Ba\u015fkan Vekili \u00c7i\u00e7ek, hastanede g\u00f6rev yapan sa\u011fl\u0131k \u00e7al\u0131\u015fanlar\u0131na <a href=\"https:\/\/akdenizhaber.com.tr\/index.php\/2026\/03\/16\/cicekten-tip-bayraminda-saglik-calisanlarina-anlamli-ziyaret\/\" class=\"read-more-link\">[more&#8230;]<\/a><\/p>\n","protected":false},"author":2,"featured_media":32307,"comment_status":"open","ping_status":"open","sticky":false,"template":"","format":"standard","meta":{"footnotes":""},"categories":[2],"tags":[],"class_list":["post-32306","post","type-post","status-publish","format-standard","has-post-thumbnail","hentry","category-gundem"],"_links":{"self":[{"href":"https:\/\/akdenizhaber.com.tr\/index.php\/wp-json\/wp\/v2\/posts\/32306","targetHints":{"allow":["GET"]}}],"collection":[{"href":"https:\/\/akdenizhaber.com.tr\/index.php\/wp-json\/wp\/v2\/posts"}],"about":[{"href":"https:\/\/akdenizhaber.com.tr\/index.php\/wp-json\/wp\/v2\/types\/post"}],"author":[{"embeddable":true,"href":"https:\/\/akdenizhaber.com.tr\/index.php\/wp-json\/wp\/v2\/users\/2"}],"replies":[{"embeddable":true,"href":"https:\/\/akdenizhaber.com.tr\/index.php\/wp-json\/wp\/v2\/comments?post=32306"}],"version-history":[{"count":1,"href":"https:\/\/akdenizhaber.com.tr\/index.php\/wp-json\/wp\/v2\/posts\/32306\/revisions"}],"predecessor-version":[{"id":32308,"href":"https:\/\/akdenizhaber.com.tr\/index.php\/wp-json\/wp\/v2\/posts\/32306\/revisions\/32308"}],"wp:featuredmedia":[{"embeddable":true,"href":"https:\/\/akdenizhaber.com.tr\/index.php\/wp-json\/wp\/v2\/media\/32307"}],"wp:attachment":[{"href":"https:\/\/akdenizhaber.com.tr\/index.php\/wp-json\/wp\/v2\/media?parent=32306"}],"wp:term":[{"taxonomy":"category","embeddable":true,"href":"https:\/\/akdenizhaber.com.tr\/index.php\/wp-json\/wp\/v2\/categories?post=32306"},{"taxonomy":"post_tag","embeddable":true,"href":"https:\/\/akdenizhaber.com.tr\/index.php\/wp-json\/wp\/v2\/tags?post=32306"}],"curies":[{"name":"wp","href":"https:\/\/api.w.org\/{rel}","templated":true}]}}