{"id":32303,"date":"2026-03-12T16:20:49","date_gmt":"2026-03-12T13:20:49","guid":{"rendered":"https:\/\/akdenizhaber.com.tr\/?p=32303"},"modified":"2026-03-12T16:20:50","modified_gmt":"2026-03-12T13:20:50","slug":"adlihan-dereden-sert-yanit-gunes-balcikla-sivanmaz","status":"publish","type":"post","link":"https:\/\/akdenizhaber.com.tr\/index.php\/2026\/03\/12\/adlihan-dereden-sert-yanit-gunes-balcikla-sivanmaz\/","title":{"rendered":"ADLIHAN DERE\u2019DEN SERT YANIT: \u201cG\u00dcNE\u015e BAL\u00c7IKLA SIVANMAZ!\u201d"},"content":{"rendered":"\n<p><\/p>\n\n\n\n<p>Antalya Esnaf ve Sanatkarlar Odalar\u0131 Birli\u011fi (AESOB) Ba\u015fkan\u0131 Adl\u0131han Dere, son d\u00f6nemde \u015fahs\u0131na y\u00f6nelik ortaya at\u0131lan as\u0131ls\u0131z iddialara tokat gibi bir yan\u0131t verdi. Dere, &#8220;Meyve veren a\u011fa\u00e7 ta\u015flan\u0131r ancak kimse esnaf ailemizle aram\u0131za giremez&#8221; dedi.<\/p>\n\n\n\n<p>Antalya esnaf\u0131n\u0131n g\u00fcr sesi AESOB Ba\u015fkan\u0131 Adl\u0131han Dere, sosyal medya ve \u00e7e\u015fitli platformlarda dola\u015f\u0131ma sokulan karalama kampanyalar\u0131na kar\u015f\u0131 sessizli\u011fini bozdu. Esnaf\u0131n yo\u011fun deste\u011fini arkas\u0131na alan Dere, yap\u0131lan su\u00e7lamalar\u0131n hi\u00e7bir hukuki ve ahlaki dayana\u011f\u0131 olmad\u0131\u011f\u0131n\u0131 vurgulayarak, &#8220;Bizim veremeyecek hesab\u0131m\u0131z yok&#8221; mesaj\u0131 verdi.<\/p>\n\n\n\n<p>\u201cKocaman Bir Ailenin G\u00fcc\u00fcyle Ayaktay\u0131z\u201d<\/p>\n\n\n\n<p>Hakk\u0131ndaki iddialar\u0131 &#8220;y\u0131pratma politikas\u0131&#8221; olarak de\u011ferlendiren Ba\u015fkan Dere, a\u00e7\u0131klamas\u0131nda \u015fu ifadelere yer verdi:<\/p>\n\n\n\n<p>\u201cG\u00fcne\u015f bal\u00e7\u0131kla s\u0131vanmaz. Bizim arkam\u0131zda, yan\u0131m\u0131zda ve g\u00f6nl\u00fcm\u00fczde her zaman dik duran, helal r\u0131zk\u0131n\u0131n pe\u015findeki kocaman bir esnaf ailesi var. Birilerinin siyasi veya ki\u015fisel ikbal u\u011fruna ba\u015flatt\u0131\u011f\u0131 bu \u00e7irkin sald\u0131r\u0131lar, bizim \u00e7al\u0131\u015fma azmimizi k\u0131rmak yerine kam\u00e7\u0131lamaktad\u0131r.\u201d<\/p>\n\n\n\n<p>\u201c\u015eeffafl\u0131k Bizim K\u0131rm\u0131z\u0131 \u00c7izgimizdir\u201d<\/p>\n\n\n\n<p>G\u00f6reve geldi\u011fi g\u00fcnden bu yana t\u00fcm projelerin \u015feffafl\u0131k ilkesiyle y\u00fcr\u00fct\u00fcld\u00fc\u011f\u00fcn\u00fc belirten Dere, &#8220;Meyve veren a\u011fa\u00e7 ta\u015flan\u0131r. Ele\u015ftiriye her zaman a\u00e7\u0131\u011f\u0131z ancak haks\u0131z, mesnetsiz ve ger\u00e7ek d\u0131\u015f\u0131 ithamlarla esnaf\u0131m\u0131z\u0131n g\u00fcndemini me\u015fgul edenlere asla itibar edilmemelidir. Bizim tek bir \u00f6nceli\u011fimiz var; o da esnaf\u0131m\u0131z\u0131n haklar\u0131n\u0131 sonuna kadar savunmakt\u0131r,&#8221; diyerek kararl\u0131l\u0131\u011f\u0131n\u0131 ortaya koydu.<\/p>\n\n\n\n<p>\u0130craatlarla Dolu Bir D\u00f6nem: Esnaf\u0131n Kara G\u00fcn Dostu<\/p>\n\n\n\n<p>Haberin oda\u011f\u0131nda sadece savunma de\u011fil, Ba\u015fkan Dere d\u00f6neminde esnaf\u0131n nefes almas\u0131n\u0131 sa\u011flayan projeler de yer ald\u0131. \u00d6zellikle pandemi ve ekonomik dalgalanma s\u00fcre\u00e7lerinde esnaf\u0131n kap\u0131s\u0131n\u0131 a\u015f\u0131nd\u0131ran, vergi ve mevzuat konular\u0131nda dan\u0131\u015fmanl\u0131k hizmetlerini halka indiren AESOB, yeni i\u015f kuran gen\u00e7 giri\u015fimcilere de rehberlik etmeye devam ediyor. E\u011fitim seminerlerinden kriz destek paketlerine kadar pek \u00e7ok alanda esnaf\u0131n yan\u0131nda saf tutan Birlik, Antalya ekonomisinin can damar\u0131 olmay\u0131 s\u00fcrd\u00fcr\u00fcyor.<\/p>\n\n\n\n<p>B\u00fc\u015fra Deveci \/ Haber<\/p>\n","protected":false},"excerpt":{"rendered":"<p>Antalya Esnaf ve Sanatkarlar Odalar\u0131 Birli\u011fi (AESOB) Ba\u015fkan\u0131 Adl\u0131han Dere, son d\u00f6nemde \u015fahs\u0131na y\u00f6nelik ortaya at\u0131lan as\u0131ls\u0131z iddialara tokat gibi bir yan\u0131t verdi. Dere, &#8220;Meyve <a href=\"https:\/\/akdenizhaber.com.tr\/index.php\/2026\/03\/12\/adlihan-dereden-sert-yanit-gunes-balcikla-sivanmaz\/\" class=\"read-more-link\">[more&#8230;]<\/a><\/p>\n","protected":false},"author":2,"featured_media":32304,"comment_status":"open","ping_status":"open","sticky":false,"template":"","format":"standard","meta":{"footnotes":""},"categories":[2],"tags":[],"class_list":["post-32303","post","type-post","status-publish","format-standard","has-post-thumbnail","hentry","category-gundem"],"_links":{"self":[{"href":"https:\/\/akdenizhaber.com.tr\/index.php\/wp-json\/wp\/v2\/posts\/32303","targetHints":{"allow":["GET"]}}],"collection":[{"href":"https:\/\/akdenizhaber.com.tr\/index.php\/wp-json\/wp\/v2\/posts"}],"about":[{"href":"https:\/\/akdenizhaber.com.tr\/index.php\/wp-json\/wp\/v2\/types\/post"}],"author":[{"embeddable":true,"href":"https:\/\/akdenizhaber.com.tr\/index.php\/wp-json\/wp\/v2\/users\/2"}],"replies":[{"embeddable":true,"href":"https:\/\/akdenizhaber.com.tr\/index.php\/wp-json\/wp\/v2\/comments?post=32303"}],"version-history":[{"count":1,"href":"https:\/\/akdenizhaber.com.tr\/index.php\/wp-json\/wp\/v2\/posts\/32303\/revisions"}],"predecessor-version":[{"id":32305,"href":"https:\/\/akdenizhaber.com.tr\/index.php\/wp-json\/wp\/v2\/posts\/32303\/revisions\/32305"}],"wp:featuredmedia":[{"embeddable":true,"href":"https:\/\/akdenizhaber.com.tr\/index.php\/wp-json\/wp\/v2\/media\/32304"}],"wp:attachment":[{"href":"https:\/\/akdenizhaber.com.tr\/index.php\/wp-json\/wp\/v2\/media?parent=32303"}],"wp:term":[{"taxonomy":"category","embeddable":true,"href":"https:\/\/akdenizhaber.com.tr\/index.php\/wp-json\/wp\/v2\/categories?post=32303"},{"taxonomy":"post_tag","embeddable":true,"href":"https:\/\/akdenizhaber.com.tr\/index.php\/wp-json\/wp\/v2\/tags?post=32303"}],"curies":[{"name":"wp","href":"https:\/\/api.w.org\/{rel}","templated":true}]}}