{"id":32299,"date":"2026-03-12T16:20:09","date_gmt":"2026-03-12T13:20:09","guid":{"rendered":"https:\/\/akdenizhaber.com.tr\/?p=32299"},"modified":"2026-03-12T16:20:10","modified_gmt":"2026-03-12T13:20:10","slug":"manavgatta-tarihi-bulusma-esnafin-birlik-ozlemi-ahi-sofrasinda-dindi","status":"publish","type":"post","link":"https:\/\/akdenizhaber.com.tr\/index.php\/2026\/03\/12\/manavgatta-tarihi-bulusma-esnafin-birlik-ozlemi-ahi-sofrasinda-dindi\/","title":{"rendered":"Manavgat\u2019ta Tarihi Bulu\u015fma: Esnaf\u0131n Birlik \u00d6zlemi Ahi Sofras\u0131nda Dindi!"},"content":{"rendered":"\n<p><\/p>\n\n\n\n<p>Manavgat Esnaf ve Sanatkarlar Odas\u0131 (MESO) taraf\u0131ndan d\u00fczenlenen b\u00fcy\u00fck iftar bulu\u015fmas\u0131, binlerce esnaf\u0131 ve kent protokol\u00fcn\u00fc ayn\u0131 sofrada bir araya getirdi. Yeni Ba\u015fkan Abdullah Doru\u2019nun ev sahipli\u011finde ger\u00e7ekle\u015fen organizasyon, Manavgat\u2019ta y\u0131llard\u0131r beklenen birlik ve beraberlik ruhunu yeniden canland\u0131rd\u0131.<\/p>\n\n\n\n<p>Pazartesi Pazar\u0131\u2019nda Karde\u015flik Sofras\u0131<\/p>\n\n\n\n<p>11 Mart 2026 \u00c7ar\u015famba ak\u015fam\u0131 Pazartesi Pazar\u0131 kompleksinde kurulan dev iftar sofras\u0131, Manavgat\u2019\u0131n t\u00fcm renklerini a\u011f\u0131rlad\u0131. Ahi Evren k\u00fclt\u00fcr\u00fcn\u00fcn modern bir yans\u0131mas\u0131 olan bulu\u015fmaya, siyasi parti temsilcileri, kamu kurum m\u00fcd\u00fcrleri, sivil toplum kurulu\u015fu liderleri, oda ba\u015fkanlar\u0131 ve binlerce esnaf kat\u0131l\u0131m sa\u011flad\u0131. Ezan\u0131n okunmas\u0131yla birlikte binlerce ki\u015fi, dualar e\u015fli\u011finde orucunu a\u00e7arken ortaya \u00e7\u0131kan tablo &#8220;Manavgat\u2019\u0131n kucakla\u015fmas\u0131&#8221; olarak yorumland\u0131.<\/p>\n\n\n\n<p>Ba\u015fkan Abdullah Doru: &#8220;Biz Payla\u015ft\u0131k\u00e7a \u00c7o\u011fal\u0131r\u0131z&#8221;<\/p>\n\n\n\n<p>Gecenin anlam ve \u00f6nemine dair duygusal bir konu\u015fma yapan Manavgat Esnaf ve Sanatkarlar Odas\u0131 Ba\u015fkan\u0131 Abdullah Doru, esnaf\u0131n bir toplumun omurgas\u0131 oldu\u011funu vurgulad\u0131. G\u00f6reve geldikleri g\u00fcnden bu yana birle\u015ftirici bir g\u00fc\u00e7 olmay\u0131 hedeflediklerini belirten Doru, \u015fu ifadeleri kulland\u0131:<\/p>\n\n\n\n<p>&#8220;Bug\u00fcn burada sadece ekme\u011fimizi de\u011fil, dostlu\u011fumuzu ve gelece\u011fe olan umudumuzu da payla\u015f\u0131yoruz. Esnaf\u0131m\u0131z uzun zamand\u0131r bu birlikteli\u011fin \u00f6zlemini \u00e7ekiyordu. Manavgat bug\u00fcn burada tek y\u00fcrek oldu. Dualar\u0131m\u0131z g\u00f6ky\u00fcz\u00fcne, g\u00f6n\u00fcllerimiz birbirine ula\u015ft\u0131.&#8221;<\/p>\n\n\n\n<p>&#8220;Esnaf G\u00fc\u00e7l\u00fcyse Memleket G\u00fc\u00e7l\u00fcd\u00fcr&#8221;<\/p>\n\n\n\n<p>Konu\u015fmas\u0131nda dayan\u0131\u015fma ruhunun yerel kalk\u0131nmadaki rol\u00fcne dikkat \u00e7eken Ba\u015fkan Doru, esnaf\u0131n refah\u0131n\u0131n zincirleme bir etkisi oldu\u011funu belirterek s\u00f6zlerini \u015f\u00f6yle s\u00fcrd\u00fcrd\u00fc: &#8220;Bizim bir ilkemiz var: Esnaf g\u00fc\u00e7l\u00fc olursa mahalle, mahalle g\u00fc\u00e7l\u00fc olursa \u015fehir, \u015fehir g\u00fc\u00e7l\u00fc olursa memleket g\u00fc\u00e7l\u00fc olur. Biz kucakla\u015farak b\u00fcy\u00fcyecek, birle\u015ferek g\u00fc\u00e7lenece\u011fiz. Manavgat Esnaf ve Sanatkarlar Odas\u0131 olarak, her zaman bu \u015fehrin birle\u015ftirici harc\u0131 olmaya devam edece\u011fiz.&#8221;<\/p>\n\n\n\n<p>Ahilik Gelene\u011fi Yeniden Canlan\u0131yor<\/p>\n\n\n\n<p>Kat\u0131l\u0131mc\u0131lar, organizasyonun kusursuzlu\u011fu ve yarat\u0131lan samimi ortamdan duyduklar\u0131 memnuniyeti dile getirirken, bu t\u00fcr bulu\u015fmalar\u0131n Manavgat ticaret hayat\u0131na moral ve motivasyon katt\u0131\u011f\u0131 ifade edildi. Program, yap\u0131lan yemek duas\u0131n\u0131n ard\u0131ndan esnaflar\u0131n Ba\u015fkan Doru ve y\u00f6netim kurulu \u00fcyeleriyle sohbet etmesi ve hat\u0131ra foto\u011fraflar\u0131 \u00e7ekilmesiyle son buldu.<\/p>\n\n\n\n<p>B\u00fc\u015fra Deveci \/ Haber<\/p>\n","protected":false},"excerpt":{"rendered":"<p>Manavgat Esnaf ve Sanatkarlar Odas\u0131 (MESO) taraf\u0131ndan d\u00fczenlenen b\u00fcy\u00fck iftar bulu\u015fmas\u0131, binlerce esnaf\u0131 ve kent protokol\u00fcn\u00fc ayn\u0131 sofrada bir araya getirdi. Yeni Ba\u015fkan Abdullah Doru\u2019nun <a href=\"https:\/\/akdenizhaber.com.tr\/index.php\/2026\/03\/12\/manavgatta-tarihi-bulusma-esnafin-birlik-ozlemi-ahi-sofrasinda-dindi\/\" class=\"read-more-link\">[more&#8230;]<\/a><\/p>\n","protected":false},"author":2,"featured_media":32301,"comment_status":"open","ping_status":"open","sticky":false,"template":"","format":"standard","meta":{"footnotes":""},"categories":[2],"tags":[],"class_list":["post-32299","post","type-post","status-publish","format-standard","has-post-thumbnail","hentry","category-gundem"],"_links":{"self":[{"href":"https:\/\/akdenizhaber.com.tr\/index.php\/wp-json\/wp\/v2\/posts\/32299","targetHints":{"allow":["GET"]}}],"collection":[{"href":"https:\/\/akdenizhaber.com.tr\/index.php\/wp-json\/wp\/v2\/posts"}],"about":[{"href":"https:\/\/akdenizhaber.com.tr\/index.php\/wp-json\/wp\/v2\/types\/post"}],"author":[{"embeddable":true,"href":"https:\/\/akdenizhaber.com.tr\/index.php\/wp-json\/wp\/v2\/users\/2"}],"replies":[{"embeddable":true,"href":"https:\/\/akdenizhaber.com.tr\/index.php\/wp-json\/wp\/v2\/comments?post=32299"}],"version-history":[{"count":1,"href":"https:\/\/akdenizhaber.com.tr\/index.php\/wp-json\/wp\/v2\/posts\/32299\/revisions"}],"predecessor-version":[{"id":32302,"href":"https:\/\/akdenizhaber.com.tr\/index.php\/wp-json\/wp\/v2\/posts\/32299\/revisions\/32302"}],"wp:featuredmedia":[{"embeddable":true,"href":"https:\/\/akdenizhaber.com.tr\/index.php\/wp-json\/wp\/v2\/media\/32301"}],"wp:attachment":[{"href":"https:\/\/akdenizhaber.com.tr\/index.php\/wp-json\/wp\/v2\/media?parent=32299"}],"wp:term":[{"taxonomy":"category","embeddable":true,"href":"https:\/\/akdenizhaber.com.tr\/index.php\/wp-json\/wp\/v2\/categories?post=32299"},{"taxonomy":"post_tag","embeddable":true,"href":"https:\/\/akdenizhaber.com.tr\/index.php\/wp-json\/wp\/v2\/tags?post=32299"}],"curies":[{"name":"wp","href":"https:\/\/api.w.org\/{rel}","templated":true}]}}