{"id":32296,"date":"2026-03-12T16:17:36","date_gmt":"2026-03-12T13:17:36","guid":{"rendered":"https:\/\/akdenizhaber.com.tr\/?p=32296"},"modified":"2026-03-12T16:17:36","modified_gmt":"2026-03-12T13:17:36","slug":"manavgatta-potanin-engelsiz-devleri-sahneye-cikiyor","status":"publish","type":"post","link":"https:\/\/akdenizhaber.com.tr\/index.php\/2026\/03\/12\/manavgatta-potanin-engelsiz-devleri-sahneye-cikiyor\/","title":{"rendered":"MANAVGAT\u2019TA POTANIN ENGELS\u0130Z DEVLER\u0130 SAHNEYE \u00c7IKIYOR!"},"content":{"rendered":"\n<p>T\u00fcrkiye Bedensel Engelliler Spor Federasyonu\u2019nun 2025-2026 sezonu heyecan\u0131 Manavgat\u2019a ta\u015f\u0131n\u0131yor. Tekerlekli Sandalye Basketbol 1. ve 2. Lig Play-Off m\u00fcsabakalar\u0131nda tak\u0131mlar, \u015fampiyonluk ve \u00fcst lig hayalleri i\u00e7in parkede ter d\u00f6kecek.<\/p>\n\n\n\n<p>Antalya\u2019n\u0131n spor turizmindeki y\u00fckselen y\u0131ld\u0131z\u0131 Manavgat, Nisan ve May\u0131s aylar\u0131nda dev bir organizasyona ev sahipli\u011fi yapmaya haz\u0131rlan\u0131yor. T\u00fcrkiye Bedensel Engelliler Spor Federasyonu (TBESF) taraf\u0131ndan d\u00fczenlenen Tekerlekli Sandalye Basketbol 1. Lig ve 2. Lig Play-Off M\u00fcsabakalar\u0131, 24 Nisan \u2013 07 May\u0131s 2026 tarihleri aras\u0131nda Manavgat Mehmet Akif Ersoy Spor Salonu\u2019nda ger\u00e7ekle\u015ftirilecek.<\/p>\n\n\n\n<p>\u00dcst Lig Yolunda K\u0131ran K\u0131rana M\u00fccadele<\/p>\n\n\n\n<p>T\u00fcrkiye\u2019nin d\u00f6rt bir yan\u0131ndan gelen ba\u015far\u0131l\u0131 kul\u00fcpler, sezon boyu verdikleri eme\u011fin kar\u015f\u0131l\u0131\u011f\u0131n\u0131 almak i\u00e7in Manavgat\u2019ta bulu\u015fuyor. Federasyon yetkilileri, hakemler ve teknik ekiplerin koordinasyonunda y\u00fcr\u00fct\u00fclecek organizasyonda, sporcular\u0131n tek hedefi galibiyet serisi yakalayarak bir \u00fcst lige ad\u0131n\u0131 yazd\u0131rmak. Azmin ve fiziksel s\u0131n\u0131rlar\u0131 zorlayan m\u00fccadelenin en \u00fcst seviyede ya\u015fanaca\u011f\u0131 ma\u00e7lar\u0131n, basketbol severlere unutulmaz anlar ya\u015fatmas\u0131 bekleniyor.<\/p>\n\n\n\n<p>Sadece Spor De\u011fil, Bir Fark\u0131ndal\u0131k Hareketi<\/p>\n\n\n\n<p>Bu dev organizasyon, Manavgat\u2019\u0131n sadece do\u011fal g\u00fczellikleriyle de\u011fil, modern spor tesisleriyle de ulusal d\u00fczeydeki g\u00fcc\u00fcn\u00fc kan\u0131tl\u0131yor. Organizasyonun temel ama\u00e7lar\u0131 aras\u0131nda;<\/p>\n\n\n\n<p>\u2022Engelli bireylerin spor yoluyla toplumsal hayata kat\u0131l\u0131m\u0131n\u0131 art\u0131rmak,<\/p>\n\n\n\n<p>\u2022Tekerlekli sandalye basketbol bran\u015f\u0131n\u0131 geni\u015f kitlelere tan\u0131tmak,<\/p>\n\n\n\n<p>\u2022Manavgat\u2019\u0131n spor turizmi potansiyelini ulusal platformda sergilemek yer al\u0131yor.<\/p>\n\n\n\n<p>&#8220;T\u00fcm Halk\u0131m\u0131z\u0131 Bekliyoruz&#8221;<\/p>\n\n\n\n<p>Yetkililer, sporun birle\u015ftirici g\u00fcc\u00fcn\u00fc yerinde g\u00f6rmek ve engelleri a\u015fan kahramanlara destek olmak i\u00e7in t\u00fcm Manavgat halk\u0131n\u0131 ve sporseverleri trib\u00fcnlere davet etti. Giri\u015flerin \u00fccretsiz olmas\u0131 beklenen m\u00fcsabakalar boyunca Mehmet Akif Ersoy Spor Salonu\u2019nun tarihi bir kalabal\u0131\u011fa ev sahipli\u011fi yapmas\u0131 \u00f6ng\u00f6r\u00fcl\u00fcyor.<\/p>\n\n\n\n<p>B\u00fc\u015fra Deveci \/ Haber<\/p>\n","protected":false},"excerpt":{"rendered":"<p>T\u00fcrkiye Bedensel Engelliler Spor Federasyonu\u2019nun 2025-2026 sezonu heyecan\u0131 Manavgat\u2019a ta\u015f\u0131n\u0131yor. Tekerlekli Sandalye Basketbol 1. ve 2. Lig Play-Off m\u00fcsabakalar\u0131nda tak\u0131mlar, \u015fampiyonluk ve \u00fcst lig hayalleri <a href=\"https:\/\/akdenizhaber.com.tr\/index.php\/2026\/03\/12\/manavgatta-potanin-engelsiz-devleri-sahneye-cikiyor\/\" class=\"read-more-link\">[more&#8230;]<\/a><\/p>\n","protected":false},"author":2,"featured_media":32297,"comment_status":"open","ping_status":"open","sticky":false,"template":"","format":"standard","meta":{"footnotes":""},"categories":[2],"tags":[],"class_list":["post-32296","post","type-post","status-publish","format-standard","has-post-thumbnail","hentry","category-gundem"],"_links":{"self":[{"href":"https:\/\/akdenizhaber.com.tr\/index.php\/wp-json\/wp\/v2\/posts\/32296","targetHints":{"allow":["GET"]}}],"collection":[{"href":"https:\/\/akdenizhaber.com.tr\/index.php\/wp-json\/wp\/v2\/posts"}],"about":[{"href":"https:\/\/akdenizhaber.com.tr\/index.php\/wp-json\/wp\/v2\/types\/post"}],"author":[{"embeddable":true,"href":"https:\/\/akdenizhaber.com.tr\/index.php\/wp-json\/wp\/v2\/users\/2"}],"replies":[{"embeddable":true,"href":"https:\/\/akdenizhaber.com.tr\/index.php\/wp-json\/wp\/v2\/comments?post=32296"}],"version-history":[{"count":1,"href":"https:\/\/akdenizhaber.com.tr\/index.php\/wp-json\/wp\/v2\/posts\/32296\/revisions"}],"predecessor-version":[{"id":32298,"href":"https:\/\/akdenizhaber.com.tr\/index.php\/wp-json\/wp\/v2\/posts\/32296\/revisions\/32298"}],"wp:featuredmedia":[{"embeddable":true,"href":"https:\/\/akdenizhaber.com.tr\/index.php\/wp-json\/wp\/v2\/media\/32297"}],"wp:attachment":[{"href":"https:\/\/akdenizhaber.com.tr\/index.php\/wp-json\/wp\/v2\/media?parent=32296"}],"wp:term":[{"taxonomy":"category","embeddable":true,"href":"https:\/\/akdenizhaber.com.tr\/index.php\/wp-json\/wp\/v2\/categories?post=32296"},{"taxonomy":"post_tag","embeddable":true,"href":"https:\/\/akdenizhaber.com.tr\/index.php\/wp-json\/wp\/v2\/tags?post=32296"}],"curies":[{"name":"wp","href":"https:\/\/api.w.org\/{rel}","templated":true}]}}