{"id":32293,"date":"2026-03-12T16:14:19","date_gmt":"2026-03-12T13:14:19","guid":{"rendered":"https:\/\/akdenizhaber.com.tr\/?p=32293"},"modified":"2026-03-12T16:20:32","modified_gmt":"2026-03-12T13:20:32","slug":"masmo-imzaladi-uyeler-kazandi","status":"publish","type":"post","link":"https:\/\/akdenizhaber.com.tr\/index.php\/2026\/03\/12\/masmo-imzaladi-uyeler-kazandi\/","title":{"rendered":"&#8220;MASMO \u0130MZALADI, \u00dcYELER KAZANDI!&#8221;"},"content":{"rendered":"\n<p>Manavgat Serbest Muhasebeci Mali M\u00fc\u015favirler Odas\u0131 (MASMO), hayata ge\u00e7irdi\u011fi geni\u015f kapsaml\u0131 indirim protokolleriyle \u00fcyelerinin ve ailelerinin b\u00fct\u00e7esine nefes ald\u0131r\u0131yor. Ba\u015fkan Erkan Tuncer, &#8220;\u00dcyelerimizin yan\u0131nday\u0131z&#8221; mesaj\u0131 verdi.<\/p>\n\n\n\n<p>Ekonomik dalgalanmalar\u0131n hissedildi\u011fi bu g\u00fcnlerde, Manavgat Mali M\u00fc\u015favirler Odas\u0131 (MASMO) \u00f6rnek bir dayan\u0131\u015fma hamlesine imza att\u0131. Oda \u00fcyeleri ve birinci derece yak\u0131nlar\u0131n\u0131 kapsayan indirim anla\u015fmalar\u0131yla; sa\u011fl\u0131ktan e\u011fitime, otomotivden opti\u011fe kadar pek \u00e7ok sekt\u00f6rde avantajl\u0131 al\u0131\u015fveri\u015fin kap\u0131lar\u0131 araland\u0131.<\/p>\n\n\n\n<p>&#8220;Amac\u0131m\u0131z \u00dcyelerimize Nefes Ald\u0131rmak&#8221;<\/p>\n\n\n\n<p>Konuyla ilgili a\u00e7\u0131klamalarda bulunan MASMO Ba\u015fkan\u0131 Erkan Tuncer, y\u00f6netim kurulu olarak \u00f6nceliklerinin \u00fcyelerin sosyal ve ekonomik refah\u0131n\u0131 korumak oldu\u011funu vurgulad\u0131. Tuncer, \u015fu ana kadar yakla\u015f\u0131k on firma ile el s\u0131k\u0131\u015ft\u0131klar\u0131n\u0131 belirterek \u015funlar\u0131 s\u00f6yledi:<\/p>\n\n\n\n<p>&#8220;\u00dclke genelindeki ekonomik s\u0131k\u0131nt\u0131lar\u0131n devam etti\u011fi bu s\u00fcre\u00e7te, \u00fcyelerimizin bir nebze de olsa nefes alabilmelerini hedefliyoruz. \u015eu ana kadar farkl\u0131 sekt\u00f6rlerden bir\u00e7ok firma ile protokollerimizi imzalad\u0131k. G\u00f6r\u00fc\u015fmelerimiz h\u0131z kesmeden devam ediyor. \u00d6n\u00fcm\u00fczdeki g\u00fcnlerde yeni m\u00fcjdelerle bu listeyi daha da geni\u015fletece\u011fiz.&#8221;<\/p>\n\n\n\n<p>Sa\u011fl\u0131ktan E\u011fitime Dev \u0130\u015f Birlikleri<\/p>\n\n\n\n<p>Ba\u015fkan Tuncer, sadece mevcut indirimlerle s\u0131n\u0131rl\u0131 kalmayacaklar\u0131n\u0131, oda \u00fcyelerine destek sa\u011flayacak farkl\u0131 projeler \u00fczerinde de \u00e7al\u0131\u015ft\u0131klar\u0131n\u0131 ifade etti. Yap\u0131lan son protokoller dahilinde MASMO \u00fcyelerinin indirimli hizmet alabilece\u011fi kurumlar ise \u015f\u00f6yle s\u0131raland\u0131:<\/p>\n\n\n\n<p>\u2022\u00d6zel BNC Dental A\u011f\u0131z ve Di\u015f Sa\u011fl\u0131\u011f\u0131 Merkezi (Kemal Binici)<\/p>\n\n\n\n<p>\u2022Kurtargo Yol Yard\u0131m &amp; Transfer (Murat Uluda\u011f)<\/p>\n\n\n\n<p>\u2022RK Aksesuar ve Oto Y\u0131kama (Ramazan Ko\u00e7)<\/p>\n\n\n\n<p>\u2022Maslak Optica (Mustafa Maslak)<\/p>\n\n\n\n<p>\u2022Bat\u0131r G\u00fczellik Salonu (\u0130pek Bat\u0131r)<\/p>\n\n\n\n<p>\u2022Parmak \u0130zi Koleji<\/p>\n\n\n\n<p>Yeni anla\u015fmalar\u0131n ve g\u00fcncel listenin \u00f6n\u00fcm\u00fczdeki g\u00fcnlerde oda kanallar\u0131 arac\u0131l\u0131\u011f\u0131yla duyurulmaya devam edece\u011fi \u00f6\u011frenildi.<\/p>\n\n\n\n<p>B\u00fc\u015fra Deveci \/ Haber<\/p>\n","protected":false},"excerpt":{"rendered":"<p>Manavgat Serbest Muhasebeci Mali M\u00fc\u015favirler Odas\u0131 (MASMO), hayata ge\u00e7irdi\u011fi geni\u015f kapsaml\u0131 indirim protokolleriyle \u00fcyelerinin ve ailelerinin b\u00fct\u00e7esine nefes ald\u0131r\u0131yor. Ba\u015fkan Erkan Tuncer, &#8220;\u00dcyelerimizin yan\u0131nday\u0131z&#8221; mesaj\u0131 <a href=\"https:\/\/akdenizhaber.com.tr\/index.php\/2026\/03\/12\/masmo-imzaladi-uyeler-kazandi\/\" class=\"read-more-link\">[more&#8230;]<\/a><\/p>\n","protected":false},"author":2,"featured_media":32294,"comment_status":"open","ping_status":"open","sticky":false,"template":"","format":"standard","meta":{"footnotes":""},"categories":[2],"tags":[],"class_list":["post-32293","post","type-post","status-publish","format-standard","has-post-thumbnail","hentry","category-gundem"],"_links":{"self":[{"href":"https:\/\/akdenizhaber.com.tr\/index.php\/wp-json\/wp\/v2\/posts\/32293","targetHints":{"allow":["GET"]}}],"collection":[{"href":"https:\/\/akdenizhaber.com.tr\/index.php\/wp-json\/wp\/v2\/posts"}],"about":[{"href":"https:\/\/akdenizhaber.com.tr\/index.php\/wp-json\/wp\/v2\/types\/post"}],"author":[{"embeddable":true,"href":"https:\/\/akdenizhaber.com.tr\/index.php\/wp-json\/wp\/v2\/users\/2"}],"replies":[{"embeddable":true,"href":"https:\/\/akdenizhaber.com.tr\/index.php\/wp-json\/wp\/v2\/comments?post=32293"}],"version-history":[{"count":1,"href":"https:\/\/akdenizhaber.com.tr\/index.php\/wp-json\/wp\/v2\/posts\/32293\/revisions"}],"predecessor-version":[{"id":32295,"href":"https:\/\/akdenizhaber.com.tr\/index.php\/wp-json\/wp\/v2\/posts\/32293\/revisions\/32295"}],"wp:featuredmedia":[{"embeddable":true,"href":"https:\/\/akdenizhaber.com.tr\/index.php\/wp-json\/wp\/v2\/media\/32294"}],"wp:attachment":[{"href":"https:\/\/akdenizhaber.com.tr\/index.php\/wp-json\/wp\/v2\/media?parent=32293"}],"wp:term":[{"taxonomy":"category","embeddable":true,"href":"https:\/\/akdenizhaber.com.tr\/index.php\/wp-json\/wp\/v2\/categories?post=32293"},{"taxonomy":"post_tag","embeddable":true,"href":"https:\/\/akdenizhaber.com.tr\/index.php\/wp-json\/wp\/v2\/tags?post=32293"}],"curies":[{"name":"wp","href":"https:\/\/api.w.org\/{rel}","templated":true}]}}