{"id":32290,"date":"2026-03-12T16:13:31","date_gmt":"2026-03-12T13:13:31","guid":{"rendered":"https:\/\/akdenizhaber.com.tr\/?p=32290"},"modified":"2026-03-12T16:13:32","modified_gmt":"2026-03-12T13:13:32","slug":"manavgatta-guc-birligi-esnaf-kefalet-ten-sut-birligine-hayirli-olsun-ziyareti","status":"publish","type":"post","link":"https:\/\/akdenizhaber.com.tr\/index.php\/2026\/03\/12\/manavgatta-guc-birligi-esnaf-kefalet-ten-sut-birligine-hayirli-olsun-ziyareti\/","title":{"rendered":"Manavgat\u2019ta G\u00fc\u00e7 Birli\u011fi: Esnaf Kefalet \u2019ten S\u00fct Birli\u011fi\u2019ne Hay\u0131rl\u0131 Olsun Ziyareti"},"content":{"rendered":"\n<p><\/p>\n\n\n\n<p>Manavgat\u2019\u0131n iki \u00f6nemli sivil toplum kurulu\u015fu, nezaket ziyaretinde bir araya gelerek il\u00e7enin gelece\u011fi \u00fczerine isti\u015farelerde bulundu. Manavgat Esnaf ve Sanatkarlar Kredi ve Kefalet Kooperatifi Ba\u015fkan\u0131 Salim Aksoy, y\u00f6netim kurulu \u00fcyeleriyle birlikte, ge\u00e7ti\u011fimiz g\u00fcnlerde ger\u00e7ekle\u015ftirilen genel kurulda g\u00fcven tazeleyen S\u00fct \u00dcreticileri Birli\u011fi Ba\u015fkan\u0131 Bilal Ay\u2019\u0131 makam\u0131nda ziyaret etti.<\/p>\n\n\n\n<p>&#8220;G\u00dcVEN TAZELEMEK \u00d6NEML\u0130D\u0130R&#8221;<\/p>\n\n\n\n<p>&nbsp;Ziyaret s\u0131ras\u0131nda bir konu\u015fma yapan Salim Aksoy, Bilal Ay ve ekibinin yeniden g\u00f6reve se\u00e7ilmesinden duydu\u011fu memnuniyeti dile getirdi. Aksoy, &#8220;\u00dcyelerden yeniden g\u00fcvenoyu alarak yola devam etmek, yap\u0131lan hizmetlerin bir takdiridir. Bilal Ba\u015fkan\u0131m\u0131za ve y\u00f6netim kurulu \u00fcyelerine yeni d\u00f6nemde de ba\u015far\u0131lar diliyoruz&#8221; dedi.<\/p>\n\n\n\n<p>G\u00dcNDEM: MANAVGAT&#8217;IN SORUNLARI<\/p>\n\n\n\n<p>Kar\u015f\u0131l\u0131kl\u0131 samimi bir sohbet e\u015fli\u011finde ger\u00e7ekle\u015fen g\u00f6r\u00fc\u015fmede, sadece tebrikler de\u011fil, Manavgat\u2019\u0131n g\u00fcncel sorunlar\u0131 da masaya yat\u0131r\u0131ld\u0131. Esnaf\u0131n ve s\u00fct \u00fcreticilerinin b\u00f6lge ekonomisindeki yeri \u00fczerine durulurken, il\u00e7edeki sekt\u00f6rel geli\u015fim i\u00e7in ortak ak\u0131l vurgusu yap\u0131ld\u0131.<\/p>\n\n\n\n<p>BA\u015eKAN AY\u2019DAN TE\u015eEKK\u00dcR<\/p>\n\n\n\n<p>&nbsp;Ziyaretten dolay\u0131 b\u00fcy\u00fck mutluluk duydu\u011funu belirten S\u00fct Birli\u011fi Ba\u015fkan\u0131 Bilal Ay, se\u00e7im s\u00fcrecinin ard\u0131ndan toplumun her kesiminden yo\u011fun bir ilgi g\u00f6rd\u00fcklerini ifade etti. Ay, &#8220;Esnaf Kefalet Kooperatifi Ba\u015fkan\u0131m\u0131z Say\u0131n Salim Aksoy ve k\u0131ymetli y\u00f6netimine bu nazik ziyaretleri ve y\u00fcrek dolusu temennileri i\u00e7in te\u015fekk\u00fcr ediyorum. \u015eehrimiz i\u00e7in birlik ve beraberlik i\u00e7inde \u00e7al\u0131\u015fmaya devam edece\u011fiz&#8221; ifadelerini kulland\u0131.<\/p>\n\n\n\n<p>B\u00fc\u015fra Deveci \/ Haber<\/p>\n","protected":false},"excerpt":{"rendered":"<p>Manavgat\u2019\u0131n iki \u00f6nemli sivil toplum kurulu\u015fu, nezaket ziyaretinde bir araya gelerek il\u00e7enin gelece\u011fi \u00fczerine isti\u015farelerde bulundu. Manavgat Esnaf ve Sanatkarlar Kredi ve Kefalet Kooperatifi Ba\u015fkan\u0131 <a href=\"https:\/\/akdenizhaber.com.tr\/index.php\/2026\/03\/12\/manavgatta-guc-birligi-esnaf-kefalet-ten-sut-birligine-hayirli-olsun-ziyareti\/\" class=\"read-more-link\">[more&#8230;]<\/a><\/p>\n","protected":false},"author":2,"featured_media":32291,"comment_status":"open","ping_status":"open","sticky":false,"template":"","format":"standard","meta":{"footnotes":""},"categories":[2],"tags":[],"class_list":["post-32290","post","type-post","status-publish","format-standard","has-post-thumbnail","hentry","category-gundem"],"_links":{"self":[{"href":"https:\/\/akdenizhaber.com.tr\/index.php\/wp-json\/wp\/v2\/posts\/32290","targetHints":{"allow":["GET"]}}],"collection":[{"href":"https:\/\/akdenizhaber.com.tr\/index.php\/wp-json\/wp\/v2\/posts"}],"about":[{"href":"https:\/\/akdenizhaber.com.tr\/index.php\/wp-json\/wp\/v2\/types\/post"}],"author":[{"embeddable":true,"href":"https:\/\/akdenizhaber.com.tr\/index.php\/wp-json\/wp\/v2\/users\/2"}],"replies":[{"embeddable":true,"href":"https:\/\/akdenizhaber.com.tr\/index.php\/wp-json\/wp\/v2\/comments?post=32290"}],"version-history":[{"count":1,"href":"https:\/\/akdenizhaber.com.tr\/index.php\/wp-json\/wp\/v2\/posts\/32290\/revisions"}],"predecessor-version":[{"id":32292,"href":"https:\/\/akdenizhaber.com.tr\/index.php\/wp-json\/wp\/v2\/posts\/32290\/revisions\/32292"}],"wp:featuredmedia":[{"embeddable":true,"href":"https:\/\/akdenizhaber.com.tr\/index.php\/wp-json\/wp\/v2\/media\/32291"}],"wp:attachment":[{"href":"https:\/\/akdenizhaber.com.tr\/index.php\/wp-json\/wp\/v2\/media?parent=32290"}],"wp:term":[{"taxonomy":"category","embeddable":true,"href":"https:\/\/akdenizhaber.com.tr\/index.php\/wp-json\/wp\/v2\/categories?post=32290"},{"taxonomy":"post_tag","embeddable":true,"href":"https:\/\/akdenizhaber.com.tr\/index.php\/wp-json\/wp\/v2\/tags?post=32290"}],"curies":[{"name":"wp","href":"https:\/\/api.w.org\/{rel}","templated":true}]}}