{"id":32287,"date":"2026-03-12T16:11:24","date_gmt":"2026-03-12T13:11:24","guid":{"rendered":"https:\/\/akdenizhaber.com.tr\/?p=32287"},"modified":"2026-03-12T16:11:24","modified_gmt":"2026-03-12T13:11:24","slug":"tesekkurler-ramazan-sirin","status":"publish","type":"post","link":"https:\/\/akdenizhaber.com.tr\/index.php\/2026\/03\/12\/tesekkurler-ramazan-sirin\/","title":{"rendered":"TE\u015eEKK\u00dcRLER RAMAZAN \u015e\u0130R\u0130N"},"content":{"rendered":"\n<p>Ge\u00e7ti\u011fimiz g\u00fcnlerde d\u00fczenlenen geleneksel Has \u015eirin Emlak Gen\u00e7lik lig turnuvas\u0131nda Ko\u00e7lar medya Manavgat\u2019\u0131n Sesi ve Akdeniz Haber Gazeteleri olarak yer verdi\u011fimiz haberler nedeniyle turnuva d\u00fczenleyen i\u015f insan\u0131 Ramazan \u015eirin taraf\u0131m\u0131za te\u015fekk\u00fcr plaketi takdim etti.<\/p>\n\n\n\n<p>Manavgat\u2019ta futbolun ve sporun daha iyi yerlere gelmesi ad\u0131na bilhassa gen\u00e7lere verdi\u011fi \u00f6nemli katk\u0131lar nedeniyle Ramazan \u015eirin\u2019i kutlar, te\u015fekk\u00fcr ederiz.<\/p>\n\n\n\n<p>B\u00fc\u015fra Deveci \/ Haber<\/p>\n","protected":false},"excerpt":{"rendered":"<p>Ge\u00e7ti\u011fimiz g\u00fcnlerde d\u00fczenlenen geleneksel Has \u015eirin Emlak Gen\u00e7lik lig turnuvas\u0131nda Ko\u00e7lar medya Manavgat\u2019\u0131n Sesi ve Akdeniz Haber Gazeteleri olarak yer verdi\u011fimiz haberler nedeniyle turnuva d\u00fczenleyen <a href=\"https:\/\/akdenizhaber.com.tr\/index.php\/2026\/03\/12\/tesekkurler-ramazan-sirin\/\" class=\"read-more-link\">[more&#8230;]<\/a><\/p>\n","protected":false},"author":2,"featured_media":32288,"comment_status":"open","ping_status":"open","sticky":false,"template":"","format":"standard","meta":{"footnotes":""},"categories":[2],"tags":[],"class_list":["post-32287","post","type-post","status-publish","format-standard","has-post-thumbnail","hentry","category-gundem"],"_links":{"self":[{"href":"https:\/\/akdenizhaber.com.tr\/index.php\/wp-json\/wp\/v2\/posts\/32287","targetHints":{"allow":["GET"]}}],"collection":[{"href":"https:\/\/akdenizhaber.com.tr\/index.php\/wp-json\/wp\/v2\/posts"}],"about":[{"href":"https:\/\/akdenizhaber.com.tr\/index.php\/wp-json\/wp\/v2\/types\/post"}],"author":[{"embeddable":true,"href":"https:\/\/akdenizhaber.com.tr\/index.php\/wp-json\/wp\/v2\/users\/2"}],"replies":[{"embeddable":true,"href":"https:\/\/akdenizhaber.com.tr\/index.php\/wp-json\/wp\/v2\/comments?post=32287"}],"version-history":[{"count":1,"href":"https:\/\/akdenizhaber.com.tr\/index.php\/wp-json\/wp\/v2\/posts\/32287\/revisions"}],"predecessor-version":[{"id":32289,"href":"https:\/\/akdenizhaber.com.tr\/index.php\/wp-json\/wp\/v2\/posts\/32287\/revisions\/32289"}],"wp:featuredmedia":[{"embeddable":true,"href":"https:\/\/akdenizhaber.com.tr\/index.php\/wp-json\/wp\/v2\/media\/32288"}],"wp:attachment":[{"href":"https:\/\/akdenizhaber.com.tr\/index.php\/wp-json\/wp\/v2\/media?parent=32287"}],"wp:term":[{"taxonomy":"category","embeddable":true,"href":"https:\/\/akdenizhaber.com.tr\/index.php\/wp-json\/wp\/v2\/categories?post=32287"},{"taxonomy":"post_tag","embeddable":true,"href":"https:\/\/akdenizhaber.com.tr\/index.php\/wp-json\/wp\/v2\/tags?post=32287"}],"curies":[{"name":"wp","href":"https:\/\/api.w.org\/{rel}","templated":true}]}}