{"id":32284,"date":"2026-03-12T16:10:36","date_gmt":"2026-03-12T13:10:36","guid":{"rendered":"https:\/\/akdenizhaber.com.tr\/?p=32284"},"modified":"2026-03-12T16:10:37","modified_gmt":"2026-03-12T13:10:37","slug":"cicek-iftar-sofralarinda-vatandaslarla-bulustu-2","status":"publish","type":"post","link":"https:\/\/akdenizhaber.com.tr\/index.php\/2026\/03\/12\/cicek-iftar-sofralarinda-vatandaslarla-bulustu-2\/","title":{"rendered":"\u00c7i\u00e7ek, Iftar Sofralar\u0131nda Vatanda\u015flarla Bulu\u015ftu"},"content":{"rendered":"\n<p>&nbsp;&nbsp;&nbsp;&nbsp;&nbsp;&nbsp;&nbsp;&nbsp;&nbsp;&nbsp;&nbsp; Manavgat Belediyesi, Ramazan ay\u0131 boyunca kurdu\u011fu iftar sofralar\u0131 ile payla\u015fma ve dayan\u0131\u015fma k\u00fclt\u00fcr\u00fcn\u00fc ya\u015fatmaya devam ediyor. Ramazan ay\u0131n\u0131n yirmi birinci g\u00fcn\u00fcnde Atat\u00fcrk K\u00fclt\u00fcr Merkezi\u2019nde kurulan iftar sofras\u0131nda \u00e7ok say\u0131da vatanda\u015f bir araya geldi.<\/p>\n\n\n\n<p>&nbsp;&nbsp;&nbsp;&nbsp;&nbsp;&nbsp;&nbsp;&nbsp;&nbsp;&nbsp;&nbsp; Manavgat Belediye Ba\u015fkan Vekili Av. Mehmet \u00c7i\u00e7ek ile belediye ba\u015fkan yard\u0131mc\u0131lar\u0131, belediye meclis \u00fcyeleri, mahalle muhtarlar\u0131, oda ba\u015fkanlar\u0131, sivil toplum kurulu\u015fu temsilcileri ve \u00e7ok say\u0131da vatanda\u015f\u0131n kat\u0131ld\u0131\u011f\u0131 iftar program\u0131nda hem\u015fehriler birlikte oru\u00e7 a\u00e7t\u0131. \u0130ftar \u00f6ncesinde vatanda\u015flarla sohbet eden Ba\u015fkan Vekili \u00c7i\u00e7ek, Ramazan ay\u0131n\u0131n payla\u015fma ve dayan\u0131\u015fma duygular\u0131n\u0131 g\u00fc\u00e7lendirdi\u011fini belirterek t\u00fcm vatanda\u015flar\u0131n Ramazan ay\u0131n\u0131 kutlad\u0131.<\/p>\n\n\n\n<p>&nbsp;&nbsp;&nbsp;&nbsp;&nbsp;&nbsp;&nbsp;&nbsp;&nbsp;&nbsp;&nbsp; Ba\u015fkan Vekili Av. Mehmet \u00c7i\u00e7ek, program\u0131n devam\u0131nda Manavgat Esnaf ve Sanatk\u00e2rlar Odas\u0131 (MESO) taraf\u0131ndan d\u00fczenlenen iftar program\u0131na da kat\u0131ld\u0131. MESO Ba\u015fkan\u0131 Abdullah Doru ve y\u00f6netiminin ev sahipli\u011finde ger\u00e7ekle\u015fen programda \u00e7ok say\u0131da esnaf bir araya gelirken, iftar sofras\u0131nda birlik ve beraberlik mesajlar\u0131 verildi. Ba\u015fkan Vekili \u00c7i\u00e7ek, program\u0131n devam\u0131nda \u00d6zel Manavgat Koleji taraf\u0131ndan d\u00fczenlenen iftar program\u0131nda da davetlilerle bulu\u015ftu.<\/p>\n\n\n\n<p>&nbsp;&nbsp;&nbsp;&nbsp;&nbsp;&nbsp;&nbsp;&nbsp;&nbsp;&nbsp;&nbsp; Ba\u015fkan Vekili \u00c7i\u00e7ek, son olarak Osmaniye Gastronomi Geli\u015ftirme Tarih, Sanat ve Do\u011fa Koruma Derne\u011fi (OSGAD)\u2019nin d\u00fczenledi\u011fi iftar program\u0131na kat\u0131larak dernek ba\u015fkan\u0131 Ali K\u00fcpeli ve y\u00f6netimi ile bir araya geldi.<\/p>\n\n\n\n<p>&nbsp;&nbsp;&nbsp;&nbsp;&nbsp;&nbsp;&nbsp;&nbsp;&nbsp;&nbsp;&nbsp; Farkl\u0131 noktalarda d\u00fczenlenen iftar programlar\u0131nda bir araya gelen vatanda\u015flar, Ramazan ay\u0131nda beraberlik ve dayan\u0131\u015fman\u0131n peki\u015ftirildi\u011fini dile getirdi.<\/p>\n\n\n\n<p>&nbsp;&nbsp;&nbsp;&nbsp;&nbsp;&nbsp;&nbsp;&nbsp;&nbsp;&nbsp;&nbsp; Manavgat Belediyesi \/ B\u00fclten<\/p>\n","protected":false},"excerpt":{"rendered":"<p>&nbsp;&nbsp;&nbsp;&nbsp;&nbsp;&nbsp;&nbsp;&nbsp;&nbsp;&nbsp;&nbsp; Manavgat Belediyesi, Ramazan ay\u0131 boyunca kurdu\u011fu iftar sofralar\u0131 ile payla\u015fma ve dayan\u0131\u015fma k\u00fclt\u00fcr\u00fcn\u00fc ya\u015fatmaya devam ediyor. Ramazan ay\u0131n\u0131n yirmi birinci g\u00fcn\u00fcnde Atat\u00fcrk K\u00fclt\u00fcr Merkezi\u2019nde <a href=\"https:\/\/akdenizhaber.com.tr\/index.php\/2026\/03\/12\/cicek-iftar-sofralarinda-vatandaslarla-bulustu-2\/\" class=\"read-more-link\">[more&#8230;]<\/a><\/p>\n","protected":false},"author":2,"featured_media":32285,"comment_status":"open","ping_status":"open","sticky":false,"template":"","format":"standard","meta":{"footnotes":""},"categories":[2],"tags":[],"class_list":["post-32284","post","type-post","status-publish","format-standard","has-post-thumbnail","hentry","category-gundem"],"_links":{"self":[{"href":"https:\/\/akdenizhaber.com.tr\/index.php\/wp-json\/wp\/v2\/posts\/32284","targetHints":{"allow":["GET"]}}],"collection":[{"href":"https:\/\/akdenizhaber.com.tr\/index.php\/wp-json\/wp\/v2\/posts"}],"about":[{"href":"https:\/\/akdenizhaber.com.tr\/index.php\/wp-json\/wp\/v2\/types\/post"}],"author":[{"embeddable":true,"href":"https:\/\/akdenizhaber.com.tr\/index.php\/wp-json\/wp\/v2\/users\/2"}],"replies":[{"embeddable":true,"href":"https:\/\/akdenizhaber.com.tr\/index.php\/wp-json\/wp\/v2\/comments?post=32284"}],"version-history":[{"count":1,"href":"https:\/\/akdenizhaber.com.tr\/index.php\/wp-json\/wp\/v2\/posts\/32284\/revisions"}],"predecessor-version":[{"id":32286,"href":"https:\/\/akdenizhaber.com.tr\/index.php\/wp-json\/wp\/v2\/posts\/32284\/revisions\/32286"}],"wp:featuredmedia":[{"embeddable":true,"href":"https:\/\/akdenizhaber.com.tr\/index.php\/wp-json\/wp\/v2\/media\/32285"}],"wp:attachment":[{"href":"https:\/\/akdenizhaber.com.tr\/index.php\/wp-json\/wp\/v2\/media?parent=32284"}],"wp:term":[{"taxonomy":"category","embeddable":true,"href":"https:\/\/akdenizhaber.com.tr\/index.php\/wp-json\/wp\/v2\/categories?post=32284"},{"taxonomy":"post_tag","embeddable":true,"href":"https:\/\/akdenizhaber.com.tr\/index.php\/wp-json\/wp\/v2\/tags?post=32284"}],"curies":[{"name":"wp","href":"https:\/\/api.w.org\/{rel}","templated":true}]}}