{"id":32281,"date":"2026-03-12T16:09:30","date_gmt":"2026-03-12T13:09:30","guid":{"rendered":"https:\/\/akdenizhaber.com.tr\/?p=32281"},"modified":"2026-03-12T16:17:03","modified_gmt":"2026-03-12T13:17:03","slug":"manavgatta-ilaclama-calismalari-hiz-kazandi","status":"publish","type":"post","link":"https:\/\/akdenizhaber.com.tr\/index.php\/2026\/03\/12\/manavgatta-ilaclama-calismalari-hiz-kazandi\/","title":{"rendered":"Manavgat\u2019ta ila\u00e7lama \u00e7al\u0131\u015fmalar\u0131 h\u0131z kazand\u0131"},"content":{"rendered":"\n<p>Antalya B\u00fcy\u00fck\u015fehir Belediyesi, yaz aylar\u0131n\u0131n yakla\u015fmas\u0131yla birlikte y\u0131l boyu aral\u0131ks\u0131z s\u00fcrd\u00fcrd\u00fc\u011f\u00fc vekt\u00f6rle m\u00fccadele \u00e7al\u0131\u015fmalar\u0131n\u0131 yo\u011funla\u015ft\u0131rd\u0131. B\u00fcy\u00fck\u015fehir ekipleri,&nbsp; Manavgat\u2019ta vekt\u00f6rlere kar\u015f\u0131 25 ara\u00e7 ve 144 saha personeliyle il\u00e7e genelinde etkin m\u00fccadele yap\u0131yor.<\/p>\n\n\n\n<p>Antalya B\u00fcy\u00fck\u015fehir Belediyesi \u00c7evre Koruma ve Kontrol Dairesi Ba\u015fkanl\u0131\u011f\u0131, halk sa\u011fl\u0131\u011f\u0131n\u0131 korumak ve yaz aylar\u0131n\u0131n konforlu ge\u00e7irilebilmesi i\u00e7in y\u0131l boyu s\u00fcrd\u00fcrd\u00fc\u011f\u00fc vekt\u00f6rle m\u00fccadele \u00e7al\u0131\u015fmalar\u0131n\u0131 yo\u011funla\u015ft\u0131rd\u0131. Havalar\u0131n \u0131s\u0131nmas\u0131yla birlikte art\u0131\u015f g\u00f6sterebilecek vekt\u00f6r pop\u00fclasyonunu \u00e7evre ve halk sa\u011fl\u0131\u011f\u0131n\u0131 tehdit etmeyecek d\u00fczeyde kontrol alt\u0131nda tutmay\u0131 hedefleyen ekipler, sivrisinek, karasinek, hamamb\u00f6ce\u011fi, pire ve kemirgen gibi u\u00e7kun t\u00fcrlerine y\u00f6nelik etkin bir m\u00fccadele ger\u00e7ekle\u015ftiriyor.<\/p>\n\n\n\n<p>\u00d6NLEY\u0130C\u0130 M\u00dcDAHALE \u00c7ALI\u015eMASI<\/p>\n\n\n\n<p>B\u00fcy\u00fck\u015fehir ekipleri, halk sa\u011fl\u0131\u011f\u0131n\u0131 tehdit eden t\u00fcrlerin \u00fcreme alanlar\u0131na y\u00f6nelik \u00f6nleyici m\u00fccadele \u00e7al\u0131\u015fmas\u0131 yaparken, r\u00f6garlar, menholler, ya\u011fmur suyu \u0131zgaralar\u0131, in\u015faat alan\u0131 bo\u015fluklar\u0131, fosseptikler, mezbahaneler, ah\u0131rlar, \u00e7\u00f6p konteyn\u0131rlar\u0131, kullan\u0131lmayan su kuyular\u0131, pazar yerleri, apartman ve site r\u00f6garlar\u0131, dereler, g\u00f6l ve g\u00f6letler gibi geni\u015f sucul ortamlarda ila\u00e7lamalar yap\u0131yor. Ya\u011f\u0131\u015f rejimlerindeki de\u011fi\u015fikliklere ba\u011fl\u0131, s\u00fcrekli su birikintisi olu\u015fturarak larvalara ya\u015fam alan\u0131 olu\u015fturan ara\u00e7 lasti\u011fi, bidon, varil ve saks\u0131 gibi pek \u00e7ok materyallerde ekiplerce tespit edilerek toplan\u0131yor.<\/p>\n\n\n\n<p>Antalya B\u00fcy\u00fck\u015fehir Belediyesi \/ B\u00fclten<\/p>\n","protected":false},"excerpt":{"rendered":"<p>Antalya B\u00fcy\u00fck\u015fehir Belediyesi, yaz aylar\u0131n\u0131n yakla\u015fmas\u0131yla birlikte y\u0131l boyu aral\u0131ks\u0131z s\u00fcrd\u00fcrd\u00fc\u011f\u00fc vekt\u00f6rle m\u00fccadele \u00e7al\u0131\u015fmalar\u0131n\u0131 yo\u011funla\u015ft\u0131rd\u0131. B\u00fcy\u00fck\u015fehir ekipleri,&nbsp; Manavgat\u2019ta vekt\u00f6rlere kar\u015f\u0131 25 ara\u00e7 ve 144 saha <a href=\"https:\/\/akdenizhaber.com.tr\/index.php\/2026\/03\/12\/manavgatta-ilaclama-calismalari-hiz-kazandi\/\" class=\"read-more-link\">[more&#8230;]<\/a><\/p>\n","protected":false},"author":2,"featured_media":32282,"comment_status":"open","ping_status":"open","sticky":false,"template":"","format":"standard","meta":{"footnotes":""},"categories":[2],"tags":[],"class_list":["post-32281","post","type-post","status-publish","format-standard","has-post-thumbnail","hentry","category-gundem"],"_links":{"self":[{"href":"https:\/\/akdenizhaber.com.tr\/index.php\/wp-json\/wp\/v2\/posts\/32281","targetHints":{"allow":["GET"]}}],"collection":[{"href":"https:\/\/akdenizhaber.com.tr\/index.php\/wp-json\/wp\/v2\/posts"}],"about":[{"href":"https:\/\/akdenizhaber.com.tr\/index.php\/wp-json\/wp\/v2\/types\/post"}],"author":[{"embeddable":true,"href":"https:\/\/akdenizhaber.com.tr\/index.php\/wp-json\/wp\/v2\/users\/2"}],"replies":[{"embeddable":true,"href":"https:\/\/akdenizhaber.com.tr\/index.php\/wp-json\/wp\/v2\/comments?post=32281"}],"version-history":[{"count":1,"href":"https:\/\/akdenizhaber.com.tr\/index.php\/wp-json\/wp\/v2\/posts\/32281\/revisions"}],"predecessor-version":[{"id":32283,"href":"https:\/\/akdenizhaber.com.tr\/index.php\/wp-json\/wp\/v2\/posts\/32281\/revisions\/32283"}],"wp:featuredmedia":[{"embeddable":true,"href":"https:\/\/akdenizhaber.com.tr\/index.php\/wp-json\/wp\/v2\/media\/32282"}],"wp:attachment":[{"href":"https:\/\/akdenizhaber.com.tr\/index.php\/wp-json\/wp\/v2\/media?parent=32281"}],"wp:term":[{"taxonomy":"category","embeddable":true,"href":"https:\/\/akdenizhaber.com.tr\/index.php\/wp-json\/wp\/v2\/categories?post=32281"},{"taxonomy":"post_tag","embeddable":true,"href":"https:\/\/akdenizhaber.com.tr\/index.php\/wp-json\/wp\/v2\/tags?post=32281"}],"curies":[{"name":"wp","href":"https:\/\/api.w.org\/{rel}","templated":true}]}}