{"id":32275,"date":"2026-03-12T16:08:13","date_gmt":"2026-03-12T13:08:13","guid":{"rendered":"https:\/\/akdenizhaber.com.tr\/?p=32275"},"modified":"2026-03-12T16:08:14","modified_gmt":"2026-03-12T13:08:14","slug":"agzi-olsa-da-konussa","status":"publish","type":"post","link":"https:\/\/akdenizhaber.com.tr\/index.php\/2026\/03\/12\/agzi-olsa-da-konussa\/","title":{"rendered":"A\u011eZI OLSA DA KONU\u015eSA.."},"content":{"rendered":"\n<p><\/p>\n\n\n\n<p>\u0130lk defa 1997 y\u0131l\u0131nda gelip durdum bu evin \u00f6n\u00fcne.<\/p>\n\n\n\n<p>Direksiyonda ki sahibim kap\u0131m\u0131 a\u00e7\u0131p da, inerek, topra\u011fa bast\u0131\u011f\u0131nda ; mutluluk i\u00e7erisinde,anam nas\u0131ls\u0131n..<\/p>\n\n\n\n<p>Baba merhaba, \u00e7ok iyisin ma\u015fallah&#8230; diyerek bembeyaz ba\u015f \u00f6rt\u00fcl\u00fc bir Anadolu anas\u0131n\u0131n ,bir T\u00fcrk kad\u0131n\u0131n\u0131n ve bembeyaz sa\u00e7l\u0131, ve kendisine \u00e7ok yak\u0131\u015fan bembeyaz sakall\u0131 bir T\u00fcrk erke\u011finin ; ana ve babas\u0131n\u0131n ellerini \u00f6pm\u00fc\u015ft\u00fc..<\/p>\n\n\n\n<p>Evlatlar\u0131n\u0131n yolunu d\u00f6rt g\u00f6zle bekleyen bu evin sahipleri ana baba ve onlar\u0131n yedi evlad\u0131ndan birisi olan ,sahibim \u00e7ok mutlu idiler..<\/p>\n\n\n\n<p>Onlar mutlu olurda, onlar\u0131n mutlulu\u011funa, o\u011fullar\u0131n\u0131 yanlar\u0131na, ziyaretlerine, bu eve getiren ben mutlu olmaz m\u0131yd\u0131m?<\/p>\n\n\n\n<p>Elbette bende mutlu idim, b\u00f6yle bir kavu\u015fmaya, bulu\u015fmaya yard\u0131mc\u0131 oldu\u011fum i\u00e7in..<\/p>\n\n\n\n<p>Sonralar\u0131, devam eden g\u00fcnlerde aylarda hep devam edecekti bu eve geli\u015fim.<\/p>\n\n\n\n<p>Geli\u015flerim de bazen sahibim yaln\u0131z olurdu bazen de e\u015fi ve iki evlad\u0131 ile birlikte gelirdi..<\/p>\n\n\n\n<p>Ka\u00e7 defa oldu bu geli\u015f diye sorarsan\u0131z vallahi akl\u0131mda de\u011fil bu say\u0131..<\/p>\n\n\n\n<p>Haftada en az iki defa diyeyim de hesab\u0131n\u0131 siz yap\u0131n..<\/p>\n\n\n\n<p>Bayramlar da ki geli\u015fimiz \u00e7ok farkl\u0131 oluyordu.<\/p>\n\n\n\n<p>Buras\u0131 \u00e7ok kalabal\u0131k oluyor, bazen benim bile park edecek yerim kalm\u0131yordu..<\/p>\n\n\n\n<p>Evin i\u00e7inden ,k\u00f6\u015fk\u00fcnden, balkonundan \u00e7ocuk sesleri geliyor, arkamda g\u00f6rd\u00fc\u011f\u00fcn\u00fcz merdivenden \u00e7ocuklar\u0131n, yeti\u015fkinlerin ,ev sahiplerinin evlatlar\u0131n\u0131n , torunlar\u0131n\u0131n biri \u00e7\u0131k\u0131p di\u011feri iniyordu..<\/p>\n\n\n\n<p>Sadece kendi evlatlar\u0131, torunlar\u0131 de\u011fildi bu eve girip \u00e7\u0131kanlar ; uzak yak\u0131n akrabalar , kom\u015fular vard\u0131 bu merdivenden inip \u00e7\u0131kanlar aras\u0131nda..<\/p>\n\n\n\n<p>Bazen sabahlar\u0131,bazen \u00f6\u011fle, ikindi vakitleri,bazen ak\u015fam\u0131n ilk saatlerinde,bazen de gecenin ilerleyen saatlerinde gelirdik sahibimle, bu evin b\u00fcy\u00fck o\u011flu ile bu eve..<\/p>\n\n\n\n<p>\u00d6zellikle ikindi saatlerinde buras\u0131 kalabal\u0131k olurdu..<\/p>\n\n\n\n<p>Evin babas\u0131, anas\u0131 ve hemen yan kom\u015fular\u0131 olan ,evin babas\u0131n\u0131n erkek karde\u015flerinden ve onlar\u0131n e\u015flerinden , evlatlar\u0131ndan birka\u00e7 tanesi buralarda oturup sohbet ederlerken g\u00f6r\u00fcrd\u00fcm..<\/p>\n\n\n\n<p>Bazen sakin konu\u015fmalara , bazen de hararetli konu\u015fmalara denk gelirdik sahibim ve ben..<\/p>\n\n\n\n<p>Zaman h\u0131zla ge\u00e7er oldu,hem benim hem sahibimin,hem de evin ana ve babas\u0131n\u0131n ya\u015flar\u0131 ilerler oldu..<\/p>\n\n\n\n<p>Eve doktorlar gelir, ev sahiplerini doktorlara g\u00f6t\u00fcr\u00fcr oldum..<\/p>\n\n\n\n<p>Bu evde ilk b\u00fcy\u00fck ac\u0131y\u0131 2016 nisan\u0131n da g\u00f6rd\u00fcm, ya\u015fad\u0131m..<\/p>\n\n\n\n<p>Yedi ,sekiz .. Bazen daha fazla ki\u015fi ile birlikte uzak yerlere ,en \u00e7ok da Derebucak taraf\u0131na gitti\u011fimiz ve en \u00e7ok da; o biraz zorlu ama bir o kadar da zevkli yolculuk mutlu ederdi evin babas\u0131n\u0131..<\/p>\n\n\n\n<p>Nas\u0131l mutlu etmesin , \u00e7ocuklu\u011fundan itibaren hemen her Nisan ay\u0131nda yaya ve gruplar halinde ge\u00e7tikleri,yedi g\u00fcn s\u00fcren bu zorlu,zorunlu yolcu\u011fu \u015fimdilerde benim sayemde ,benim i\u00e7imde, e\u015fi ve \u00fc\u00e7 ,d\u00f6rt evlad\u0131 ile birlikte sadece bir ,bir bu\u00e7uk saatte tamaml\u0131yordu..<\/p>\n\n\n\n<p>Uzun y\u0131llard\u0131r g\u00f6rmeyen g\u00f6zleri adeta yeniden a\u00e7\u0131l\u0131yor, ge\u00e7ti\u011fimiz her yeri g\u00f6rmedi\u011fi halde,\u00e7ok g\u00fczel bir \u015fekilde anlat\u0131yor, tasvir ediyordu..<\/p>\n\n\n\n<p>Buras\u0131 eynif ovas\u0131 ha&#8230;Eynifin \u015furas\u0131nda \u015funlar var, buras\u0131nda \u015funlar var diye heyecanla anlat\u0131yordu..S\u0131radan bir anlat\u0131m de\u011fildi asl\u0131nda onunkisi ,adeta o ge\u00e7mi\u015fi, zorlu hayat\u0131 tekrar ya\u015famakt\u0131..arada bir ah \u00e7ekmesi ge\u00e7mi\u015fe olan \u00f6zlem mi yoksa o zorlu y\u0131llarda ki \u00e7ektiklerini hat\u0131rlamak ,o anlar\u0131 yeniden ya\u015famak m\u0131yd\u0131 bilemiyordum..<\/p>\n\n\n\n<p>Etraf\u0131 sedir a\u011fa\u00e7lar\u0131 ile \u00e7evrili yemye\u015fil bir b\u00f6lgeden ge\u00e7erken , a\u00e7\u0131k olan camdan gelen o nefis yayla, da\u011f kokusunu i\u00e7ine \u00e7ekerken; bu katran a\u011fa\u00e7lar\u0131n\u0131n kokusunu \u00e7ok severim,bu kokuyu nerede olsa tan\u0131r\u0131m demesi ve tertemiz havay\u0131 ci\u011ferlerine \u00e7ekmesini hi\u00e7 unutamam..Ya\u015f\u0131 doksana yak\u0131\u015fan evin babas\u0131 bu havan\u0131n etkisiyle adeta gen\u00e7li\u011fine geri d\u00f6nm\u00fc\u015ft\u00fc..<\/p>\n\n\n\n<p>O gezide \u00e7ok ama \u00e7ok mutlu idi, Derebucak da ki eski dostlar\u0131 yoktu ama onlar\u0131n evlatlar\u0131 vard\u0131 ve ola\u011fan\u00fcst\u00fc bir sayg\u0131 ve misafirperverlikle kar\u015f\u0131lam\u0131\u015flar,ahirete g\u00f6\u00e7\u00fcp giden babalar\u0131n\u0131 aratmam\u0131\u015flard\u0131..Hep eskilerden ge\u00e7mi\u015ften bahsedilmi\u015f o d\u00f6n\u00fclmez y\u0131llara ,an\u0131lara geri d\u00f6n\u00fclm\u00fc\u015ft\u00fc..Bu g\u00fczel gezi onun son gezisi olmu\u015f ve 20 Nisan 2016 tarihinde vefat etti..<\/p>\n\n\n\n<p>Onun eller \u00fczerinde arkamdaki merdiven den indirili\u015fini az ileriden izledim..<\/p>\n\n\n\n<p>Herkes \u00e7ok \u00fczg\u00fcnd\u00fc,g\u00f6zler ya\u015fl\u0131, a\u011f\u0131zlardan h\u0131\u00e7k\u0131r\u0131klar \u00e7\u0131k\u0131yordu..<\/p>\n\n\n\n<p>G\u00fcnlerce gidip geldim bu eve ama her geli\u015fimde \u00fczg\u00fcn insanlar ta\u015f\u0131yordum..<\/p>\n\n\n\n<p>Bir s\u00fcre sonra hafifleyen ac\u0131 ile hayat normale d\u00f6nm\u00fc\u015f ben ve sahibim eski halimiz de idik .<\/p>\n\n\n\n<p>Her geli\u015fimde, sahibimi kar\u015f\u0131layan sadece evin sahibi ,evin anas\u0131 vard\u0131..<\/p>\n\n\n\n<p>Evin \u00f6n\u00fcnde ki oturan,oturup da sohbet edenlerin de say\u0131lar\u0131 azalm\u0131\u015f i\u00e7lerinden \u00fc\u00e7,d\u00f6rd\u00fc de bu d\u00fcnyadan g\u00f6\u00e7\u00fcp gitmi\u015fti..<\/p>\n\n\n\n<p>Ben ve sahibim gelmeye devam ettik, bayramlar ge\u00e7ti ,yazlar ,baharlar , k\u0131\u015flar ge\u00e7ti ve s\u0131cak bir temmuz g\u00fcn\u00fcnde evin anas\u0131 da eller \u00fczerinde arkamda ki merdiven den inip ,ahirete g\u00f6\u00e7\u00fcp gitti..<\/p>\n\n\n\n<p>Bu son g\u00f6\u00e7 sahibimi \u00e7ok etkiledi ve biz buraya ,bu eve uzun s\u00fcre gelemedik, gelmedik..<\/p>\n\n\n\n<p>Uzun aral\u0131klarla geldi\u011fimizde de sahibimin g\u00f6zleri hep ya\u015fl\u0131 idi..<\/p>\n\n\n\n<p>O kadar ki \u00e7o\u011fu zaman g\u00f6z ya\u015flar\u0131 direksiyonu bile \u0131slat\u0131yordu..<\/p>\n\n\n\n<p>Aradan ge\u00e7en d\u00f6rt y\u0131la yak\u0131n bir zamand\u0131r sahibimin g\u00f6zlerinde ki ya\u015f hi\u00e7 dinmedi, buraya her geli\u015fimizde onun g\u00f6zleri hep ya\u015fla doluyor.<\/p>\n\n\n\n<p>Bu evin \u00f6n\u00fcnde, merdiveninde ,k\u00f6\u015fk\u00fcnde , i\u00e7erisinde eski g\u00fcnlerden eser yok..<\/p>\n\n\n\n<p>Adeta yaln\u0131zl\u0131\u011fa mahkum edilmi\u015f bu eve bug\u00fcnk\u00fc geli\u015fimizde etrafta kimsecikler yoktu.<\/p>\n\n\n\n<p>Sahibim bir zamanlar say\u0131s\u0131z \u00e7ocuklar\u0131n , yeti\u015fkinlerin inip \u00e7\u0131kt\u0131\u011f\u0131 bu merdivene oturdu ve ba\u015f\u0131n\u0131 ellerinin aras\u0131na alarak uzun s\u00fcre sessizli\u011fe b\u00fcr\u00fcnd\u00fc..<\/p>\n\n\n\n<p>Arada bir g\u00f6zlerini sildi\u011fini g\u00f6rd\u00fcm,gizli gizli a\u011fl\u0131yordu galiba..<\/p>\n\n\n\n<p>Onun bu haline bende \u00e7ok \u00fcz\u00fcld\u00fcm,yalan yok bende a\u011flad\u0131m..<\/p>\n\n\n\n<p>Arabalar da a\u011flar m\u0131? demeyin..<\/p>\n\n\n\n<p>Hani hep erkekler a\u011flamaz..denilir ya..<\/p>\n\n\n\n<p>Madem erkekler de a\u011flarm\u0131\u015f, m\u00fcsaade edin ben de a\u011flayay\u0131m..dedi arabam, emektar , ya\u015fl\u0131 Ford.<\/p>\n\n\n\n<p>Kal\u0131n sa\u011fl\u0131cakla..<\/p>\n","protected":false},"excerpt":{"rendered":"<p>\u0130lk defa 1997 y\u0131l\u0131nda gelip durdum bu evin \u00f6n\u00fcne. Direksiyonda ki sahibim kap\u0131m\u0131 a\u00e7\u0131p da, inerek, topra\u011fa bast\u0131\u011f\u0131nda ; mutluluk i\u00e7erisinde,anam nas\u0131ls\u0131n.. Baba merhaba, \u00e7ok <a href=\"https:\/\/akdenizhaber.com.tr\/index.php\/2026\/03\/12\/agzi-olsa-da-konussa\/\" class=\"read-more-link\">[more&#8230;]<\/a><\/p>\n","protected":false},"author":2,"featured_media":32031,"comment_status":"open","ping_status":"open","sticky":false,"template":"","format":"standard","meta":{"footnotes":""},"categories":[1,2],"tags":[],"class_list":["post-32275","post","type-post","status-publish","format-standard","has-post-thumbnail","hentry","category-blog","category-gundem"],"_links":{"self":[{"href":"https:\/\/akdenizhaber.com.tr\/index.php\/wp-json\/wp\/v2\/posts\/32275","targetHints":{"allow":["GET"]}}],"collection":[{"href":"https:\/\/akdenizhaber.com.tr\/index.php\/wp-json\/wp\/v2\/posts"}],"about":[{"href":"https:\/\/akdenizhaber.com.tr\/index.php\/wp-json\/wp\/v2\/types\/post"}],"author":[{"embeddable":true,"href":"https:\/\/akdenizhaber.com.tr\/index.php\/wp-json\/wp\/v2\/users\/2"}],"replies":[{"embeddable":true,"href":"https:\/\/akdenizhaber.com.tr\/index.php\/wp-json\/wp\/v2\/comments?post=32275"}],"version-history":[{"count":1,"href":"https:\/\/akdenizhaber.com.tr\/index.php\/wp-json\/wp\/v2\/posts\/32275\/revisions"}],"predecessor-version":[{"id":32276,"href":"https:\/\/akdenizhaber.com.tr\/index.php\/wp-json\/wp\/v2\/posts\/32275\/revisions\/32276"}],"wp:featuredmedia":[{"embeddable":true,"href":"https:\/\/akdenizhaber.com.tr\/index.php\/wp-json\/wp\/v2\/media\/32031"}],"wp:attachment":[{"href":"https:\/\/akdenizhaber.com.tr\/index.php\/wp-json\/wp\/v2\/media?parent=32275"}],"wp:term":[{"taxonomy":"category","embeddable":true,"href":"https:\/\/akdenizhaber.com.tr\/index.php\/wp-json\/wp\/v2\/categories?post=32275"},{"taxonomy":"post_tag","embeddable":true,"href":"https:\/\/akdenizhaber.com.tr\/index.php\/wp-json\/wp\/v2\/tags?post=32275"}],"curies":[{"name":"wp","href":"https:\/\/api.w.org\/{rel}","templated":true}]}}