{"id":32270,"date":"2026-03-12T16:07:21","date_gmt":"2026-03-12T13:07:21","guid":{"rendered":"https:\/\/akdenizhaber.com.tr\/?p=32270"},"modified":"2026-03-12T16:07:23","modified_gmt":"2026-03-12T13:07:23","slug":"antalya-ulasim-as-yildiz-yolcular-yetistirmeye-devam-ediyor","status":"publish","type":"post","link":"https:\/\/akdenizhaber.com.tr\/index.php\/2026\/03\/12\/antalya-ulasim-as-yildiz-yolcular-yetistirmeye-devam-ediyor\/","title":{"rendered":"Antalya Ula\u015f\u0131m A\u015e y\u0131ld\u0131z yolcular yeti\u015ftirmeye devam ediyor"},"content":{"rendered":"\n<p>Antalya B\u00fcy\u00fck\u015fehir Belediyesi i\u015ftiraki Antalya Ula\u015f\u0131m A\u015e, Mimar Sinan \u0130lkokulu \u00f6\u011frencilerine kap\u0131lar\u0131n\u0131 a\u00e7t\u0131. Vak\u0131f \u00c7iftli\u011fi istasyonundan tramvaya binen \u00f6\u011frenciler, kitap okuyarak Fatih depo sahas\u0131na kadar keyifli bir yolculuk ger\u00e7ekle\u015ftirdi.<\/p>\n\n\n\n<p>Yolculuk sonunda depo sahas\u0131nda bulunan e\u011fitim salonuna gelen \u00f6\u011frenciler, rayl\u0131 sistemlerin ve tramvay\u0131n geli\u015fim s\u00fcrecini yak\u0131ndan tan\u0131d\u0131. Antray\u2019\u0131n tarihine yolculuk yapan minikler; tramvayda ve istasyonlarda uyulmas\u0131 gereken kurallar\u0131 animasyonlar e\u015fli\u011finde \u00f6\u011frendi. Soru &#8211; cevap etkinli\u011fiyle interaktif \u015fekilde bilgilerini peki\u015ftiren \u00f6\u011frenciler, Antalya Ula\u015f\u0131m A\u015e\u2019nin \u201cY\u0131ld\u0131z Yolcu\u201d projesi kapsam\u0131nda bilin\u00e7li yolcu ve g\u00fcvenli yolculuk konusunda fark\u0131ndal\u0131k kazand\u0131lar. Program kapsam\u0131nda \u00f6\u011frencilere rozet ve sertifikalar\u0131 E\u011fitim Sorumlusu Alfer \u00c7elik taraf\u0131ndan takdim edildi. Teknik at\u00f6lye gezisinin ard\u0131ndan tekrar tramvaya binen \u00f6\u011frenciler, tramvay s\u00fcr\u00fcc\u00fc kabinine ge\u00e7erek vatman koltu\u011funda bu \u00f6zel g\u00fcn\u00fc \u00f6l\u00fcms\u00fczle\u015ftirdi. Program\u0131n sonunda kitap okuyarak okuluna d\u00f6nen \u00f6\u011frenciler, veliler ve \u00f6\u011fretmen \u00dcm\u00fc\u015f Sa\u011flam, organizasyonda eme\u011fi ge\u00e7en herkese te\u015fekk\u00fcr etti.<\/p>\n\n\n\n<p>Antalya B\u00fcy\u00fck\u015fehir Belediyesi \/ B\u00fclten<\/p>\n","protected":false},"excerpt":{"rendered":"<p>Antalya B\u00fcy\u00fck\u015fehir Belediyesi i\u015ftiraki Antalya Ula\u015f\u0131m A\u015e, Mimar Sinan \u0130lkokulu \u00f6\u011frencilerine kap\u0131lar\u0131n\u0131 a\u00e7t\u0131. Vak\u0131f \u00c7iftli\u011fi istasyonundan tramvaya binen \u00f6\u011frenciler, kitap okuyarak Fatih depo sahas\u0131na kadar <a href=\"https:\/\/akdenizhaber.com.tr\/index.php\/2026\/03\/12\/antalya-ulasim-as-yildiz-yolcular-yetistirmeye-devam-ediyor\/\" class=\"read-more-link\">[more&#8230;]<\/a><\/p>\n","protected":false},"author":2,"featured_media":32271,"comment_status":"open","ping_status":"open","sticky":false,"template":"","format":"standard","meta":{"footnotes":""},"categories":[2],"tags":[],"class_list":["post-32270","post","type-post","status-publish","format-standard","has-post-thumbnail","hentry","category-gundem"],"_links":{"self":[{"href":"https:\/\/akdenizhaber.com.tr\/index.php\/wp-json\/wp\/v2\/posts\/32270","targetHints":{"allow":["GET"]}}],"collection":[{"href":"https:\/\/akdenizhaber.com.tr\/index.php\/wp-json\/wp\/v2\/posts"}],"about":[{"href":"https:\/\/akdenizhaber.com.tr\/index.php\/wp-json\/wp\/v2\/types\/post"}],"author":[{"embeddable":true,"href":"https:\/\/akdenizhaber.com.tr\/index.php\/wp-json\/wp\/v2\/users\/2"}],"replies":[{"embeddable":true,"href":"https:\/\/akdenizhaber.com.tr\/index.php\/wp-json\/wp\/v2\/comments?post=32270"}],"version-history":[{"count":1,"href":"https:\/\/akdenizhaber.com.tr\/index.php\/wp-json\/wp\/v2\/posts\/32270\/revisions"}],"predecessor-version":[{"id":32272,"href":"https:\/\/akdenizhaber.com.tr\/index.php\/wp-json\/wp\/v2\/posts\/32270\/revisions\/32272"}],"wp:featuredmedia":[{"embeddable":true,"href":"https:\/\/akdenizhaber.com.tr\/index.php\/wp-json\/wp\/v2\/media\/32271"}],"wp:attachment":[{"href":"https:\/\/akdenizhaber.com.tr\/index.php\/wp-json\/wp\/v2\/media?parent=32270"}],"wp:term":[{"taxonomy":"category","embeddable":true,"href":"https:\/\/akdenizhaber.com.tr\/index.php\/wp-json\/wp\/v2\/categories?post=32270"},{"taxonomy":"post_tag","embeddable":true,"href":"https:\/\/akdenizhaber.com.tr\/index.php\/wp-json\/wp\/v2\/tags?post=32270"}],"curies":[{"name":"wp","href":"https:\/\/api.w.org\/{rel}","templated":true}]}}