{"id":32243,"date":"2026-03-09T15:53:10","date_gmt":"2026-03-09T12:53:10","guid":{"rendered":"https:\/\/akdenizhaber.com.tr\/?p=32243"},"modified":"2026-03-09T15:53:11","modified_gmt":"2026-03-09T12:53:11","slug":"chpli-dilsat-tastan-8-mart-manifestosu-care-esitlikte-kurtulus-cumhuriyet-degerlerinde","status":"publish","type":"post","link":"https:\/\/akdenizhaber.com.tr\/index.php\/2026\/03\/09\/chpli-dilsat-tastan-8-mart-manifestosu-care-esitlikte-kurtulus-cumhuriyet-degerlerinde\/","title":{"rendered":"CHP\u2019li Dil\u015fat Ta\u015f\u2019tan 8 Mart Manifestosu: &#8220;\u00c7are E\u015fitlikte, Kurtulu\u015f Cumhuriyet De\u011ferlerinde!&#8221;"},"content":{"rendered":"\n<p><\/p>\n\n\n\n<p>CHP Manavgat Kad\u0131n Kollar\u0131 Ba\u015fkan\u0131 Dil\u015fat Ta\u015f, 8 Mart D\u00fcnya Kad\u0131nlar G\u00fcn\u00fc dolay\u0131s\u0131yla d\u00fczenledi\u011fi bas\u0131n toplant\u0131s\u0131nda zehir zemberek a\u00e7\u0131klamalarda bulundu. \u015eiddetten yoksullu\u011fa, \u0130stanbul S\u00f6zle\u015fmesi\u2019nden kre\u015f ihtiyac\u0131na kadar pek \u00e7ok konuya de\u011finen Ta\u015f, &#8220;Kad\u0131nlar\u0131n \u00f6zg\u00fcr olmad\u0131\u011f\u0131 bir toplumda demokrasi sadece bir kelimeden ibarettir&#8221; dedi.<\/p>\n\n\n\n<p>Cumhuriyet Halk Partisi (CHP) Manavgat Kad\u0131n Kollar\u0131 Ba\u015fkan\u0131 Dil\u015fat Ta\u015f, 8 Mart D\u00fcnya Kad\u0131nlar G\u00fcn\u00fc vesilesiyle il\u00e7e \u00f6rg\u00fct binas\u0131nda bir bas\u0131n toplant\u0131s\u0131 ger\u00e7ekle\u015ftirdi. Yo\u011fun programlar\u0131 nedeniyle kutlamalara bir g\u00fcn \u00f6nceden ba\u015flad\u0131klar\u0131n\u0131 belirten Ta\u015f, kad\u0131nlar\u0131n ya\u015fam hakk\u0131ndan ekonomik ba\u011f\u0131ms\u0131zl\u0131\u011f\u0131na kadar uzanan geni\u015f bir \u00e7er\u00e7evede \u00f6nemli mesajlar verdi.<\/p>\n\n\n\n<p>&#8220;Karanl\u0131k D\u00fczen Tesad\u00fcf De\u011fil&#8221;<\/p>\n\n\n\n<p>Konu\u015fmas\u0131na kad\u0131n cinayetleri ve cezas\u0131zl\u0131k politikalar\u0131na dikkat \u00e7ekerek ba\u015flayan Dil\u015fat Ta\u015f, &#8220;Bug\u00fcn 8 Mart\u2019\u0131; kad\u0131nlar\u0131n ya\u015fam hakk\u0131n\u0131n sistematik olarak tehdit edildi\u011fi, faillerin cezas\u0131zl\u0131kla \u00f6d\u00fcllendirildi\u011fi bir d\u00f6nemde kar\u015f\u0131l\u0131yoruz. \u015eiddeti \u00f6nlemekle y\u00fck\u00fcml\u00fc mekanizmalar\u0131n i\u015fletilmemesi ve kazan\u0131lm\u0131\u015f haklar\u0131m\u0131za y\u00f6nelik sald\u0131r\u0131lar bir tesad\u00fcf de\u011fildir. Ancak bizler, kad\u0131n d\u00fc\u015fman\u0131 politikalara kar\u015f\u0131 \u00f6zg\u00fcr ve e\u015fit bir ya\u015fam\u0131 \u00f6rg\u00fctlemekten asla vazge\u00e7meyece\u011fiz&#8221; ifadelerini kulland\u0131.<\/p>\n\n\n\n<p>&#8220;Eme\u011fimiz G\u00f6r\u00fcnmez De\u011fildir&#8221;<\/p>\n\n\n\n<p>Kad\u0131nlar\u0131n sadece \u015fiddetle de\u011fil, derinle\u015fen yoksulluk ve &#8220;g\u00f6r\u00fcnmeyen emek&#8221; s\u00f6m\u00fcr\u00fcs\u00fcyle de m\u00fccadele etti\u011fini vurgulayan Ta\u015f, ev i\u00e7i bak\u0131m y\u00fck\u00fcn\u00fcn kad\u0131nlar\u0131n omuzlar\u0131na y\u0131k\u0131lmas\u0131n\u0131 ele\u015ftirdi. Ta\u015f, ekonomik adaletsizli\u011fe \u015fu s\u00f6zlerle dikkat \u00e7ekti:<\/p>\n\n\n\n<p>&#8220;Ayn\u0131 i\u015fi yapan kad\u0131nlar\u0131n daha d\u00fc\u015f\u00fck \u00fccret ald\u0131\u011f\u0131, g\u00fcvencesiz \u00e7al\u0131\u015fmaya mahk\u00fbm edildi\u011fi bu adaletsiz d\u00fczen de\u011fi\u015fmelidir. E\u015fit i\u015fe e\u015fit \u00fccret talebimizi bir kez daha hayk\u0131r\u0131yoruz. Eme\u011fimiz g\u00f6r\u00fcnmez de\u011fildir, hakk\u0131m\u0131z pazarl\u0131k konusu de\u011fildir!&#8221;<\/p>\n\n\n\n<p>&#8220;Yolumuz Atat\u00fcrk\u2019\u00fcn Yoludur&#8221;<\/p>\n\n\n\n<p>CHP\u2019nin kad\u0131n vizyonunun temelinde B\u00fcy\u00fck \u00d6nder Gazi Mustafa Kemal Atat\u00fcrk\u2019\u00fcn ilkeleri oldu\u011funu hat\u0131rlatan Ta\u015f, &#8220;Bizim siyasi pusulam\u0131z, &#8216;D\u00fcnya y\u00fcz\u00fcnde g\u00f6rd\u00fc\u011f\u00fcm\u00fcz her \u015fey kad\u0131n\u0131n eseridir&#8217; diyen Atat\u00fcrk\u2019\u00fcn yoludur. Genel Ba\u015fkan\u0131m\u0131z Say\u0131n \u00d6zg\u00fcr \u00d6zel\u2019in liderli\u011finde, kad\u0131n\u0131 hayat\u0131n her karesinde g\u00fc\u00e7lendiren bir T\u00fcrkiye m\u00fccadelesi veriyoruz&#8221; dedi.<\/p>\n\n\n\n<p>Belediyelere &#8220;Kre\u015f&#8221; Te\u015fekk\u00fcr\u00fc<\/p>\n\n\n\n<p>Yerel y\u00f6netimlerin kad\u0131n istihdam\u0131na verdi\u011fi deste\u011fin \u00f6nemine de\u011finen Dil\u015fat Ta\u015f, CHP\u2019li belediyelerin a\u00e7t\u0131\u011f\u0131 kre\u015flerin kad\u0131nlar\u0131n \u00e7al\u0131\u015fma hakk\u0131n\u0131n teminat\u0131 oldu\u011funu s\u00f6yledi. \u00c7ocuk bak\u0131m\u0131n\u0131n yaln\u0131zca annenin sorumlulu\u011fu olarak g\u00f6r\u00fclmesini reddettiklerini belirten Ta\u015f, kamusal ve nitelikli bak\u0131m hizmetlerinin yayg\u0131nla\u015fmas\u0131 gerekti\u011fini savundu.<\/p>\n\n\n\n<p>Vazge\u00e7miyoruz!<\/p>\n\n\n\n<p>A\u00e7\u0131klamas\u0131n\u0131n sonunda kararl\u0131l\u0131k mesaj\u0131 veren Ta\u015f, kad\u0131nlar\u0131n taleplerini \u015f\u00f6yle s\u0131ralad\u0131:<\/p>\n\n\n\n<p>\u2022\u0130stanbul S\u00f6zle\u015fmesi\u2019nden vazge\u00e7miyoruz!<\/p>\n\n\n\n<p>\u20226284 say\u0131l\u0131 kanun etkin ve eksiksiz uygulanacak!<\/p>\n\n\n\n<p>\u2022Yoksullu\u011fun y\u00fck\u00fcn\u00fc ta\u015f\u0131yan kad\u0131nlar\u0131n sesi olmaya devam edece\u011fiz!<\/p>\n\n\n\n<p>129 Kad\u0131n \u0130\u015f\u00e7i An\u0131ld\u0131<\/p>\n\n\n\n<p>Dil\u015fat Ta\u015f, konu\u015fmas\u0131n\u0131 8 Mart\u2019\u0131n tarihsel k\u00f6kenine at\u0131fta bulunarak bitirdi. 1857 y\u0131l\u0131nda New York\u2019ta haklar\u0131 i\u00e7in direnirken can veren 129 kad\u0131n i\u015f\u00e7iyi anan Ta\u015f, &#8220;Bu kad\u0131nlar\u0131n direni\u015fi, bug\u00fcn \u015fiddete ve karanl\u0131\u011fa kar\u015f\u0131 y\u00fckselen her kad\u0131n sesinde ya\u015famaktad\u0131r. Ya\u015fas\u0131n kad\u0131n dayan\u0131\u015fmas\u0131, ya\u015fas\u0131n \u00f6rg\u00fctl\u00fc m\u00fccadelemiz!&#8221; diyerek s\u00f6zlerini tamamlad\u0131.<br>B\u00fc\u015fra Deveci \/ Haber<\/p>\n","protected":false},"excerpt":{"rendered":"<p>CHP Manavgat Kad\u0131n Kollar\u0131 Ba\u015fkan\u0131 Dil\u015fat Ta\u015f, 8 Mart D\u00fcnya Kad\u0131nlar G\u00fcn\u00fc dolay\u0131s\u0131yla d\u00fczenledi\u011fi bas\u0131n toplant\u0131s\u0131nda zehir zemberek a\u00e7\u0131klamalarda bulundu. \u015eiddetten yoksullu\u011fa, \u0130stanbul S\u00f6zle\u015fmesi\u2019nden kre\u015f <a href=\"https:\/\/akdenizhaber.com.tr\/index.php\/2026\/03\/09\/chpli-dilsat-tastan-8-mart-manifestosu-care-esitlikte-kurtulus-cumhuriyet-degerlerinde\/\" class=\"read-more-link\">[more&#8230;]<\/a><\/p>\n","protected":false},"author":2,"featured_media":32244,"comment_status":"open","ping_status":"open","sticky":false,"template":"","format":"standard","meta":{"footnotes":""},"categories":[2],"tags":[],"class_list":["post-32243","post","type-post","status-publish","format-standard","has-post-thumbnail","hentry","category-gundem"],"_links":{"self":[{"href":"https:\/\/akdenizhaber.com.tr\/index.php\/wp-json\/wp\/v2\/posts\/32243","targetHints":{"allow":["GET"]}}],"collection":[{"href":"https:\/\/akdenizhaber.com.tr\/index.php\/wp-json\/wp\/v2\/posts"}],"about":[{"href":"https:\/\/akdenizhaber.com.tr\/index.php\/wp-json\/wp\/v2\/types\/post"}],"author":[{"embeddable":true,"href":"https:\/\/akdenizhaber.com.tr\/index.php\/wp-json\/wp\/v2\/users\/2"}],"replies":[{"embeddable":true,"href":"https:\/\/akdenizhaber.com.tr\/index.php\/wp-json\/wp\/v2\/comments?post=32243"}],"version-history":[{"count":1,"href":"https:\/\/akdenizhaber.com.tr\/index.php\/wp-json\/wp\/v2\/posts\/32243\/revisions"}],"predecessor-version":[{"id":32245,"href":"https:\/\/akdenizhaber.com.tr\/index.php\/wp-json\/wp\/v2\/posts\/32243\/revisions\/32245"}],"wp:featuredmedia":[{"embeddable":true,"href":"https:\/\/akdenizhaber.com.tr\/index.php\/wp-json\/wp\/v2\/media\/32244"}],"wp:attachment":[{"href":"https:\/\/akdenizhaber.com.tr\/index.php\/wp-json\/wp\/v2\/media?parent=32243"}],"wp:term":[{"taxonomy":"category","embeddable":true,"href":"https:\/\/akdenizhaber.com.tr\/index.php\/wp-json\/wp\/v2\/categories?post=32243"},{"taxonomy":"post_tag","embeddable":true,"href":"https:\/\/akdenizhaber.com.tr\/index.php\/wp-json\/wp\/v2\/tags?post=32243"}],"curies":[{"name":"wp","href":"https:\/\/api.w.org\/{rel}","templated":true}]}}