{"id":32191,"date":"2026-03-09T16:22:38","date_gmt":"2026-03-09T13:22:38","guid":{"rendered":"https:\/\/akdenizhaber.com.tr\/?p=32191"},"modified":"2026-03-09T16:22:13","modified_gmt":"2026-03-09T13:22:13","slug":"yerel-guc-manavgat-el-ele-verdicydd-ve-belediyeden-anlamli-8-mart-organizasyonu","status":"publish","type":"post","link":"https:\/\/akdenizhaber.com.tr\/index.php\/2026\/03\/09\/yerel-guc-manavgat-el-ele-verdicydd-ve-belediyeden-anlamli-8-mart-organizasyonu\/","title":{"rendered":"YEREL G\u00dc\u00c7: MANAVGAT EL ELE VERD\u0130:\u00c7YDD VE BELED\u0130YEDEN ANLAMLI 8 MART ORGAN\u0130ZASYONU"},"content":{"rendered":"\n<p>\u2022 &#8220;Manavgat\u2019ta \u00c7YDD ve Belediye \u00f6nc\u00fcl\u00fc\u011f\u00fcnde d\u00fczenlenen dev organizasyonda, 150 bin k\u0131z \u00e7ocu\u011funun gelece\u011fine dokunan e\u011fitim hamlesi ve kad\u0131n haklar\u0131 m\u00fccadelesi \u00f6n plana \u00e7\u0131kt\u0131.&#8221;<\/p>\n\n\n\n<p>Manavgat\u2019ta 8 Mart D\u00fcnya Emek\u00e7i Kad\u0131nlar G\u00fcn\u00fc kapsam\u0131nda d\u00fczenlenen \u201cG\u00fc\u00e7l\u00fc Kad\u0131n G\u00fc\u00e7l\u00fc Gelecek\u201d program\u0131; sanat, s\u00f6yle\u015fi ve panel etkinlikleriyle kad\u0131nlar\u0131n toplumsal ya\u015famda g\u00fc\u00e7lenmesi, e\u015fitlik ve dayan\u0131\u015fma mesajlar\u0131n\u0131 g\u00fc\u00e7l\u00fc bir kat\u0131l\u0131mla g\u00fcndeme ta\u015f\u0131d\u0131. Program, 7 Mart\u2019ta Manavgat Atat\u00fcrk K\u00fclt\u00fcr Merkezi\u2019nde Manavgat Belediyesi ve \u00c7a\u011fda\u015f Ya\u015fam\u0131 Destekleme Derne\u011fi (\u00c7YDD) Manavgat \u015eubesi i\u015f birli\u011fiyle ger\u00e7ekle\u015ftirildi.<\/p>\n\n\n\n<figure class=\"wp-block-image size-large\"><img loading=\"lazy\" decoding=\"async\" width=\"1024\" height=\"682\" src=\"https:\/\/akdenizhaber.com.tr\/wp-content\/uploads\/2026\/03\/a51e2a71-1c1a-4408-9594-3a2ca7f0ad68-1-1024x682.jpeg\" alt=\"\" class=\"wp-image-32207\" srcset=\"https:\/\/akdenizhaber.com.tr\/wp-content\/uploads\/2026\/03\/a51e2a71-1c1a-4408-9594-3a2ca7f0ad68-1-1024x682.jpeg 1024w, https:\/\/akdenizhaber.com.tr\/wp-content\/uploads\/2026\/03\/a51e2a71-1c1a-4408-9594-3a2ca7f0ad68-1-300x200.jpeg 300w, https:\/\/akdenizhaber.com.tr\/wp-content\/uploads\/2026\/03\/a51e2a71-1c1a-4408-9594-3a2ca7f0ad68-1-768x512.jpeg 768w, https:\/\/akdenizhaber.com.tr\/wp-content\/uploads\/2026\/03\/a51e2a71-1c1a-4408-9594-3a2ca7f0ad68-1-1536x1023.jpeg 1536w, https:\/\/akdenizhaber.com.tr\/wp-content\/uploads\/2026\/03\/a51e2a71-1c1a-4408-9594-3a2ca7f0ad68-1.jpeg 1600w\" sizes=\"auto, (max-width: 1024px) 100vw, 1024px\" \/><\/figure>\n\n\n\n<p>Sanat, s\u00f6yle\u015fi ve panel etkinliklerinden olu\u015fan program; Manavgat\u2019taki kamu kurumlar\u0131, sivil toplum kurulu\u015flar\u0131 ve vatanda\u015flar\u0131n yo\u011fun ilgisiyle ger\u00e7ekle\u015fti. Program\u0131n kolayla\u015ft\u0131r\u0131c\u0131l\u0131\u011f\u0131n\u0131 \u00c7YDD Manavgat \u015eubesi Ba\u015fkan Yard\u0131mc\u0131s\u0131 Do\u011fay G\u00fcven Celayiro\u011flu \u00fcstlendi.<\/p>\n\n\n\n<figure class=\"wp-block-image size-large\"><img loading=\"lazy\" decoding=\"async\" width=\"1024\" height=\"682\" src=\"https:\/\/akdenizhaber.com.tr\/wp-content\/uploads\/2026\/03\/cb09a18e-a251-4d63-960b-dae9077c7714-1024x682.jpeg\" alt=\"\" class=\"wp-image-32194\" srcset=\"https:\/\/akdenizhaber.com.tr\/wp-content\/uploads\/2026\/03\/cb09a18e-a251-4d63-960b-dae9077c7714-1024x682.jpeg 1024w, https:\/\/akdenizhaber.com.tr\/wp-content\/uploads\/2026\/03\/cb09a18e-a251-4d63-960b-dae9077c7714-300x200.jpeg 300w, https:\/\/akdenizhaber.com.tr\/wp-content\/uploads\/2026\/03\/cb09a18e-a251-4d63-960b-dae9077c7714-768x512.jpeg 768w, https:\/\/akdenizhaber.com.tr\/wp-content\/uploads\/2026\/03\/cb09a18e-a251-4d63-960b-dae9077c7714-1536x1023.jpeg 1536w, https:\/\/akdenizhaber.com.tr\/wp-content\/uploads\/2026\/03\/cb09a18e-a251-4d63-960b-dae9077c7714.jpeg 1600w\" sizes=\"auto, (max-width: 1024px) 100vw, 1024px\" \/><\/figure>\n\n\n\n<p>Program, sayg\u0131 duru\u015fu ve \u0130stiklal Mar\u015f\u0131\u2019n\u0131n okunmas\u0131yla ba\u015flad\u0131. Ard\u0131ndan \u00c7YDD Manavgat \u015eube Ba\u015fkan\u0131 Emine \u00c7atalta\u015f yapt\u0131\u011f\u0131 a\u00e7\u0131l\u0131\u015f konu\u015fmas\u0131nda, \u00c7YDD olarak 1989 y\u0131l\u0131ndan bu yana 150 bin k\u0131z \u00f6\u011frencinin e\u011fitimine katk\u0131 sa\u011flad\u0131klar\u0131n\u0131 belirterek kad\u0131nlar\u0131n haklar\u0131n\u0131 savunmaya ve e\u011fitimde f\u0131rsat e\u015fitli\u011fi sa\u011flamak i\u00e7in \u00e7al\u0131\u015fmaya devam edeceklerini ifade etti. Manavgat Belediyesi Ba\u015fkan Vekili Mehmet \u00c7i\u00e7ek ve CHP Antalya Milletvekili Aykut Kaya da g\u00fcn\u00fcn anlam ve \u00f6nemine ili\u015fkin konu\u015fmalar\u0131n\u0131 ger\u00e7ekle\u015ftirdi.<\/p>\n\n\n\n<figure class=\"wp-block-image size-large\"><img loading=\"lazy\" decoding=\"async\" width=\"1024\" height=\"682\" src=\"https:\/\/akdenizhaber.com.tr\/wp-content\/uploads\/2026\/03\/14210a9f-fc1a-421a-96b8-a16a377bd7b4-1024x682.jpeg\" alt=\"\" class=\"wp-image-32197\" srcset=\"https:\/\/akdenizhaber.com.tr\/wp-content\/uploads\/2026\/03\/14210a9f-fc1a-421a-96b8-a16a377bd7b4-1024x682.jpeg 1024w, https:\/\/akdenizhaber.com.tr\/wp-content\/uploads\/2026\/03\/14210a9f-fc1a-421a-96b8-a16a377bd7b4-300x200.jpeg 300w, https:\/\/akdenizhaber.com.tr\/wp-content\/uploads\/2026\/03\/14210a9f-fc1a-421a-96b8-a16a377bd7b4-768x512.jpeg 768w, https:\/\/akdenizhaber.com.tr\/wp-content\/uploads\/2026\/03\/14210a9f-fc1a-421a-96b8-a16a377bd7b4-1536x1023.jpeg 1536w, https:\/\/akdenizhaber.com.tr\/wp-content\/uploads\/2026\/03\/14210a9f-fc1a-421a-96b8-a16a377bd7b4.jpeg 1600w\" sizes=\"auto, (max-width: 1024px) 100vw, 1024px\" \/><\/figure>\n\n\n\n<p>Etkinli\u011fin s\u00f6yle\u015fi b\u00f6l\u00fcm\u00fcnde gazeteci ve yazar Zeynep Oral, Dr. H\u00fcseyin Ziyaettin moderat\u00f6rl\u00fc\u011f\u00fcnde Manavgatl\u0131larla bir araya gelerek kad\u0131nlar\u0131n toplumsal ya\u015famda \u00fcstlendi\u011fi rol ve toplumsal d\u00f6n\u00fc\u015f\u00fcmdeki etkisi \u00fczerine de\u011ferlendirmelerde bulundu.<\/p>\n\n\n\n<figure class=\"wp-block-image size-large\"><img loading=\"lazy\" decoding=\"async\" width=\"1024\" height=\"682\" src=\"https:\/\/akdenizhaber.com.tr\/wp-content\/uploads\/2026\/03\/98c55725-66ef-4767-bd0d-f37e7b5e5672-1-1024x682.jpeg\" alt=\"\" class=\"wp-image-32201\" srcset=\"https:\/\/akdenizhaber.com.tr\/wp-content\/uploads\/2026\/03\/98c55725-66ef-4767-bd0d-f37e7b5e5672-1-1024x682.jpeg 1024w, https:\/\/akdenizhaber.com.tr\/wp-content\/uploads\/2026\/03\/98c55725-66ef-4767-bd0d-f37e7b5e5672-1-300x200.jpeg 300w, https:\/\/akdenizhaber.com.tr\/wp-content\/uploads\/2026\/03\/98c55725-66ef-4767-bd0d-f37e7b5e5672-1-768x512.jpeg 768w, https:\/\/akdenizhaber.com.tr\/wp-content\/uploads\/2026\/03\/98c55725-66ef-4767-bd0d-f37e7b5e5672-1-1536x1023.jpeg 1536w, https:\/\/akdenizhaber.com.tr\/wp-content\/uploads\/2026\/03\/98c55725-66ef-4767-bd0d-f37e7b5e5672-1.jpeg 1600w\" sizes=\"auto, (max-width: 1024px) 100vw, 1024px\" \/><\/figure>\n\n\n\n<p>Program\u0131n ikinci b\u00f6l\u00fcm\u00fcnde \u201cG\u00fc\u00e7l\u00fc Kad\u0131n G\u00fc\u00e7l\u00fc Gelecek\u201d ba\u015fl\u0131kl\u0131 panel d\u00fczenlendi. Panelin moderat\u00f6rl\u00fc\u011f\u00fcn\u00fc Dr. Emine Seyhun Karakaya Ba\u015fkaya \u00fcstlendi. Panelde Umut \u00c7ift\u00e7i, Ezgi \u015eevik, Deniz Y\u0131lmaz ve M\u00fcnevver \u00c7etin konu\u015fmac\u0131 olarak yer ald\u0131. Panelistler kad\u0131nlar\u0131n toplumsal ya\u015famda g\u00fc\u00e7lenmesi, e\u015fitlik ve toplumsal dayan\u0131\u015fma \u00fczerine g\u00f6r\u00fc\u015f ve deneyimlerini payla\u015ft\u0131.<\/p>\n\n\n\n<figure class=\"wp-block-image size-large\"><img loading=\"lazy\" decoding=\"async\" width=\"1024\" height=\"682\" src=\"https:\/\/akdenizhaber.com.tr\/wp-content\/uploads\/2026\/03\/e9c3c8e6-38ce-4f04-b9cb-9fe359cc03be-1024x682.jpeg\" alt=\"\" class=\"wp-image-32196\" srcset=\"https:\/\/akdenizhaber.com.tr\/wp-content\/uploads\/2026\/03\/e9c3c8e6-38ce-4f04-b9cb-9fe359cc03be-1024x682.jpeg 1024w, https:\/\/akdenizhaber.com.tr\/wp-content\/uploads\/2026\/03\/e9c3c8e6-38ce-4f04-b9cb-9fe359cc03be-300x200.jpeg 300w, https:\/\/akdenizhaber.com.tr\/wp-content\/uploads\/2026\/03\/e9c3c8e6-38ce-4f04-b9cb-9fe359cc03be-768x512.jpeg 768w, https:\/\/akdenizhaber.com.tr\/wp-content\/uploads\/2026\/03\/e9c3c8e6-38ce-4f04-b9cb-9fe359cc03be-1536x1023.jpeg 1536w, https:\/\/akdenizhaber.com.tr\/wp-content\/uploads\/2026\/03\/e9c3c8e6-38ce-4f04-b9cb-9fe359cc03be.jpeg 1600w\" sizes=\"auto, (max-width: 1024px) 100vw, 1024px\" \/><\/figure>\n\n\n\n<p>Programda etkinli\u011fe katk\u0131 sunan payda\u015f kurum ve kurulu\u015flara da te\u015fekk\u00fcr edildi. Bu kapsamda MATSO ad\u0131na Seydi Tahsin G\u00fcng\u00f6r, MAS\u0130AD ad\u0131na Ahmet Emre Cengiz, ADD Manavgat \u015eubesi ad\u0131na \u00d6mer Faruk G\u00fcven, TYSD Manavgat \u015eubesi ad\u0131na Hatice Sezer, MEDER ad\u0131na Deniz Y\u0131lmaz ve K\u0131r\u0131m T\u00fcrkleri K\u00fclt\u00fcr ve Yard\u0131mla\u015fma Derne\u011fi Manavgat \u015eubesi ad\u0131na Didem Ba\u015fak Ba\u015fk\u0131r\u2019a te\u015fekk\u00fcr edilerek program\u0131n ger\u00e7ekle\u015fmesine destek veren t\u00fcm kurum ve kurulu\u015flar\u0131n dayan\u0131\u015fmas\u0131na vurgu yap\u0131ld\u0131.<\/p>\n\n\n\n<p>Program kapsam\u0131nda payda\u015f kurum ve kurulu\u015f temsilcilerine, kat\u0131l\u0131m sa\u011flayan yazar ve ressamlara te\u015fekk\u00fcr belgeleri takdim edildi ve toplu foto\u011fraf \u00e7ekimi ger\u00e7ekle\u015ftirildi. Toplu foto\u011fraf \u00e7ekiminin ard\u0131ndan program\u0131n onur konu\u011fu gazeteci yazar Zeynep Oral\u2019a zeytin fidan\u0131 ve hediye takdimi yap\u0131ld\u0131.<\/p>\n\n\n\n<figure class=\"wp-block-image size-large\"><img loading=\"lazy\" decoding=\"async\" width=\"682\" height=\"1024\" src=\"https:\/\/akdenizhaber.com.tr\/wp-content\/uploads\/2026\/03\/98122ca4-6f7d-4c73-b165-b169e73e3ce4-1-682x1024.jpeg\" alt=\"\" class=\"wp-image-32208\" srcset=\"https:\/\/akdenizhaber.com.tr\/wp-content\/uploads\/2026\/03\/98122ca4-6f7d-4c73-b165-b169e73e3ce4-1-682x1024.jpeg 682w, https:\/\/akdenizhaber.com.tr\/wp-content\/uploads\/2026\/03\/98122ca4-6f7d-4c73-b165-b169e73e3ce4-1-200x300.jpeg 200w, https:\/\/akdenizhaber.com.tr\/wp-content\/uploads\/2026\/03\/98122ca4-6f7d-4c73-b165-b169e73e3ce4-1-768x1153.jpeg 768w, https:\/\/akdenizhaber.com.tr\/wp-content\/uploads\/2026\/03\/98122ca4-6f7d-4c73-b165-b169e73e3ce4-1-1023x1536.jpeg 1023w, https:\/\/akdenizhaber.com.tr\/wp-content\/uploads\/2026\/03\/98122ca4-6f7d-4c73-b165-b169e73e3ce4-1.jpeg 1066w\" sizes=\"auto, (max-width: 682px) 100vw, 682px\" \/><\/figure>\n\n\n\n<p>8 Mart D\u00fcnya Emek\u00e7i Kad\u0131nlar G\u00fcn\u00fc kapsam\u0131nda ger\u00e7ekle\u015ftirilen etkinlikte, kad\u0131nlar\u0131n toplumsal ya\u015fam\u0131n her alan\u0131nda g\u00fc\u00e7lenmesinin daha e\u015fit, daha adil ve daha ayd\u0131nl\u0131k bir gelece\u011fin temel \u015fart\u0131 oldu\u011fu vurguland\u0131.<\/p>\n\n\n\n<p>Haber\/Do\u011fay G\u00fcven Celayiro\u011flu<\/p>\n\n\n\n<p><\/p>\n","protected":false},"excerpt":{"rendered":"<p>\u2022 &#8220;Manavgat\u2019ta \u00c7YDD ve Belediye \u00f6nc\u00fcl\u00fc\u011f\u00fcnde d\u00fczenlenen dev organizasyonda, 150 bin k\u0131z \u00e7ocu\u011funun gelece\u011fine dokunan e\u011fitim hamlesi ve kad\u0131n haklar\u0131 m\u00fccadelesi \u00f6n plana \u00e7\u0131kt\u0131.&#8221; Manavgat\u2019ta <a href=\"https:\/\/akdenizhaber.com.tr\/index.php\/2026\/03\/09\/yerel-guc-manavgat-el-ele-verdicydd-ve-belediyeden-anlamli-8-mart-organizasyonu\/\" class=\"read-more-link\">[more&#8230;]<\/a><\/p>\n","protected":false},"author":2,"featured_media":32199,"comment_status":"open","ping_status":"open","sticky":false,"template":"","format":"standard","meta":{"footnotes":""},"categories":[2],"tags":[],"class_list":["post-32191","post","type-post","status-publish","format-standard","has-post-thumbnail","hentry","category-gundem"],"_links":{"self":[{"href":"https:\/\/akdenizhaber.com.tr\/index.php\/wp-json\/wp\/v2\/posts\/32191","targetHints":{"allow":["GET"]}}],"collection":[{"href":"https:\/\/akdenizhaber.com.tr\/index.php\/wp-json\/wp\/v2\/posts"}],"about":[{"href":"https:\/\/akdenizhaber.com.tr\/index.php\/wp-json\/wp\/v2\/types\/post"}],"author":[{"embeddable":true,"href":"https:\/\/akdenizhaber.com.tr\/index.php\/wp-json\/wp\/v2\/users\/2"}],"replies":[{"embeddable":true,"href":"https:\/\/akdenizhaber.com.tr\/index.php\/wp-json\/wp\/v2\/comments?post=32191"}],"version-history":[{"count":4,"href":"https:\/\/akdenizhaber.com.tr\/index.php\/wp-json\/wp\/v2\/posts\/32191\/revisions"}],"predecessor-version":[{"id":32210,"href":"https:\/\/akdenizhaber.com.tr\/index.php\/wp-json\/wp\/v2\/posts\/32191\/revisions\/32210"}],"wp:featuredmedia":[{"embeddable":true,"href":"https:\/\/akdenizhaber.com.tr\/index.php\/wp-json\/wp\/v2\/media\/32199"}],"wp:attachment":[{"href":"https:\/\/akdenizhaber.com.tr\/index.php\/wp-json\/wp\/v2\/media?parent=32191"}],"wp:term":[{"taxonomy":"category","embeddable":true,"href":"https:\/\/akdenizhaber.com.tr\/index.php\/wp-json\/wp\/v2\/categories?post=32191"},{"taxonomy":"post_tag","embeddable":true,"href":"https:\/\/akdenizhaber.com.tr\/index.php\/wp-json\/wp\/v2\/tags?post=32191"}],"curies":[{"name":"wp","href":"https:\/\/api.w.org\/{rel}","templated":true}]}}