{"id":32188,"date":"2026-03-05T17:00:53","date_gmt":"2026-03-05T14:00:53","guid":{"rendered":"https:\/\/akdenizhaber.com.tr\/?p=32188"},"modified":"2026-03-05T17:00:53","modified_gmt":"2026-03-05T14:00:53","slug":"manavgatin-gelecegini-insa-eden-genc-guc-genc-masiad-resmen-hayata-geciyor","status":"publish","type":"post","link":"https:\/\/akdenizhaber.com.tr\/index.php\/2026\/03\/05\/manavgatin-gelecegini-insa-eden-genc-guc-genc-masiad-resmen-hayata-geciyor\/","title":{"rendered":"Manavgat&#8217;\u0131n Gelece\u011fini \u0130n\u015fa Eden Gen\u00e7 G\u00fc\u00e7  GEN\u00c7 MAS\u0130AD RESMEN HAYATA GE\u00c7\u0130YOR"},"content":{"rendered":"\n<p><\/p>\n\n\n\n<p>Manavgat Sanayici ve \u0130\u015f \u0130nsanlar\u0131 Derne\u011fi (MAS\u0130AD), gen\u00e7lerin ekonomik, sosyal ve teknolojik geli\u015fimine katk\u0131 sunmak amac\u0131yla GEN\u00c7 MAS\u0130AD platformunu resmi olarak kamuoyuna duyurdu. MAS\u0130AD Ba\u015fkan\u0131 Ahmet Emre Cengiz, gen\u00e7lerle bir araya gelerek projenin detaylar\u0131n\u0131 payla\u015ft\u0131 ve Manavgat&#8217;\u0131n gen\u00e7 potansiyelini harekete ge\u00e7irecek vizyonu anlatt\u0131.<\/p>\n\n\n\n<p><strong>&#8220;GEN\u00c7LER\u0130M\u0130Z\u0130N ENERJ\u0130S\u0130NE G\u00dcVEN DUYUYORUZ&#8221;<\/strong><\/p>\n\n\n\n<p>Gen\u00e7lerle ger\u00e7ekle\u015ftirdi\u011fi bulu\u015fmada konu\u015fan MAS\u0130AD Ba\u015fkan\u0131 Ahmet Emre Cengiz, GEN\u00c7 MAS\u0130AD&#8217;\u0131n kurulu\u015f felsefesini \u015fu s\u00f6zlerle \u00f6zetledi: &#8220;Manavgat&#8217;\u0131n gelece\u011fi, gen\u00e7lerimizin enerjisi ve vizyonuyla \u015fekillenecek. Biz MAS\u0130AD olarak 30 y\u0131ld\u0131r bu \u015fehrin ekonomik ve sosyal kalk\u0131nmas\u0131na katk\u0131 sunuyoruz. \u015eimdi ise bu birikimimizi gen\u00e7lerimizle payla\u015fma, onlar\u0131 i\u015f d\u00fcnyas\u0131n\u0131n i\u00e7ine dahil etme zaman\u0131.&#8221;<\/p>\n\n\n\n<p>Cengiz, GEN\u00c7 MAS\u0130AD&#8217;\u0131n sadece bir sosyal kul\u00fcp olmad\u0131\u011f\u0131n\u0131, aksine proje odakl\u0131 bir gen\u00e7lik hareketinin ba\u015flang\u0131c\u0131 oldu\u011funu vurgulad\u0131: &#8220;Hedefimiz; fikir \u00fcreten, teknolojiye hakim ve sorumluluk alan bir gen\u00e7lik hareketi ba\u015flatmakt\u0131r. Bu platform, Manavgat&#8217;\u0131n yar\u0131nlar\u0131n\u0131 bug\u00fcnden in\u015fa etmek i\u00e7in at\u0131lm\u0131\u015f g\u00fc\u00e7l\u00fc bir ad\u0131md\u0131r. Gen\u00e7lerimizin yaln\u0131zca izlemesini de\u011fil, karar s\u00fcre\u00e7lerine kat\u0131lmas\u0131n\u0131, projeler geli\u015ftirmesini ve b\u00f6lgesel kalk\u0131nmada aktif rol almas\u0131n\u0131 istiyoruz.&#8221;<\/p>\n\n\n\n<p><strong>PROJE \u00dcRET\u0130M\u0130 VE SAHA DENEY\u0130M\u0130 \u00d6N PLANDA<\/strong><\/p>\n\n\n\n<p>Ba\u015fkan Cengiz, GEN\u00c7 MAS\u0130AD&#8217;\u0131n klasik gen\u00e7lik \u00f6rg\u00fctlenmelerinden fark\u0131n\u0131 \u015fu \u015fekilde a\u00e7\u0131klad\u0131:<\/p>\n\n\n\n<p>&#8220;Biz gen\u00e7lerimize teorik bilgi de\u011fil, saha deneyimi kazand\u0131raca\u011f\u0131z. Mentor deste\u011fiyle ger\u00e7ek projeler \u00fczerinde \u00e7al\u0131\u015facaklar. Hackathonlar d\u00fczenleyece\u011fiz, yapay zeka ve dijital d\u00f6n\u00fc\u015f\u00fcm projelerine imza atacaklar. CV&#8217;lerini g\u00fc\u00e7lendirecek somut deneyimler kazanacaklar.&#8221;<\/p>\n\n\n\n<p>Platformun ilk 6 ay i\u00e7inde hayata ge\u00e7irece\u011fi projelere de de\u011finen Cengiz, \u015funlar\u0131 s\u00f6yledi:<\/p>\n\n\n\n<p>&#8220;GEN\u00c7 Giri\u015fimci At\u00f6lyesi ile gen\u00e7lerimiz i\u015f fikirlerini hayata ge\u00e7irme f\u0131rsat\u0131 bulacak. Dijital Yetkinlik E\u011fitim Serisi ile teknolojik becerileri geli\u015ftirecek. Mentor-Mentee Program\u0131 ile deneyimli i\u015f insanlar\u0131m\u0131zla bulu\u015facak. Yerel Sorunlara GEN\u00c7 \u00c7\u00f6z\u00fcm Hackathonu ile Manavgat&#8217;\u0131n somut sorunlar\u0131na \u00e7\u00f6z\u00fcm \u00fcretecekler.&#8221;<\/p>\n\n\n\n<p><strong>&#8220;\u00dcN\u0130VERS\u0130TE \u0130LE \u0130\u015e D\u00dcNYASI ARASINDA K\u00d6PR\u00dc OLACA\u011eIZ&#8221;<\/strong><\/p>\n\n\n\n<p>\u00dcniversite-\u0130\u015f D\u00fcnyas\u0131 i\u015fbirli\u011finin \u00f6nemine dikkat \u00e7eken Cengiz, \u015funlar\u0131 ifade etti:<\/p>\n\n\n\n<p>&#8220;Manavgat&#8217;ta okuyan gen\u00e7lerimiz mezun olmadan \u00f6nce i\u015f d\u00fcnyas\u0131yla tan\u0131\u015fmal\u0131, staj imkanlar\u0131 bulmal\u0131 ve kariyerlerini burada planlayabilmeli. GEN\u00c7 MAS\u0130AD bu k\u00f6pr\u00fcy\u00fc kuracak. Yerel firmalar\u0131m\u0131zla gen\u00e7lerimizi erken d\u00f6nemde bulu\u015fturaca\u011f\u0131z.&#8221;<\/p>\n\n\n\n<p><strong>AKT\u0130F KATILIM VE SONU\u00c7 ODAKLI YAPILANMA<\/strong><\/p>\n\n\n\n<p>Ba\u015fkan Cengiz, \u00fcyelik kriterlerine de a\u00e7\u0131kl\u0131k getirdi:<\/p>\n\n\n\n<p>&#8220;30 ya\u015f\u0131n\u0131 doldurmam\u0131\u015f, Manavgat ile ba\u011f\u0131 olan ve aktif kat\u0131l\u0131m g\u00f6sterecek herkesi aram\u0131zda g\u00f6rmek istiyoruz. Ancak \u015funu net s\u00f6yleyelim: Bu platform pasif \u00fcyelere de\u011fil, proje \u00fcreten, sorumluluk alan gen\u00e7lere y\u00f6nelik.&#8221;<\/p>\n\n\n\n<p>Cengiz, gen\u00e7lere seslenerek \u015fu \u00e7a\u011fr\u0131da bulundu:<\/p>\n\n\n\n<p>&#8220;Siz gen\u00e7ler sadece gelece\u011fimiz de\u011fil, bug\u00fcn\u00fcm\u00fczs\u00fcn\u00fcz. Sizlere ihtiyac\u0131m\u0131z var. Fikirlerinize, enerjinize, bak\u0131\u015f a\u00e7\u0131n\u0131za ihtiyac\u0131m\u0131z var. GEN\u00c7 MAS\u0130AD sizin platformunuz. Gelin birlikte Manavgat&#8217;\u0131n yar\u0131nlar\u0131n\u0131 in\u015fa edelim.&#8221;<\/p>\n\n\n\n<p><strong>YAPAY ZEKA VE D\u0130J\u0130TAL D\u00d6N\u00dc\u015e\u00dcM VURGUSU<\/strong><\/p>\n\n\n\n<p>MAS\u0130AD Y\u00f6netim Kurulu Dan\u0131\u015fman\u0131 ve Yapay Zeka Stratejisti Ertu\u011frul Akben de platformun teknolojik vizyonuna ili\u015fkin de\u011ferlendirmelerde bulundu:<\/p>\n\n\n\n<p>&#8220;GEN\u00c7 MAS\u0130AD, klasik bir gen\u00e7lik olu\u015fumu de\u011fildir. Bu yap\u0131; proje \u00fcreten, veriyle d\u00fc\u015f\u00fcnen ve teknolojiyi aktif kullanan bir gen\u00e7 liderlik modelidir. Bug\u00fcn d\u00fcnyada rekabet; sermaye ile de\u011fil, bilgi, h\u0131z ve adaptasyon kabiliyeti ile belirleniyor. Manavgatl\u0131 gen\u00e7lerin yapay zeka, dijital d\u00f6n\u00fc\u015f\u00fcm ve giri\u015fimcilik alanlar\u0131nda erken ya\u015fta yetkinlik kazanmas\u0131, \u015fehrimizin gelece\u011fi a\u00e7\u0131s\u0131ndan stratejik bir zorunluluktur.&#8221;<\/p>\n\n\n\n<p>Akben, platformun dijital altyap\u0131s\u0131n\u0131n da g\u00fc\u00e7l\u00fc olaca\u011f\u0131n\u0131 belirterek \u015fu a\u00e7\u0131klamay\u0131 yapt\u0131: &#8220;Gen\u00e7lerimiz online ba\u015fvuru yapabilecek, proje takibi ger\u00e7ekle\u015ftirebilecek ve mentor ileti\u015fimini dijital ortamda s\u00fcrd\u00fcrebilecek. Teknoloji sadece konu\u015ftu\u011fumuz bir alan de\u011fil, kulland\u0131\u011f\u0131m\u0131z bir ara\u00e7 olacak.&#8221;<\/p>\n\n\n\n<p><strong>BA\u015eVURULAR BA\u015eLADI<\/strong><\/p>\n\n\n\n<p>GEN\u00c7 MAS\u0130AD \u00fcyelik ba\u015fvurular\u0131 <a href=\"https:\/\/masiad.org.tr\/genc?fbclid=IwZXh0bgNhZW0CMTAAYnJpZBExRVV5ajZoOXQwNVpuaFM1TnNydGMGYXBwX2lkEDIyMjAzOTE3ODgyMDA4OTIAAR4vm_Jb7AfFQJSEpqgsI23lJz64Bfjl8GctkcxjVLbyjegBaZU87MPhelhFSw_aem_KJoLwM7l-DGi8GBbi-no4A\" target=\"_blank\" rel=\"noreferrer noopener\"><strong>https:\/\/masiad.org.tr\/genc<\/strong><\/a> adresi \u00fczerinden al\u0131nmaya ba\u015fland\u0131. Platform, \u00f6n\u00fcm\u00fczdeki haftalarda ilk etkinliklerini d\u00fczenleyerek gen\u00e7lerle bulu\u015fmaya devam edecek.<\/p>\n\n\n\n<p><strong>GEN\u00c7 MAS\u0130AD HAKKINDA<\/strong><\/p>\n\n\n\n<p>MAS\u0130AD&#8217;\u0131n 30 y\u0131ll\u0131k kurumsal birikimi ve &#8220;Hep birlikte daha ileriye&#8221; vizyonu do\u011frultusunda hayata ge\u00e7irilen GEN\u00c7 MAS\u0130AD; gen\u00e7lerin ekonomik, sosyal ve teknolojik geli\u015fimini destekleyen, giri\u015fimcilik ve liderlik yetkinli\u011fi kazand\u0131ran, i\u015f d\u00fcnyas\u0131 ile gen\u00e7ler aras\u0131nda s\u00fcrd\u00fcr\u00fclebilir k\u00f6pr\u00fc olu\u015fturan bir platformdur.<\/p>\n\n\n\n<p>Faaliyet Alanlar\u0131:<\/p>\n\n\n\n<p>\u2022 Yapay zeka ve dijital d\u00f6n\u00fc\u015f\u00fcm projeleri<\/p>\n\n\n\n<p>\u2022 Sosyal sorumluluk \u00e7al\u0131\u015fmalar\u0131<\/p>\n\n\n\n<p>\u2022 E\u011fitim ve mentorluk programlar\u0131<\/p>\n\n\n\n<p>\u2022 Networking ve i\u015f geli\u015ftirme bulu\u015fmalar\u0131<\/p>\n\n\n\n<p>\u2022 Hackathon ve proje yar\u0131\u015fmalar\u0131<\/p>\n\n\n\n<p>\u2022 Sekt\u00f6rel \u00e7al\u0131\u015fma gruplar\u0131<\/p>\n\n\n\n<p>\u00dcyelik \u015eartlar\u0131:<\/p>\n\n\n\n<p>\u2022 30 ya\u015f\u0131n\u0131 doldurmam\u0131\u015f olmak<\/p>\n\n\n\n<p>\u2022 Manavgat ile ba\u011f\u0131n\u0131n bulunmas\u0131 (ikamet, e\u011fitim veya i\u015f)<\/p>\n\n\n\n<p>\u2022 Aktif kat\u0131l\u0131m ve proje \u00fcretme motivasyonuna sahip olmak<\/p>\n\n\n\n<p>\u2022 Etik de\u011ferlere ve MAS\u0130AD vizyonuna uygun hareket etmeyi kabul etmek<\/p>\n\n\n\n<p>Haber Merkezi<\/p>\n","protected":false},"excerpt":{"rendered":"<p>Manavgat Sanayici ve \u0130\u015f \u0130nsanlar\u0131 Derne\u011fi (MAS\u0130AD), gen\u00e7lerin ekonomik, sosyal ve teknolojik geli\u015fimine katk\u0131 sunmak amac\u0131yla GEN\u00c7 MAS\u0130AD platformunu resmi olarak kamuoyuna duyurdu. MAS\u0130AD Ba\u015fkan\u0131 <a href=\"https:\/\/akdenizhaber.com.tr\/index.php\/2026\/03\/05\/manavgatin-gelecegini-insa-eden-genc-guc-genc-masiad-resmen-hayata-geciyor\/\" class=\"read-more-link\">[more&#8230;]<\/a><\/p>\n","protected":false},"author":2,"featured_media":32189,"comment_status":"open","ping_status":"open","sticky":false,"template":"","format":"standard","meta":{"footnotes":""},"categories":[2],"tags":[],"class_list":["post-32188","post","type-post","status-publish","format-standard","has-post-thumbnail","hentry","category-gundem"],"_links":{"self":[{"href":"https:\/\/akdenizhaber.com.tr\/index.php\/wp-json\/wp\/v2\/posts\/32188","targetHints":{"allow":["GET"]}}],"collection":[{"href":"https:\/\/akdenizhaber.com.tr\/index.php\/wp-json\/wp\/v2\/posts"}],"about":[{"href":"https:\/\/akdenizhaber.com.tr\/index.php\/wp-json\/wp\/v2\/types\/post"}],"author":[{"embeddable":true,"href":"https:\/\/akdenizhaber.com.tr\/index.php\/wp-json\/wp\/v2\/users\/2"}],"replies":[{"embeddable":true,"href":"https:\/\/akdenizhaber.com.tr\/index.php\/wp-json\/wp\/v2\/comments?post=32188"}],"version-history":[{"count":1,"href":"https:\/\/akdenizhaber.com.tr\/index.php\/wp-json\/wp\/v2\/posts\/32188\/revisions"}],"predecessor-version":[{"id":32190,"href":"https:\/\/akdenizhaber.com.tr\/index.php\/wp-json\/wp\/v2\/posts\/32188\/revisions\/32190"}],"wp:featuredmedia":[{"embeddable":true,"href":"https:\/\/akdenizhaber.com.tr\/index.php\/wp-json\/wp\/v2\/media\/32189"}],"wp:attachment":[{"href":"https:\/\/akdenizhaber.com.tr\/index.php\/wp-json\/wp\/v2\/media?parent=32188"}],"wp:term":[{"taxonomy":"category","embeddable":true,"href":"https:\/\/akdenizhaber.com.tr\/index.php\/wp-json\/wp\/v2\/categories?post=32188"},{"taxonomy":"post_tag","embeddable":true,"href":"https:\/\/akdenizhaber.com.tr\/index.php\/wp-json\/wp\/v2\/tags?post=32188"}],"curies":[{"name":"wp","href":"https:\/\/api.w.org\/{rel}","templated":true}]}}