{"id":32161,"date":"2026-03-05T16:37:05","date_gmt":"2026-03-05T13:37:05","guid":{"rendered":"https:\/\/akdenizhaber.com.tr\/?p=32161"},"modified":"2026-03-05T16:37:05","modified_gmt":"2026-03-05T13:37:05","slug":"ne-oldu-bize","status":"publish","type":"post","link":"https:\/\/akdenizhaber.com.tr\/index.php\/2026\/03\/05\/ne-oldu-bize\/","title":{"rendered":"NE OLDU B\u0130ZE!\u2026"},"content":{"rendered":"\n<p>Biz nas\u0131l bir millet olduk?<\/p>\n\n\n\n<p>Biz nas\u0131l bir nesil yeti\u015ftirdik?<\/p>\n\n\n\n<p>Biz nas\u0131l bu hallere d\u00fc\u015ft\u00fck, d\u00fc\u015f\u00fcr\u00fcld\u00fck?<\/p>\n\n\n\n<p>Biz ne ara bu hallere d\u00fc\u015ft\u00fck?<\/p>\n\n\n\n<figure class=\"wp-block-image size-large\"><img loading=\"lazy\" decoding=\"async\" width=\"1024\" height=\"1024\" src=\"https:\/\/akdenizhaber.com.tr\/wp-content\/uploads\/2026\/03\/a7f75467-896c-4dc2-8ffa-2f4907a32728-1024x1024.jpeg\" alt=\"\" class=\"wp-image-32162\" srcset=\"https:\/\/akdenizhaber.com.tr\/wp-content\/uploads\/2026\/03\/a7f75467-896c-4dc2-8ffa-2f4907a32728-1024x1024.jpeg 1024w, https:\/\/akdenizhaber.com.tr\/wp-content\/uploads\/2026\/03\/a7f75467-896c-4dc2-8ffa-2f4907a32728-300x300.jpeg 300w, https:\/\/akdenizhaber.com.tr\/wp-content\/uploads\/2026\/03\/a7f75467-896c-4dc2-8ffa-2f4907a32728-150x150.jpeg 150w, https:\/\/akdenizhaber.com.tr\/wp-content\/uploads\/2026\/03\/a7f75467-896c-4dc2-8ffa-2f4907a32728-768x768.jpeg 768w, https:\/\/akdenizhaber.com.tr\/wp-content\/uploads\/2026\/03\/a7f75467-896c-4dc2-8ffa-2f4907a32728.jpeg 1440w\" sizes=\"auto, (max-width: 1024px) 100vw, 1024px\" \/><\/figure>\n\n\n\n<p>G\u00fczel \u00fclkemiz, cennet vatan\u0131m\u0131z nas\u0131l oldu da bu hale d\u00fc\u015ft\u00fc, cehenneme d\u00f6n\u00fc\u015ft\u00fc?<\/p>\n\n\n\n<p>Verimli topraklar\u0131nda, birbirinden de\u011ferli \u00fcr\u00fcnler, meyveler, sebzeler yeti\u015firken; ne oldu da bu kadar \u00e7ok hain, katil, vicdans\u0131z, Allahs\u0131z kitaps\u0131z, Allahtan korkmaz, kuldan utanmaz, kanun nizam dinlemez yeti\u015fti, yeti\u015ftirildi?<\/p>\n\n\n\n<p>Nerede o en k\u00fc\u00e7\u00fck bir hata da y\u00fcz\u00fc k\u0131pk\u0131rm\u0131z\u0131 olan, bir yanl\u0131\u015fl\u0131\u011f\u0131n da binbir t\u00fcrl\u00fc \u00f6z\u00fcr dileyen, kad\u0131na, \u00e7ocu\u011fa el kald\u0131rmayan, b\u00fcy\u00fck le b\u00fcy\u00fck k\u00fc\u00e7\u00fck le k\u00fc\u00e7\u00fck olan ,elinde avucunda ne varsa fakir le payla\u015fan, kendi k\u0131y\u0131p kesip de yiyemedi\u011fi g\u00f6z\u00fc gibi sevdi\u011fi \u00e7il horozunu bile ,kesip de misafirine ikram eden misafir Perver Anadolu insanlar\u0131?<\/p>\n\n\n\n<p>Tamam, iyi insanlar iyi atlara binip de gittiler de; hi\u00e7 mi kalmad\u0131, nesilleri mi kurudu bu iyi insanlar\u0131n?<\/p>\n\n\n\n<p>Sava\u015fan \u00fclkelerde bile ya\u015famayan katliam denilecek ac\u0131 olaylar ya\u015fan\u0131r g\u00f6r\u00fcn\u00fcr oldu bu g\u00fczel \u00fclke de..<\/p>\n\n\n\n<p>Eline bir silah alan, g\u00f6z\u00fcne kestirdi\u011fini, can\u0131n istedi\u011fini b\u0131\u00e7akl\u0131yor, kur\u015funluyor, \u00f6ld\u00fcr\u00fcyor..<\/p>\n\n\n\n<p>Kad\u0131n erkek \u00e7or \u00e7ocuk, asker polis, \u00f6\u011fretmen, hakim savc\u0131 demeden g\u00fcc\u00fc yeten yeteni \u00f6ld\u00fcr\u00fcyor..<\/p>\n\n\n\n<p>Vay efendim ya\u015f\u0131 k\u00fc\u00e7\u00fckm\u00fc\u015f&#8230;<\/p>\n\n\n\n<p>Vay efendim hakl\u0131 sebebi varm\u0131\u015f..<\/p>\n\n\n\n<p>Vay efendim namus meselesi, t\u00f6re kanunu imi\u015f..<\/p>\n\n\n\n<p>Vay efendim sarho\u015f, akl\u0131 ba\u015f\u0131nda de\u011filmi\u015f..<\/p>\n\n\n\n<p>Sebep her ne olursa olsun, olmamas\u0131 gerekenler oluyor, ya\u015fanmamas\u0131 gerekenler ya\u015fan\u0131yor..<\/p>\n\n\n\n<p>Eline her hangi bir \u00f6ld\u00fcr\u00fcc\u00fc silah almas\u0131n\u0131 bilen, bu i\u015fin sonun da en a\u011f\u0131r \u015fekilde cezaland\u0131r\u0131laca\u011f\u0131n\u0131 da bilmesi gerekir..<\/p>\n\n\n\n<p>\u00d6ld\u00fcrebilen ya\u015f da olan, \u00f6lebilir ya\u015ftad\u0131r .<\/p>\n\n\n\n<p>Eli silah tutup da insan \u00f6ld\u00fcrenin boynu da ip ge\u00e7irilip dara\u011fac\u0131nda sallanma olgunlu\u011funa eri\u015fmi\u015ftir..<\/p>\n\n\n\n<p>B\u00fct\u00fcn bu olaylar\u0131n sebebi, kanunlar\u0131n yetersiz ve ne yaz\u0131k ki su\u00e7lular\u0131 korur halde olmas\u0131d\u0131r..<\/p>\n\n\n\n<p>\u00dc\u00e7 be\u015f y\u0131lda \u00e7\u0131kan bir genel af uygulamas\u0131 su\u00e7lular\u0131 \u00f6d\u00fcllendirmek ve yeni su\u00e7lara te\u015fvikten ba\u015fka nedir ki?<\/p>\n\n\n\n<p>Gencecik bir \u00f6\u011fretmeni, bir T\u00fcrk anas\u0131n\u0131 ,bir e\u015fi katleden caninin ka\u00e7 y\u0131l ceza alaca\u011f\u0131n\u0131 ,o cezan\u0131n ne kadar\u0131n\u0131 \u00e7ekece\u011fini bilen var m\u0131?<\/p>\n\n\n\n<p>Hep bilinen ve s\u00f6ylenen bir s\u00f6z vard\u0131r; \u00fc\u00e7 be\u015f y\u0131l yatar \u00e7\u0131kar\u0131m .<\/p>\n\n\n\n<p>Ya \u00f6len, \u00f6l\u00fcp de toprak olanlar?<\/p>\n\n\n\n<p>Onlar o toprak alt\u0131ndan ne zaman \u00e7\u0131kacak?<\/p>\n","protected":false},"excerpt":{"rendered":"<p>Biz nas\u0131l bir millet olduk? Biz nas\u0131l bir nesil yeti\u015ftirdik? Biz nas\u0131l bu hallere d\u00fc\u015ft\u00fck, d\u00fc\u015f\u00fcr\u00fcld\u00fck? Biz ne ara bu hallere d\u00fc\u015ft\u00fck? G\u00fczel \u00fclkemiz, cennet <a href=\"https:\/\/akdenizhaber.com.tr\/index.php\/2026\/03\/05\/ne-oldu-bize\/\" class=\"read-more-link\">[more&#8230;]<\/a><\/p>\n","protected":false},"author":2,"featured_media":32031,"comment_status":"open","ping_status":"open","sticky":false,"template":"","format":"standard","meta":{"footnotes":""},"categories":[1,2],"tags":[],"class_list":["post-32161","post","type-post","status-publish","format-standard","has-post-thumbnail","hentry","category-blog","category-gundem"],"_links":{"self":[{"href":"https:\/\/akdenizhaber.com.tr\/index.php\/wp-json\/wp\/v2\/posts\/32161","targetHints":{"allow":["GET"]}}],"collection":[{"href":"https:\/\/akdenizhaber.com.tr\/index.php\/wp-json\/wp\/v2\/posts"}],"about":[{"href":"https:\/\/akdenizhaber.com.tr\/index.php\/wp-json\/wp\/v2\/types\/post"}],"author":[{"embeddable":true,"href":"https:\/\/akdenizhaber.com.tr\/index.php\/wp-json\/wp\/v2\/users\/2"}],"replies":[{"embeddable":true,"href":"https:\/\/akdenizhaber.com.tr\/index.php\/wp-json\/wp\/v2\/comments?post=32161"}],"version-history":[{"count":1,"href":"https:\/\/akdenizhaber.com.tr\/index.php\/wp-json\/wp\/v2\/posts\/32161\/revisions"}],"predecessor-version":[{"id":32163,"href":"https:\/\/akdenizhaber.com.tr\/index.php\/wp-json\/wp\/v2\/posts\/32161\/revisions\/32163"}],"wp:featuredmedia":[{"embeddable":true,"href":"https:\/\/akdenizhaber.com.tr\/index.php\/wp-json\/wp\/v2\/media\/32031"}],"wp:attachment":[{"href":"https:\/\/akdenizhaber.com.tr\/index.php\/wp-json\/wp\/v2\/media?parent=32161"}],"wp:term":[{"taxonomy":"category","embeddable":true,"href":"https:\/\/akdenizhaber.com.tr\/index.php\/wp-json\/wp\/v2\/categories?post=32161"},{"taxonomy":"post_tag","embeddable":true,"href":"https:\/\/akdenizhaber.com.tr\/index.php\/wp-json\/wp\/v2\/tags?post=32161"}],"curies":[{"name":"wp","href":"https:\/\/api.w.org\/{rel}","templated":true}]}}