{"id":32139,"date":"2026-03-02T16:02:45","date_gmt":"2026-03-02T13:02:45","guid":{"rendered":"https:\/\/akdenizhaber.com.tr\/?p=32139"},"modified":"2026-03-02T16:01:52","modified_gmt":"2026-03-02T13:01:52","slug":"muhasebe-haftasinda-manavgatta-anlamli-toren","status":"publish","type":"post","link":"https:\/\/akdenizhaber.com.tr\/index.php\/2026\/03\/02\/muhasebe-haftasinda-manavgatta-anlamli-toren\/","title":{"rendered":"Muhasebe Haftas\u0131\u2019nda Manavgat\u2019ta Anlaml\u0131 T\u00f6ren"},"content":{"rendered":"\n<p>Manavgat Serbest Muhasebeci Mali M\u00fc\u015favirler Odas\u0131, Muhasebe Haftas\u0131 kapsam\u0131nda Cumhuriyet Meydan\u0131\u2019nda \u00e7elenk sunma t\u00f6reni d\u00fczenledi.<\/p>\n\n\n\n<p>T\u00f6rene Oda Ba\u015fkan\u0131 Erkan Tuncer, Oda Sekreteri \u00d6mer \u015eim\u015fek, Y\u00f6netim Kurulu \u00dcyesi Nazmiye \u00d6zen, Disiplin Kurulu \u00dcyesi Melek \u015eirin ve \u00e7ok say\u0131da meslek mensubu kat\u0131ld\u0131. Cumhuriyet Meydan\u0131\u2019nda ger\u00e7ekle\u015ftirilen t\u00f6rende Atat\u00fcrk An\u0131t\u0131\u2019na \u00e7elenk sunularak sayg\u0131 duru\u015funda bulunuldu.<\/p>\n\n\n\n<p>Muhasebe Haftas\u0131 dolay\u0131s\u0131yla yap\u0131lan a\u00e7\u0131klamada, mesle\u011fin temel de\u011ferlerine bir kez daha vurgu yap\u0131ld\u0131. A\u00e7\u0131klamada, muhasebe mesle\u011finin \u015feffafl\u0131k, g\u00fcven ve d\u00fczenin teminat\u0131 oldu\u011funa dikkat \u00e7ekilerek, \u00f6zveriyle y\u00fcr\u00fct\u00fclen titiz \u00e7al\u0131\u015fmalar\u0131n ekonomik sistemin sa\u011fl\u0131kl\u0131 i\u015flemesinde kritik rol oynad\u0131\u011f\u0131 ifade edildi.<\/p>\n\n\n\n<p>Manavgat Mali M\u00fc\u015favirler Odas\u0131 taraf\u0131ndan yap\u0131lan de\u011ferlendirmede, \u201c\u00d6zveriyle y\u00fcr\u00fctt\u00fc\u011f\u00fcn\u00fcz titiz hesaplar, \u015feffafl\u0131k ve d\u00fczenin sembol\u00fcd\u00fcr. Bu \u00f6zel haftada her bir muhasebecimizin eme\u011fine te\u015fekk\u00fcr ediyor; finansal denge ve g\u00fcvenin sa\u011flanmas\u0131ndaki kritik rol\u00fcn\u00fcz\u00fc onurland\u0131r\u0131yoruz. Gelece\u011fe umutla bakarken, mesle\u011fimizin yenilik\u00e7i ad\u0131mlar\u0131yla daha ayd\u0131nl\u0131k yar\u0131nlara y\u00fcr\u00fcyece\u011fimize inan\u0131yoruz.\u201d denildi.<\/p>\n\n\n\n<p>Muhasebe Haftas\u0131 etkinliklerinin hafta boyunca \u00e7e\u015fitli programlarla devam edece\u011fi belirtildi.<\/p>\n\n\n\n<p>B\u00fc\u015fra Deveci \/ Haber<\/p>\n","protected":false},"excerpt":{"rendered":"<p>Manavgat Serbest Muhasebeci Mali M\u00fc\u015favirler Odas\u0131, Muhasebe Haftas\u0131 kapsam\u0131nda Cumhuriyet Meydan\u0131\u2019nda \u00e7elenk sunma t\u00f6reni d\u00fczenledi. T\u00f6rene Oda Ba\u015fkan\u0131 Erkan Tuncer, Oda Sekreteri \u00d6mer \u015eim\u015fek, Y\u00f6netim <a href=\"https:\/\/akdenizhaber.com.tr\/index.php\/2026\/03\/02\/muhasebe-haftasinda-manavgatta-anlamli-toren\/\" class=\"read-more-link\">[more&#8230;]<\/a><\/p>\n","protected":false},"author":2,"featured_media":32140,"comment_status":"open","ping_status":"open","sticky":false,"template":"","format":"standard","meta":{"footnotes":""},"categories":[2],"tags":[],"class_list":["post-32139","post","type-post","status-publish","format-standard","has-post-thumbnail","hentry","category-gundem"],"_links":{"self":[{"href":"https:\/\/akdenizhaber.com.tr\/index.php\/wp-json\/wp\/v2\/posts\/32139","targetHints":{"allow":["GET"]}}],"collection":[{"href":"https:\/\/akdenizhaber.com.tr\/index.php\/wp-json\/wp\/v2\/posts"}],"about":[{"href":"https:\/\/akdenizhaber.com.tr\/index.php\/wp-json\/wp\/v2\/types\/post"}],"author":[{"embeddable":true,"href":"https:\/\/akdenizhaber.com.tr\/index.php\/wp-json\/wp\/v2\/users\/2"}],"replies":[{"embeddable":true,"href":"https:\/\/akdenizhaber.com.tr\/index.php\/wp-json\/wp\/v2\/comments?post=32139"}],"version-history":[{"count":1,"href":"https:\/\/akdenizhaber.com.tr\/index.php\/wp-json\/wp\/v2\/posts\/32139\/revisions"}],"predecessor-version":[{"id":32141,"href":"https:\/\/akdenizhaber.com.tr\/index.php\/wp-json\/wp\/v2\/posts\/32139\/revisions\/32141"}],"wp:featuredmedia":[{"embeddable":true,"href":"https:\/\/akdenizhaber.com.tr\/index.php\/wp-json\/wp\/v2\/media\/32140"}],"wp:attachment":[{"href":"https:\/\/akdenizhaber.com.tr\/index.php\/wp-json\/wp\/v2\/media?parent=32139"}],"wp:term":[{"taxonomy":"category","embeddable":true,"href":"https:\/\/akdenizhaber.com.tr\/index.php\/wp-json\/wp\/v2\/categories?post=32139"},{"taxonomy":"post_tag","embeddable":true,"href":"https:\/\/akdenizhaber.com.tr\/index.php\/wp-json\/wp\/v2\/tags?post=32139"}],"curies":[{"name":"wp","href":"https:\/\/api.w.org\/{rel}","templated":true}]}}