{"id":32136,"date":"2026-03-02T16:02:35","date_gmt":"2026-03-02T13:02:35","guid":{"rendered":"https:\/\/akdenizhaber.com.tr\/?p=32136"},"modified":"2026-03-02T16:02:04","modified_gmt":"2026-03-02T13:02:04","slug":"manavgatta-3-sinif-ogrencilerine-sportif-yetenek-taramasi-basliyor","status":"publish","type":"post","link":"https:\/\/akdenizhaber.com.tr\/index.php\/2026\/03\/02\/manavgatta-3-sinif-ogrencilerine-sportif-yetenek-taramasi-basliyor\/","title":{"rendered":"Manavgat\u2019ta 3. S\u0131n\u0131f \u00d6\u011frencilerine Sportif Yetenek Taramas\u0131 Ba\u015fl\u0131yor"},"content":{"rendered":"\n<p>Gen\u00e7lik ve Spor Bakanl\u0131\u011f\u0131 ile Milli E\u011fitim Bakanl\u0131\u011f\u0131 aras\u0131nda 19 Nisan 2016 tarihinde imzalanan \u201cT\u00fcrkiye Sportif Yetenek Taramas\u0131 ve Spora Y\u00f6nlendirme Program\u0131\u201d protokol\u00fc kapsam\u0131nda, 2018-2019 e\u011fitim-\u00f6\u011fretim y\u0131l\u0131ndan bu yana \u00fclke genelinde s\u00fcrd\u00fcr\u00fclen yetenek taramalar\u0131 Manavgat\u2019ta da devam ediyor.<\/p>\n\n\n\n<p>Manavgat Gen\u00e7lik ve Spor \u0130l\u00e7e M\u00fcd\u00fcrl\u00fc\u011f\u00fc taraf\u0131ndan y\u00fcr\u00fct\u00fclecek \u00e7al\u0131\u015fma kapsam\u0131nda Mart ay\u0131 boyunca il\u00e7edeki ilkokul 3. s\u0131n\u0131f \u00f6\u011frencilerine y\u00f6nelik kapsaml\u0131 bir sportif yetenek taramas\u0131 ger\u00e7ekle\u015ftirilecek. Program ile \u00e7ocuklar\u0131n sportif potansiyelinin erken ya\u015fta ke\u015ffedilmesi, do\u011fru bran\u015flara y\u00f6nlendirilmesi ve gelece\u011fin ba\u015far\u0131l\u0131 sporcular\u0131n\u0131n yeti\u015ftirilmesi hedefleniyor.<\/p>\n\n\n\n<p>3 Bin 662 \u00d6\u011frenci Programa Dahil Edildi<\/p>\n\n\n\n<p>\u0130l\u00e7e genelinde bulunan 63 ilkokulda e\u011fitim g\u00f6ren toplam 3 bin 662 \u00f6\u011frenci yetenek taramas\u0131na kat\u0131lacak. Okullarda spor salonu bulunmas\u0131 halinde uygulamalar do\u011frudan okul spor salonlar\u0131nda yap\u0131lacak.<\/p>\n\n\n\n<p>\u00d6te yandan ekipler, \u00e7evre il\u00e7elerdeki \u00f6\u011frencileri de kapsayacak \u015fekilde saha \u00e7al\u0131\u015fmalar\u0131n\u0131 geni\u015fletecek. Bu kapsamda \u0130brad\u0131, Akseki ve G\u00fcndo\u011fmu\u015f il\u00e7elerine gidilerek \u00f6\u011frencilere yerinde yetenek taramas\u0131 uygulanacak.<\/p>\n\n\n\n<p>Bilimsel \u00d6l\u00e7\u00fcmler Yap\u0131lacak<\/p>\n\n\n\n<p>Yap\u0131lacak \u00f6l\u00e7\u00fcmlerde \u00f6\u011frencilerin;<\/p>\n\n\n\n<p>S\u00fcrat<\/p>\n\n\n\n<p>Denge<\/p>\n\n\n\n<p>Koordinasyon<\/p>\n\n\n\n<p>\u00c7eviklik<\/p>\n\n\n\n<p>gibi temel motorik \u00f6zellikleri bilimsel y\u00f6ntemlerle de\u011ferlendirilecek. Elde edilen veriler do\u011frultusunda \u00f6\u011frenciler, kendilerine en uygun spor bran\u015flar\u0131na y\u00f6nlendirilecek.<\/p>\n\n\n\n<p>Yetkililer, ama\u00e7lar\u0131n\u0131n hi\u00e7bir \u00e7ocu\u011fun yetene\u011finin ke\u015ffedilmeden kalmamas\u0131 oldu\u011funu vurgulayarak, Manavgat\u2019tan, b\u00f6lgeden ve \u00fclkeden yeni \u015fampiyonlar yeti\u015ftirmeyi hedeflediklerini belirtti.<\/p>\n\n\n\n<p>Program kapsam\u0131nda t\u00fcm \u00f6\u011frencilere ba\u015far\u0131lar dilendi.<\/p>\n\n\n\n<p>B\u00fc\u015fra Deveci \/ Haber<\/p>\n","protected":false},"excerpt":{"rendered":"<p>Gen\u00e7lik ve Spor Bakanl\u0131\u011f\u0131 ile Milli E\u011fitim Bakanl\u0131\u011f\u0131 aras\u0131nda 19 Nisan 2016 tarihinde imzalanan \u201cT\u00fcrkiye Sportif Yetenek Taramas\u0131 ve Spora Y\u00f6nlendirme Program\u0131\u201d protokol\u00fc kapsam\u0131nda, 2018-2019 <a href=\"https:\/\/akdenizhaber.com.tr\/index.php\/2026\/03\/02\/manavgatta-3-sinif-ogrencilerine-sportif-yetenek-taramasi-basliyor\/\" class=\"read-more-link\">[more&#8230;]<\/a><\/p>\n","protected":false},"author":2,"featured_media":32137,"comment_status":"open","ping_status":"open","sticky":false,"template":"","format":"standard","meta":{"footnotes":""},"categories":[2],"tags":[],"class_list":["post-32136","post","type-post","status-publish","format-standard","has-post-thumbnail","hentry","category-gundem"],"_links":{"self":[{"href":"https:\/\/akdenizhaber.com.tr\/index.php\/wp-json\/wp\/v2\/posts\/32136","targetHints":{"allow":["GET"]}}],"collection":[{"href":"https:\/\/akdenizhaber.com.tr\/index.php\/wp-json\/wp\/v2\/posts"}],"about":[{"href":"https:\/\/akdenizhaber.com.tr\/index.php\/wp-json\/wp\/v2\/types\/post"}],"author":[{"embeddable":true,"href":"https:\/\/akdenizhaber.com.tr\/index.php\/wp-json\/wp\/v2\/users\/2"}],"replies":[{"embeddable":true,"href":"https:\/\/akdenizhaber.com.tr\/index.php\/wp-json\/wp\/v2\/comments?post=32136"}],"version-history":[{"count":1,"href":"https:\/\/akdenizhaber.com.tr\/index.php\/wp-json\/wp\/v2\/posts\/32136\/revisions"}],"predecessor-version":[{"id":32138,"href":"https:\/\/akdenizhaber.com.tr\/index.php\/wp-json\/wp\/v2\/posts\/32136\/revisions\/32138"}],"wp:featuredmedia":[{"embeddable":true,"href":"https:\/\/akdenizhaber.com.tr\/index.php\/wp-json\/wp\/v2\/media\/32137"}],"wp:attachment":[{"href":"https:\/\/akdenizhaber.com.tr\/index.php\/wp-json\/wp\/v2\/media?parent=32136"}],"wp:term":[{"taxonomy":"category","embeddable":true,"href":"https:\/\/akdenizhaber.com.tr\/index.php\/wp-json\/wp\/v2\/categories?post=32136"},{"taxonomy":"post_tag","embeddable":true,"href":"https:\/\/akdenizhaber.com.tr\/index.php\/wp-json\/wp\/v2\/tags?post=32136"}],"curies":[{"name":"wp","href":"https:\/\/api.w.org\/{rel}","templated":true}]}}