{"id":31646,"date":"2026-01-26T17:27:31","date_gmt":"2026-01-26T14:27:31","guid":{"rendered":"https:\/\/akdenizhaber.com.tr\/?p=31646"},"modified":"2026-01-26T17:27:31","modified_gmt":"2026-01-26T14:27:31","slug":"alanya-otoyol-insaatinda-pes-pese-kazalar-tipten-sert-tepki","status":"publish","type":"post","link":"https:\/\/akdenizhaber.com.tr\/index.php\/2026\/01\/26\/alanya-otoyol-insaatinda-pes-pese-kazalar-tipten-sert-tepki\/","title":{"rendered":"Alanya Otoyol \u0130n\u015faat\u0131nda Pe\u015f Pe\u015fe Kazalar: T\u0130P\u2019ten Sert Tepki"},"content":{"rendered":"\n<p>Antalya\u2013Alanya Otoyol Projesi\u2019nde ya\u015fanan i\u015f kazalar\u0131 kamuoyunda endi\u015fe yaratmaya devam ediyor. \u0130n\u015faat sahas\u0131nda, eski ve bak\u0131ms\u0131z bir vin\u00e7ten d\u00fc\u015fen 5 tonluk paletin alt\u0131nda kalan 3 \u00e7ocuk babas\u0131 i\u015f\u00e7i Ayd\u0131n A\u00e7\u0131kel\u2019in hayat\u0131n\u0131 kaybetmesinin \u00fczerinden hen\u00fcz 10 g\u00fcn ge\u00e7mi\u015fken, bug\u00fcn de Limak i\u015f\u00e7ilerini ta\u015f\u0131yan servis arac\u0131n\u0131n kaza yapt\u0131\u011f\u0131 \u00f6\u011frenildi.<\/p>\n\n\n\n<p>Ya\u015fanan olaylar\u0131n ard\u0131ndan T\u00fcrkiye \u0130\u015f\u00e7i Partisi (T\u0130P) Manavgat \u0130l\u00e7e \u00d6rg\u00fct\u00fc yaz\u0131l\u0131 bir a\u00e7\u0131klama yaparak kazalara sert tepki g\u00f6sterdi. A\u00e7\u0131klamada, k\u00e2r h\u0131rs\u0131 nedeniyle gerekli i\u015f g\u00fcvenli\u011fi \u00f6nlemlerinin ve ekipmanlar\u0131n al\u0131nmad\u0131\u011f\u0131, bunun da i\u015f\u00e7ilerin hayat\u0131n\u0131 ciddi \u015fekilde riske att\u0131\u011f\u0131 vurguland\u0131.<\/p>\n\n\n\n<p>T\u0130P Manavgat \u0130l\u00e7e \u00d6rg\u00fct\u00fc, Limak ve ta\u015feron firma yetkililerine seslenerek, emek\u00e7ilerin daha fazla s\u00f6m\u00fcr\u00fclmesine, sakatlanmas\u0131na ve ya\u015fam\u0131n\u0131 yitirmesine sessiz kalmayacaklar\u0131n\u0131 belirtti. A\u00e7\u0131klamada, otoyol in\u015faat\u0131ndaki s\u00fcrecin yak\u0131ndan takip edilece\u011fi ve bundan sonra i\u015f\u00e7iler aleyhine ya\u015fanacak her t\u00fcrl\u00fc olumsuzlukta sorumlular\u0131n kar\u015f\u0131s\u0131nda olunaca\u011f\u0131 ifade edildi.<\/p>\n\n\n\n<p>A\u00e7\u0131klamada i\u015f\u00e7ilere de \u00e7a\u011fr\u0131da bulunularak, haklar\u0131n ancak birlik ve \u00f6rg\u00fctl\u00fc m\u00fccadeleyle savunulabilece\u011fi vurguland\u0131. \u201c\u00d6rg\u00fctl\u00fc bir i\u015f\u00e7i s\u0131n\u0131f\u0131na hi\u00e7bir patron diz \u00e7\u00f6kt\u00fcremez\u201d denilen a\u00e7\u0131klamada, T\u00fcrkiye \u0130\u015f\u00e7i Partisi\u2019nin ya\u015fanabilecek t\u00fcm hak ihlallerinde i\u015f\u00e7ilerin yan\u0131nda olaca\u011f\u0131 ve hukuki destek ile dayan\u0131\u015fmay\u0131 s\u00fcrd\u00fcrece\u011fi belirtildi.<\/p>\n\n\n\n<p>Kamuoyunda yank\u0131 uyand\u0131ran a\u00e7\u0131klama, otoyol in\u015faatlar\u0131nda i\u015f g\u00fcvenli\u011fi \u00f6nlemlerinin yeterlili\u011fini bir kez daha g\u00fcndeme ta\u015f\u0131d\u0131.<\/p>\n\n\n\n<p>Haber Merkezi<\/p>\n","protected":false},"excerpt":{"rendered":"<p>Antalya\u2013Alanya Otoyol Projesi\u2019nde ya\u015fanan i\u015f kazalar\u0131 kamuoyunda endi\u015fe yaratmaya devam ediyor. \u0130n\u015faat sahas\u0131nda, eski ve bak\u0131ms\u0131z bir vin\u00e7ten d\u00fc\u015fen 5 tonluk paletin alt\u0131nda kalan 3 <a href=\"https:\/\/akdenizhaber.com.tr\/index.php\/2026\/01\/26\/alanya-otoyol-insaatinda-pes-pese-kazalar-tipten-sert-tepki\/\" class=\"read-more-link\">[more&#8230;]<\/a><\/p>\n","protected":false},"author":2,"featured_media":31647,"comment_status":"open","ping_status":"open","sticky":false,"template":"","format":"standard","meta":{"footnotes":""},"categories":[2],"tags":[],"class_list":["post-31646","post","type-post","status-publish","format-standard","has-post-thumbnail","hentry","category-gundem"],"_links":{"self":[{"href":"https:\/\/akdenizhaber.com.tr\/index.php\/wp-json\/wp\/v2\/posts\/31646","targetHints":{"allow":["GET"]}}],"collection":[{"href":"https:\/\/akdenizhaber.com.tr\/index.php\/wp-json\/wp\/v2\/posts"}],"about":[{"href":"https:\/\/akdenizhaber.com.tr\/index.php\/wp-json\/wp\/v2\/types\/post"}],"author":[{"embeddable":true,"href":"https:\/\/akdenizhaber.com.tr\/index.php\/wp-json\/wp\/v2\/users\/2"}],"replies":[{"embeddable":true,"href":"https:\/\/akdenizhaber.com.tr\/index.php\/wp-json\/wp\/v2\/comments?post=31646"}],"version-history":[{"count":1,"href":"https:\/\/akdenizhaber.com.tr\/index.php\/wp-json\/wp\/v2\/posts\/31646\/revisions"}],"predecessor-version":[{"id":31648,"href":"https:\/\/akdenizhaber.com.tr\/index.php\/wp-json\/wp\/v2\/posts\/31646\/revisions\/31648"}],"wp:featuredmedia":[{"embeddable":true,"href":"https:\/\/akdenizhaber.com.tr\/index.php\/wp-json\/wp\/v2\/media\/31647"}],"wp:attachment":[{"href":"https:\/\/akdenizhaber.com.tr\/index.php\/wp-json\/wp\/v2\/media?parent=31646"}],"wp:term":[{"taxonomy":"category","embeddable":true,"href":"https:\/\/akdenizhaber.com.tr\/index.php\/wp-json\/wp\/v2\/categories?post=31646"},{"taxonomy":"post_tag","embeddable":true,"href":"https:\/\/akdenizhaber.com.tr\/index.php\/wp-json\/wp\/v2\/tags?post=31646"}],"curies":[{"name":"wp","href":"https:\/\/api.w.org\/{rel}","templated":true}]}}