{"id":31641,"date":"2026-01-26T17:26:31","date_gmt":"2026-01-26T14:26:31","guid":{"rendered":"https:\/\/akdenizhaber.com.tr\/?p=31641"},"modified":"2026-01-26T17:26:31","modified_gmt":"2026-01-26T14:26:31","slug":"manavgatta-ugur-mumcu-anildi","status":"publish","type":"post","link":"https:\/\/akdenizhaber.com.tr\/index.php\/2026\/01\/26\/manavgatta-ugur-mumcu-anildi\/","title":{"rendered":"Manavgat\u2019ta U\u011fur Mumcu An\u0131ld\u0131"},"content":{"rendered":"\n<p>Manavgat Belediyesi ile Atat\u00fcrk\u00e7\u00fc D\u00fc\u015f\u00fcnce Derne\u011fi (ADD) Manavgat \u015eubesi i\u015f birli\u011finde, gazeteci-yazar U\u011fur Mumcu, \u00f6l\u00fcm\u00fcn\u00fcn y\u0131l d\u00f6n\u00fcm\u00fcnde d\u00fczenlenen programla an\u0131ld\u0131.<\/p>\n\n\n\n<p>Atat\u00fcrk K\u00fclt\u00fcr Merkezi\u2019nde ger\u00e7ekle\u015ftirilen anma program\u0131na Manavgat Belediye Ba\u015fkan Vekili Av. Mehmet \u00c7i\u00e7ek, ADD Manavgat \u015eubesi y\u00f6neticileri, gazeteci-yazarlar Orhan Bursal\u0131 ve \u00d6zlem Y\u00fczak ile \u00e7ok say\u0131da vatanda\u015f kat\u0131ld\u0131.<\/p>\n\n\n\n<p>Program kapsam\u0131nda, U\u011fur Mumcu\u2019nun ya\u015fam\u0131, gazetecilik m\u00fccadelesi ve d\u00fc\u015f\u00fcnce miras\u0131, Orhan Bursal\u0131 ve \u00d6zlem Y\u00fczak\u2019\u0131n kat\u0131l\u0131m\u0131yla ger\u00e7ekle\u015ftirilen s\u00f6yle\u015fi ve soru-cevap b\u00f6l\u00fcm\u00fcnde ele al\u0131nd\u0131. S\u00f6yle\u015fide, Mumcu\u2019nun ara\u015ft\u0131rmac\u0131 gazetecili\u011fe katk\u0131lar\u0131, demokrasi ve \u00f6zg\u00fcr bas\u0131n m\u00fccadelesindeki yeri vurguland\u0131.<\/p>\n\n\n\n<p>Anma gecesinde ayr\u0131ca Manavgat Belediyesi Gen\u00e7lik Korosu, \u015eef Tayfun Y\u0131lmaz y\u00f6netiminde Edip Akbayram\u2019\u0131n eserlerini seslendirdi. Dinleti, kat\u0131l\u0131mc\u0131lar\u0131n b\u00fcy\u00fck be\u011fenisini toplad\u0131.<\/p>\n\n\n\n<p>Programda konu\u015fan Manavgat Belediye Ba\u015fkan Vekili Av. Mehmet \u00c7i\u00e7ek, U\u011fur Mumcu\u2019nun yaln\u0131zca bir gazeteci de\u011fil, ayn\u0131 zamanda bir vicdan ve fikir insan\u0131 oldu\u011funu belirterek, \u201cBir kalem vard\u0131: korkudan a\u011f\u0131r, hakikatten hafif; ta\u015f\u0131yana a\u011f\u0131r gelen, okuyan\u0131n zihnini a\u00e7an. Bir adam ge\u00e7ti bu sokaklardan, cebinde dosyalar, y\u00fcre\u011finde memleket. Bir sabah bir \u015fehirde bir sokak sustu ama \u00fclke susmad\u0131. \u00c7\u00fcnk\u00fc bir adam\u0131 \u00f6ld\u00fcrmek bir fikri g\u00f6mmeye yetmez. U\u011fur Mumcu ad\u0131 art\u0131k bir takvim yapra\u011f\u0131 de\u011fil, bir vicdan tarihidir.\u201d ifadelerini kulland\u0131.<\/p>\n\n\n\n<p>\u00c7i\u00e7ek, Mumcu\u2019nun ve t\u00fcm demokrasi \u015fehitlerinin T\u00fcrkiye\u2019nin ayd\u0131nlanma m\u00fccadelesinde yol g\u00f6sterici olmaya devam etti\u011fini belirterek, \u201cKalemin k\u0131l\u0131\u00e7tan keskin oldu\u011fu ger\u00e7e\u011finin bedeli \u00f6denerek yaz\u0131lm\u0131\u015f bir dipnottur U\u011fur Mumcu. T\u00fcm demokrasi \u015fehitlerimizin ruhu \u015fad olsun.\u201d dedi.<\/p>\n\n\n\n<p>Manavgat Belediyesi \/ B\u00fclten<\/p>\n","protected":false},"excerpt":{"rendered":"<p>Manavgat Belediyesi ile Atat\u00fcrk\u00e7\u00fc D\u00fc\u015f\u00fcnce Derne\u011fi (ADD) Manavgat \u015eubesi i\u015f birli\u011finde, gazeteci-yazar U\u011fur Mumcu, \u00f6l\u00fcm\u00fcn\u00fcn y\u0131l d\u00f6n\u00fcm\u00fcnde d\u00fczenlenen programla an\u0131ld\u0131. Atat\u00fcrk K\u00fclt\u00fcr Merkezi\u2019nde ger\u00e7ekle\u015ftirilen anma <a href=\"https:\/\/akdenizhaber.com.tr\/index.php\/2026\/01\/26\/manavgatta-ugur-mumcu-anildi\/\" class=\"read-more-link\">[more&#8230;]<\/a><\/p>\n","protected":false},"author":2,"featured_media":31642,"comment_status":"open","ping_status":"open","sticky":false,"template":"","format":"standard","meta":{"footnotes":""},"categories":[2],"tags":[],"class_list":["post-31641","post","type-post","status-publish","format-standard","has-post-thumbnail","hentry","category-gundem"],"_links":{"self":[{"href":"https:\/\/akdenizhaber.com.tr\/index.php\/wp-json\/wp\/v2\/posts\/31641","targetHints":{"allow":["GET"]}}],"collection":[{"href":"https:\/\/akdenizhaber.com.tr\/index.php\/wp-json\/wp\/v2\/posts"}],"about":[{"href":"https:\/\/akdenizhaber.com.tr\/index.php\/wp-json\/wp\/v2\/types\/post"}],"author":[{"embeddable":true,"href":"https:\/\/akdenizhaber.com.tr\/index.php\/wp-json\/wp\/v2\/users\/2"}],"replies":[{"embeddable":true,"href":"https:\/\/akdenizhaber.com.tr\/index.php\/wp-json\/wp\/v2\/comments?post=31641"}],"version-history":[{"count":1,"href":"https:\/\/akdenizhaber.com.tr\/index.php\/wp-json\/wp\/v2\/posts\/31641\/revisions"}],"predecessor-version":[{"id":31643,"href":"https:\/\/akdenizhaber.com.tr\/index.php\/wp-json\/wp\/v2\/posts\/31641\/revisions\/31643"}],"wp:featuredmedia":[{"embeddable":true,"href":"https:\/\/akdenizhaber.com.tr\/index.php\/wp-json\/wp\/v2\/media\/31642"}],"wp:attachment":[{"href":"https:\/\/akdenizhaber.com.tr\/index.php\/wp-json\/wp\/v2\/media?parent=31641"}],"wp:term":[{"taxonomy":"category","embeddable":true,"href":"https:\/\/akdenizhaber.com.tr\/index.php\/wp-json\/wp\/v2\/categories?post=31641"},{"taxonomy":"post_tag","embeddable":true,"href":"https:\/\/akdenizhaber.com.tr\/index.php\/wp-json\/wp\/v2\/tags?post=31641"}],"curies":[{"name":"wp","href":"https:\/\/api.w.org\/{rel}","templated":true}]}}