{"id":31625,"date":"2026-01-26T17:08:34","date_gmt":"2026-01-26T14:08:34","guid":{"rendered":"https:\/\/akdenizhaber.com.tr\/?p=31625"},"modified":"2026-01-26T17:08:34","modified_gmt":"2026-01-26T14:08:34","slug":"voleybol","status":"publish","type":"post","link":"https:\/\/akdenizhaber.com.tr\/index.php\/2026\/01\/26\/voleybol\/","title":{"rendered":"VOLEYBOL\u2026"},"content":{"rendered":"\n<p>Dost ac\u0131, ama ger\u00e7ekleri s\u00f6yler, ister kulak verin isterseniz vermeyin o konu sizi ba\u011flar..<\/p>\n\n\n\n<p>Manavgat Belediyespor futbol tak\u0131m\u0131 ile ilgili gen\u00e7le\u015fmenin ve \u00f6ze d\u00f6nmenin gerekti\u011fini s\u00f6yleyen y\u00f6neticilerin hala bir\u00e7ok yetene\u011fi kul\u00fcbede oturtmas\u0131 her ne hikmetse oyuna dahil etmemekte \u0131srar etmeleri d\u00fc\u015f\u00fcn\u00fclmesi gereken ger\u00e7eklerin ba\u015f\u0131nda yer almaya devam ediyor&#8230;<\/p>\n\n\n\n<p>Ele\u015ftirince de \u201cTotem Yap\u0131yoruz\u201d diyen bir ak\u0131lla nereye varaca\u011f\u0131m\u0131z\u0131 var\u0131n siz d\u00fc\u015f\u00fcn\u00fcn..<\/p>\n\n\n\n<p>Her neyse; konumuz futbol de\u011fil..70 ya\u015f\u0131 geride b\u0131rakt\u0131\u011f\u0131m\u0131z bu g\u00fcnlerde \u00f6mr\u00fcm\u00fcn yar\u0131s\u0131 bu kentte ge\u00e7mi\u015f..<\/p>\n\n\n\n<p>35 y\u0131l dile kolay bu ya\u015fam s\u00fcreci i\u00e7erisinde hep Manavgat i\u00e7in iyi \u015feyler olsun, g\u00fczelliklere imza atal\u0131m diye u\u011fra\u015f vererek gazetecili\u011fimizi aln\u0131m\u0131z\u0131n ak\u0131yla s\u00fcrd\u00fcrmeye devam etmekteyiz..<\/p>\n\n\n\n<p>Futbol ile birlikte bu kentte ger\u00e7ekten voleybola \u00f6nem veren bir \u00e7ok ki\u015fi tan\u0131d\u0131m, gen\u00e7liklerinde voleybol oynayan bir\u00e7ok dost edindim..<\/p>\n\n\n\n<p>Ge\u00e7mi\u015f d\u00f6nem yani 2005 y\u0131l\u0131nda bu kentin s\u00fcper ligde oynayan Manavgat Voleybol erkek tak\u0131m\u0131 da vard\u0131..<\/p>\n\n\n\n<p>Fenerbah\u00e7e, Be\u015fikta\u015f, Galatasaray, Arkas ve ona benzer bir\u00e7ok \u00fcnl\u00fc tak\u0131mla kar\u015f\u0131la\u015f\u0131rd\u0131 Manavgat Voleybol tak\u0131m\u0131.. Ve bu kar\u015f\u0131la\u015fmalar TRT ekranlar\u0131ndan naklen yay\u0131nlan\u0131r Manavgat ismi markala\u015fm\u0131\u015f konuma gelirdi.<\/p>\n\n\n\n<p>O d\u00f6nemler tak\u0131m\u0131 \u00e7al\u0131\u015ft\u0131ran hali haz\u0131rda y\u0131llard\u0131r voleybol fabrikas\u0131 olarak NET Voleybol tak\u0131m\u0131 ile T\u00fcrkiye genelinde sporcu yeti\u015ftiren Mehmet \u015eahin vard\u0131..<\/p>\n\n\n\n<p>Mehmet \u015eahin ba\u015far\u0131s\u0131z m\u0131yd\u0131.. Hay\u0131r..<\/p>\n\n\n\n<p>Tam aksine elinden gelen gayretle tak\u0131m\u0131 en iyi yerle getirmek ad\u0131na m\u00fccadele eden bir ki\u015filik sergiliyordu..<\/p>\n\n\n\n<p>O d\u00f6nemler bu Kent\u2019te 9 belde belediyesi olmas\u0131na kar\u015f\u0131n ne yaz\u0131k ki; Manavgat Voleybol tak\u0131m\u0131 ilgisizlik y\u00fcz\u00fcnden kapanarak tarihteki yerini ald\u0131\u2026<\/p>\n\n\n\n<p>Bug\u00fcn ise Voleybol birinci lig kad\u0131nlar grubunda m\u00fccadele eden bir tak\u0131m\u0131m\u0131z var.. Trendyol Manavgat Belediyespor kad\u0131n voleybol tak\u0131m\u0131..<\/p>\n\n\n\n<p>An itibari ile tak\u0131m 23 puanla 9. S\u0131rada yer al\u0131yor.. \u0130stikrars\u0131z kar\u015f\u0131la\u015fmalar sergiliyor\u2026<\/p>\n\n\n\n<p>Bir hafta deplasmanda galip di\u011fer hafta evinde ma\u011flup duruma d\u00fc\u015f\u00fcyor.. Hani akl\u0131ma geliverdi ne bileyim..<\/p>\n\n\n\n<p>Futbolda gen\u00e7le\u015ftirme ve \u00f6ze d\u00f6nme projesi uygulayan Manavgat Belediyespor y\u00f6neticileri neden Voleybol\u2019a el atmazlar diye d\u00fc\u015f\u00fcnd\u00fcm birden..<\/p>\n\n\n\n<p>Ger\u00e7ekten neden el atmazlar\u2026Bizim kad\u0131nlar tak\u0131m\u0131nda oynayan voleybolcu k\u0131zlar\u0131m\u0131z\u0131n \u00e7o\u011funlu\u011fu Manavgat d\u0131\u015f\u0131nda ya\u015f\u0131yor..<\/p>\n\n\n\n<p>Antren\u00f6rlerde ona keza.. Ma\u00e7tan ma\u00e7a s\u0131rtlar\u0131nda \u00e7anta ma\u00e7a gelip.. Manavgat havas\u0131 al\u0131p geldikleri yere geri d\u00f6n\u00fcyorlar..<\/p>\n\n\n\n<p>Di\u011fer yanda ise yukar\u0131da dedi\u011fim gibi T\u00fcrkiye genelinde voleybolcu yeti\u015ftiren usta voleybolcu Mehmet \u015eahin ve Soydan spor kul\u00fcb\u00fc y\u00f6neticisi antren\u00f6r Onur Soydan karde\u015flerimiz var..<\/p>\n\n\n\n<p>Neden bu ki\u015filerden yararlanm\u0131yoruz?..<\/p>\n\n\n\n<p>Neden Manavgat\u2019\u0131n \u00f6z evlatlar\u0131ndan kurulu bir voleybol tak\u0131m\u0131 ile m\u00fccadele etmiyoruz..<\/p>\n\n\n\n<p>Yukar\u0131da s\u00f6z etti\u011fim Mehmet \u015eahin ve Onur Soydan karde\u015flerim mesleklerinde duayendir\u2026<\/p>\n\n\n\n<p>\u0130\u015fbirli\u011fi yap\u0131larak il\u00e7emizde futbol kadar sevilen Voleybolun daha \u00fcst \u00e7\u0131talara \u00e7\u0131kmas\u0131 konusunda neden \u00e7al\u0131\u015fmalar yap\u0131lm\u0131yor..<\/p>\n\n\n\n<p>\u00d6ze d\u00f6neceksek\u2026<\/p>\n\n\n\n<p>Her konuda d\u00f6nmeliyiz..<\/p>\n\n\n\n<p>Futbol ba\u015fta olmak \u00fczere voleybol, basketbol, ya\u011fl\u0131 g\u00fcre\u015f ve buna benzer t\u00fcm spor bran\u015flar\u0131nda \u00fclke genelinde ses getirmeliyiz\u2026<\/p>\n\n\n\n<p>Haydi, kal\u0131n sa\u011fl\u0131cakla..<\/p>\n","protected":false},"excerpt":{"rendered":"<p>Dost ac\u0131, ama ger\u00e7ekleri s\u00f6yler, ister kulak verin isterseniz vermeyin o konu sizi ba\u011flar.. Manavgat Belediyespor futbol tak\u0131m\u0131 ile ilgili gen\u00e7le\u015fmenin ve \u00f6ze d\u00f6nmenin gerekti\u011fini <a href=\"https:\/\/akdenizhaber.com.tr\/index.php\/2026\/01\/26\/voleybol\/\" class=\"read-more-link\">[more&#8230;]<\/a><\/p>\n","protected":false},"author":2,"featured_media":31578,"comment_status":"open","ping_status":"open","sticky":false,"template":"","format":"standard","meta":{"footnotes":""},"categories":[1,2],"tags":[],"class_list":["post-31625","post","type-post","status-publish","format-standard","has-post-thumbnail","hentry","category-blog","category-gundem"],"_links":{"self":[{"href":"https:\/\/akdenizhaber.com.tr\/index.php\/wp-json\/wp\/v2\/posts\/31625","targetHints":{"allow":["GET"]}}],"collection":[{"href":"https:\/\/akdenizhaber.com.tr\/index.php\/wp-json\/wp\/v2\/posts"}],"about":[{"href":"https:\/\/akdenizhaber.com.tr\/index.php\/wp-json\/wp\/v2\/types\/post"}],"author":[{"embeddable":true,"href":"https:\/\/akdenizhaber.com.tr\/index.php\/wp-json\/wp\/v2\/users\/2"}],"replies":[{"embeddable":true,"href":"https:\/\/akdenizhaber.com.tr\/index.php\/wp-json\/wp\/v2\/comments?post=31625"}],"version-history":[{"count":1,"href":"https:\/\/akdenizhaber.com.tr\/index.php\/wp-json\/wp\/v2\/posts\/31625\/revisions"}],"predecessor-version":[{"id":31626,"href":"https:\/\/akdenizhaber.com.tr\/index.php\/wp-json\/wp\/v2\/posts\/31625\/revisions\/31626"}],"wp:featuredmedia":[{"embeddable":true,"href":"https:\/\/akdenizhaber.com.tr\/index.php\/wp-json\/wp\/v2\/media\/31578"}],"wp:attachment":[{"href":"https:\/\/akdenizhaber.com.tr\/index.php\/wp-json\/wp\/v2\/media?parent=31625"}],"wp:term":[{"taxonomy":"category","embeddable":true,"href":"https:\/\/akdenizhaber.com.tr\/index.php\/wp-json\/wp\/v2\/categories?post=31625"},{"taxonomy":"post_tag","embeddable":true,"href":"https:\/\/akdenizhaber.com.tr\/index.php\/wp-json\/wp\/v2\/tags?post=31625"}],"curies":[{"name":"wp","href":"https:\/\/api.w.org\/{rel}","templated":true}]}}