{"id":31620,"date":"2026-01-26T17:06:33","date_gmt":"2026-01-26T14:06:33","guid":{"rendered":"https:\/\/akdenizhaber.com.tr\/?p=31620"},"modified":"2026-01-26T17:06:34","modified_gmt":"2026-01-26T14:06:34","slug":"terzi-selcuk-yildiz","status":"publish","type":"post","link":"https:\/\/akdenizhaber.com.tr\/index.php\/2026\/01\/26\/terzi-selcuk-yildiz\/","title":{"rendered":"TERZ\u0130 SEL\u00c7UK YILDIZ.."},"content":{"rendered":"\n<p><\/p>\n\n\n\n<p>Senin anlayaca\u011f\u0131n o\u011ful; iyi insanlar, iyi atlara bindiler, gittiler&#8230;.<\/p>\n\n\n\n<p>S\u00f6z\u00fc geldi akl\u0131ma, art arda ahrete g\u00f6\u00e7\u00fcp giden Manavgat\u2019\u0131n iyi insanlar\u0131n\u0131n selalar\u0131n\u0131 duyunca, vefat haberlerini okuyunca&#8230;<\/p>\n\n\n\n<p>Gidenlerin hepsi mi iyi, k\u00f6t\u00fclerden giden yok mu?<\/p>\n\n\n\n<figure class=\"wp-block-image size-large\"><img loading=\"lazy\" decoding=\"async\" width=\"1024\" height=\"1024\" src=\"https:\/\/akdenizhaber.com.tr\/wp-content\/uploads\/2026\/01\/fea3ca49-a9ef-41e3-8294-67a42fc538d9-1024x1024.jpeg\" alt=\"\" class=\"wp-image-31621\" srcset=\"https:\/\/akdenizhaber.com.tr\/wp-content\/uploads\/2026\/01\/fea3ca49-a9ef-41e3-8294-67a42fc538d9-1024x1024.jpeg 1024w, https:\/\/akdenizhaber.com.tr\/wp-content\/uploads\/2026\/01\/fea3ca49-a9ef-41e3-8294-67a42fc538d9-300x300.jpeg 300w, https:\/\/akdenizhaber.com.tr\/wp-content\/uploads\/2026\/01\/fea3ca49-a9ef-41e3-8294-67a42fc538d9-150x150.jpeg 150w, https:\/\/akdenizhaber.com.tr\/wp-content\/uploads\/2026\/01\/fea3ca49-a9ef-41e3-8294-67a42fc538d9-768x768.jpeg 768w, https:\/\/akdenizhaber.com.tr\/wp-content\/uploads\/2026\/01\/fea3ca49-a9ef-41e3-8294-67a42fc538d9.jpeg 1440w\" sizes=\"auto, (max-width: 1024px) 100vw, 1024px\" \/><\/figure>\n\n\n\n<p>Elbette gidi\u015fler de iyi k\u00f6t\u00fc ayr\u0131m\u0131 yap\u0131lm\u0131yor, inanc\u0131m\u0131za g\u00f6re vadesi gelen, vakti dolan g\u00f6\u00e7\u00fcp gidiyor ahirete..<\/p>\n\n\n\n<p>Giden k\u00f6t\u00fclere yazacak bir \u015fey yok, en az\u0131ndan benim yazaca\u011f\u0131m bir \u015fey yok..<\/p>\n\n\n\n<p>Ben hep iyileri yazmaya \u00e7al\u0131\u015f\u0131r, onlar\u0131n bende b\u0131rakt\u0131\u011f\u0131 g\u00fczel an\u0131lardan bahsederim..<\/p>\n\n\n\n<p>Manavgat ger\u00e7ekten g\u00fczel evlatlar yeti\u015ftirdi ve yeti\u015ftirmeye de devam ediyor..<\/p>\n\n\n\n<p>Bu g\u00fczel ,iyi evlatlar sadece okullar da yeti\u015fip de Manavgat\u2019a, T\u00fcrkiye\u2019ye, insanl\u0131\u011fa g\u00fczel hizmetler vermedi..<\/p>\n\n\n\n<p>Tamam, okullar da , \u00fcniversiteler de birbirinden de\u011ferli Manavgat evlatlar\u0131 yeti\u015fti ve \u00e7o\u011fu Manavgatl\u0131\u2019n\u0131n g\u00f6r\u00fcp bilmemesine takdir etmesine ra\u011fmen ald\u0131klar\u0131 g\u00f6revleri al\u0131nlar\u0131n\u0131n ak\u0131 ile \u00e7ok b\u00fcy\u00fck ba\u015far\u0131lar ile yerine getiriyor ,getirmeye de devam edecek..<\/p>\n\n\n\n<p>Manavgat\u2019\u0131n en b\u00fcy\u00fck hastal\u0131\u011f\u0131 olan yabanc\u0131 hayranl\u0131\u011f\u0131 ne yaz\u0131k ki p\u0131rlanta gibi Manavgat evlatlar\u0131n\u0131n yok olarak kabul edilmesine sebep oluyor..<\/p>\n\n\n\n<p>Bu konuda, bir ba\u015fka zaman da uzun ve kapsaml\u0131 bir yaz\u0131 yazmay\u0131 d\u00fc\u015f\u00fcn\u00fcyorum \u00e7\u00fcnk\u00fc bu olay bende derin \u00fcz\u00fcnt\u00fclere sebep oluyor..<\/p>\n\n\n\n<p>Bizim ustalar\u0131m\u0131z var ,her bran\u015fta, zor \u015fartlarda, zorlu y\u0131llarda , k\u0131s\u0131tl\u0131 imkanlarla da olsa kendilerini \u00e7ok iyi yeti\u015ftirmi\u015f, zamanla yapt\u0131klar\u0131 mesleklerde uzmanla\u015fm\u0131\u015f, aranan olmu\u015f ve en \u00f6nemlisi de birbirinden de\u011ferli \u00e7\u0131raklar yeti\u015ftirerek mesleklerinin devam\u0131n\u0131 sa\u011flam\u0131\u015f..<\/p>\n\n\n\n<p>Onlar sadece icra ettikleri meslekleri ile de\u011fil, ola\u011fan\u00fcst\u00fc sayg\u0131l\u0131 ve samimi halleri ile ,toplumda edindikleri yerler ile Manavgat\u2019\u0131n \u00f6rnek ve aranan insanlar\u0131 olmu\u015flard\u0131r..<\/p>\n\n\n\n<p>Bir yandan \u00e7ok ba\u015far\u0131l\u0131 olduklar\u0131 mesle\u011fi yerine getirirken, di\u011fer yandan d\u00fckkan\u0131na gelen yada d\u00fckk\u00e2n\u0131n \u00f6n\u00fcnden ge\u00e7en herkese selam verip, verilen her selam\u0131 b\u00fcy\u00fck bir sayg\u0131 ile alan, yolu o minik ama sevimli d\u00fckkana d\u00fc\u015fen herkesle sohbet eden,onlara \u00e7ay kahve ikram eden \u00f6rnek bir esnaflardan birisi idi terzi Sel\u00e7uk Y\u0131ld\u0131z.<\/p>\n\n\n\n<p>Onu her zaman sabah\u0131n erken saatlerinde a\u00e7t\u0131\u011f\u0131 d\u00fckkan\u0131nda, ya kuma\u015f keserken, ya makinenin ba\u015f\u0131n da diki\u015f dikerken, yada hi\u00e7bir zaman eksik kalmayan misafirleri ile sohbet ederken g\u00f6r\u00fcrd\u00fcm..<\/p>\n\n\n\n<p>Ne zaman selam versem sayg\u0131l\u0131 bir \u015fekilde kar\u015f\u0131l\u0131k verir o kendine \u00e7ok yak\u0131\u015fan g\u00fcl\u00fcmsemesini g\u00f6sterirdi..<\/p>\n\n\n\n<p>Manavgat \u0131n n\u00fcfusunun bu kadar olmad\u0131\u011f\u0131, hemen herkesin birbirini tan\u0131d\u0131\u011f\u0131 o g\u00fczel ve \u00f6zlenen y\u0131llarda , \u015fimdilerde yerinde b\u00fcy\u00fck bir i\u015f han\u0131 olan , Ulu\u00e7ay sinemas\u0131 giri\u015finde ki be\u015f alt\u0131 d\u00fckkandan birisinde icra ederdi terzilik mesle\u011fini..<\/p>\n\n\n\n<p>Hemen yan\u0131nda yine bir Manavgat efsanesi berber Ahmet abi,az ilerde bir \u0130stanbul beyefendisi Harun T\u00fcmb\u00fcl abi..<\/p>\n\n\n\n<p>Sanki esnaf\u0131n milli tak\u0131m\u0131 gibi idi bu g\u00fczel insanlar..<\/p>\n\n\n\n<p>\u0130\u015fte bu iyi insanlar, iyi atlara binip de gittiler.<\/p>\n\n\n\n<p>Allah rahmet eylesin mekanlar\u0131 cennet olsun..<\/p>\n\n\n\n<p>Mekan\u0131n cennet olsun Manavgat\u2019\u0131n \u00f6rnek terzisi, g\u00fczel evl\u00e2d\u0131 Sel\u00e7uk Y\u0131ld\u0131z abi..<\/p>\n\n\n\n<p>Kal\u0131n sa\u011fl\u0131cakla..<\/p>\n","protected":false},"excerpt":{"rendered":"<p>Senin anlayaca\u011f\u0131n o\u011ful; iyi insanlar, iyi atlara bindiler, gittiler&#8230;. S\u00f6z\u00fc geldi akl\u0131ma, art arda ahrete g\u00f6\u00e7\u00fcp giden Manavgat\u2019\u0131n iyi insanlar\u0131n\u0131n selalar\u0131n\u0131 duyunca, vefat haberlerini okuyunca&#8230; <a href=\"https:\/\/akdenizhaber.com.tr\/index.php\/2026\/01\/26\/terzi-selcuk-yildiz\/\" class=\"read-more-link\">[more&#8230;]<\/a><\/p>\n","protected":false},"author":2,"featured_media":31305,"comment_status":"open","ping_status":"open","sticky":false,"template":"","format":"standard","meta":{"footnotes":""},"categories":[1,2],"tags":[],"class_list":["post-31620","post","type-post","status-publish","format-standard","has-post-thumbnail","hentry","category-blog","category-gundem"],"_links":{"self":[{"href":"https:\/\/akdenizhaber.com.tr\/index.php\/wp-json\/wp\/v2\/posts\/31620","targetHints":{"allow":["GET"]}}],"collection":[{"href":"https:\/\/akdenizhaber.com.tr\/index.php\/wp-json\/wp\/v2\/posts"}],"about":[{"href":"https:\/\/akdenizhaber.com.tr\/index.php\/wp-json\/wp\/v2\/types\/post"}],"author":[{"embeddable":true,"href":"https:\/\/akdenizhaber.com.tr\/index.php\/wp-json\/wp\/v2\/users\/2"}],"replies":[{"embeddable":true,"href":"https:\/\/akdenizhaber.com.tr\/index.php\/wp-json\/wp\/v2\/comments?post=31620"}],"version-history":[{"count":1,"href":"https:\/\/akdenizhaber.com.tr\/index.php\/wp-json\/wp\/v2\/posts\/31620\/revisions"}],"predecessor-version":[{"id":31622,"href":"https:\/\/akdenizhaber.com.tr\/index.php\/wp-json\/wp\/v2\/posts\/31620\/revisions\/31622"}],"wp:featuredmedia":[{"embeddable":true,"href":"https:\/\/akdenizhaber.com.tr\/index.php\/wp-json\/wp\/v2\/media\/31305"}],"wp:attachment":[{"href":"https:\/\/akdenizhaber.com.tr\/index.php\/wp-json\/wp\/v2\/media?parent=31620"}],"wp:term":[{"taxonomy":"category","embeddable":true,"href":"https:\/\/akdenizhaber.com.tr\/index.php\/wp-json\/wp\/v2\/categories?post=31620"},{"taxonomy":"post_tag","embeddable":true,"href":"https:\/\/akdenizhaber.com.tr\/index.php\/wp-json\/wp\/v2\/tags?post=31620"}],"curies":[{"name":"wp","href":"https:\/\/api.w.org\/{rel}","templated":true}]}}