{"id":31617,"date":"2026-01-26T17:05:35","date_gmt":"2026-01-26T14:05:35","guid":{"rendered":"https:\/\/akdenizhaber.com.tr\/?p=31617"},"modified":"2026-01-26T17:05:36","modified_gmt":"2026-01-26T14:05:36","slug":"manavgat-belediyesinden-firtina-ve-saganak-yagisa-karsi-yogun-calisma","status":"publish","type":"post","link":"https:\/\/akdenizhaber.com.tr\/index.php\/2026\/01\/26\/manavgat-belediyesinden-firtina-ve-saganak-yagisa-karsi-yogun-calisma\/","title":{"rendered":"Manavgat Belediyesi\u2019nden F\u0131rt\u0131na ve Sa\u011fanak Ya\u011f\u0131\u015fa Kar\u015f\u0131 Yo\u011fun \u00c7al\u0131\u015fma"},"content":{"rendered":"\n<p>Manavgat Belediyesi, il\u00e7ede d\u00fcn geceden itibaren etkisini s\u00fcrd\u00fcren f\u0131rt\u0131na ve sa\u011fanak ya\u011f\u0131\u015f\u0131n yol a\u00e7t\u0131\u011f\u0131 olumsuzluklara kar\u015f\u0131 \u00e7al\u0131\u015fmalar\u0131n\u0131 aral\u0131ks\u0131z s\u00fcrd\u00fcr\u00fcyor.<\/p>\n\n\n\n<p>Belediyeden yap\u0131lan a\u00e7\u0131klamaya g\u00f6re, Fen \u0130\u015fleri M\u00fcd\u00fcrl\u00fc\u011f\u00fc, Park ve Bah\u00e7eler M\u00fcd\u00fcrl\u00fc\u011f\u00fc, Temizlik \u0130\u015fleri M\u00fcd\u00fcrl\u00fc\u011f\u00fc ile Zab\u0131ta M\u00fcd\u00fcrl\u00fc\u011f\u00fc ekipleri; ya\u011f\u0131\u015f nedeniyle olu\u015fan su birikintileri, yollarda meydana gelen olumsuzluklar ve \u00e7evre g\u00fcvenli\u011fini tehdit eden durumlara h\u0131zl\u0131 \u015fekilde m\u00fcdahale ediyor.<\/p>\n\n\n\n<p>F\u0131rt\u0131nan\u0131n etkisiyle devrilen veya devrilme riski ta\u015f\u0131yan a\u011fa\u00e7lar ekipler taraf\u0131ndan kald\u0131r\u0131larak \u00e7evre g\u00fcvenli\u011fi sa\u011flan\u0131yor. Ayr\u0131ca, olas\u0131 risklere kar\u015f\u0131 tehlike arz eden alanlarda \u00f6nleyici tedbirler al\u0131n\u0131yor. Belediye yetkilileri, meteorolojik verilere g\u00f6re olumsuz hava ko\u015fullar\u0131n\u0131n \u00f6n\u00fcm\u00fczdeki g\u00fcnlerde de etkisini s\u00fcrd\u00fcrece\u011fini belirterek, ekiplerin 24 saat esas\u0131na g\u00f6re g\u00f6rev ba\u015f\u0131nda oldu\u011funu s\u00f6yledi.<\/p>\n\n\n\n<p>Manavgat Belediyesi \/ B\u00fclten<\/p>\n","protected":false},"excerpt":{"rendered":"<p>Manavgat Belediyesi, il\u00e7ede d\u00fcn geceden itibaren etkisini s\u00fcrd\u00fcren f\u0131rt\u0131na ve sa\u011fanak ya\u011f\u0131\u015f\u0131n yol a\u00e7t\u0131\u011f\u0131 olumsuzluklara kar\u015f\u0131 \u00e7al\u0131\u015fmalar\u0131n\u0131 aral\u0131ks\u0131z s\u00fcrd\u00fcr\u00fcyor. Belediyeden yap\u0131lan a\u00e7\u0131klamaya g\u00f6re, Fen \u0130\u015fleri <a href=\"https:\/\/akdenizhaber.com.tr\/index.php\/2026\/01\/26\/manavgat-belediyesinden-firtina-ve-saganak-yagisa-karsi-yogun-calisma\/\" class=\"read-more-link\">[more&#8230;]<\/a><\/p>\n","protected":false},"author":2,"featured_media":31618,"comment_status":"open","ping_status":"open","sticky":false,"template":"","format":"standard","meta":{"footnotes":""},"categories":[2],"tags":[],"class_list":["post-31617","post","type-post","status-publish","format-standard","has-post-thumbnail","hentry","category-gundem"],"_links":{"self":[{"href":"https:\/\/akdenizhaber.com.tr\/index.php\/wp-json\/wp\/v2\/posts\/31617","targetHints":{"allow":["GET"]}}],"collection":[{"href":"https:\/\/akdenizhaber.com.tr\/index.php\/wp-json\/wp\/v2\/posts"}],"about":[{"href":"https:\/\/akdenizhaber.com.tr\/index.php\/wp-json\/wp\/v2\/types\/post"}],"author":[{"embeddable":true,"href":"https:\/\/akdenizhaber.com.tr\/index.php\/wp-json\/wp\/v2\/users\/2"}],"replies":[{"embeddable":true,"href":"https:\/\/akdenizhaber.com.tr\/index.php\/wp-json\/wp\/v2\/comments?post=31617"}],"version-history":[{"count":1,"href":"https:\/\/akdenizhaber.com.tr\/index.php\/wp-json\/wp\/v2\/posts\/31617\/revisions"}],"predecessor-version":[{"id":31619,"href":"https:\/\/akdenizhaber.com.tr\/index.php\/wp-json\/wp\/v2\/posts\/31617\/revisions\/31619"}],"wp:featuredmedia":[{"embeddable":true,"href":"https:\/\/akdenizhaber.com.tr\/index.php\/wp-json\/wp\/v2\/media\/31618"}],"wp:attachment":[{"href":"https:\/\/akdenizhaber.com.tr\/index.php\/wp-json\/wp\/v2\/media?parent=31617"}],"wp:term":[{"taxonomy":"category","embeddable":true,"href":"https:\/\/akdenizhaber.com.tr\/index.php\/wp-json\/wp\/v2\/categories?post=31617"},{"taxonomy":"post_tag","embeddable":true,"href":"https:\/\/akdenizhaber.com.tr\/index.php\/wp-json\/wp\/v2\/tags?post=31617"}],"curies":[{"name":"wp","href":"https:\/\/api.w.org\/{rel}","templated":true}]}}