{"id":31614,"date":"2026-01-26T17:04:37","date_gmt":"2026-01-26T14:04:37","guid":{"rendered":"https:\/\/akdenizhaber.com.tr\/?p=31614"},"modified":"2026-01-26T17:04:37","modified_gmt":"2026-01-26T14:04:37","slug":"buyuksehirden-manavgatta-mezarliklarda-calisma","status":"publish","type":"post","link":"https:\/\/akdenizhaber.com.tr\/index.php\/2026\/01\/26\/buyuksehirden-manavgatta-mezarliklarda-calisma\/","title":{"rendered":"B\u00fcy\u00fck\u015fehir\u2019den Manavgat\u2019ta mezarl\u0131klarda \u00e7al\u0131\u015fma"},"content":{"rendered":"\n<p>Antalya B\u00fcy\u00fck\u015fehir Belediyesi, Manavgat\u2019ta mahallelerde mezarl\u0131klar\u0131n eksiklerinin giderilmesi i\u00e7in \u00e7al\u0131\u015fma ba\u015flatt\u0131. Mezarl\u0131klara parke zemin, tel \u00e7it ve y\u00fcr\u00fcy\u00fc\u015f yollar\u0131 yap\u0131l\u0131yor.<\/p>\n\n\n\n<p>B\u00fcy\u00fck\u015fehir Belediyesi Sa\u011fl\u0131k \u0130\u015fleri Dairesi Ba\u015fkanl\u0131\u011f\u0131, mezarl\u0131klar\u0131n iyile\u015ftirilmesine ve geli\u015ftirilmesine y\u00f6nelik proje kapsam\u0131nda Manavgat\u2019taki mezarl\u0131klar\u0131n eksikleri gideriyor. Ekipler, mezarl\u0131klara kapal\u0131 namaz k\u0131lma, parke zemin kaplamas\u0131 ve y\u00fcr\u00fcy\u00fc\u015f yollar\u0131 yaparak, etraf\u0131n\u0131 da tel \u00e7itlerle \u00e7eviriyor. Bu kapsamda Sara\u00e7l\u0131, Kavakl\u0131 ve Ta\u015fa\u011f\u0131l Mahallerinde \u00e7al\u0131\u015fmalar devam ediyor.<\/p>\n\n\n\n<p>MUHTARDAN TE\u015eEKK\u00dcR<\/p>\n\n\n\n<p>Vatanda\u015flar\u0131n \u00f6zellikle mezarl\u0131k ziyaretlerinde daha g\u00fcvenli ve rahat bir \u015fekilde hareket edebilmeleri i\u00e7in mezarl\u0131k i\u00e7i ve \u00e7evresine kilitli parke ta\u015f\u0131yla modern yaya yollar\u0131 yap\u0131ld\u0131. Bu \u00e7al\u0131\u015fmalarla hem mezarl\u0131k \u00e7evresinde d\u00fczenli bir g\u00f6r\u00fcn\u00fcm sa\u011fland\u0131 hem de halk\u0131n ula\u015f\u0131m\u0131 kolayla\u015ft\u0131r\u0131ld\u0131. Vatanda\u015flar\u0131n memnuniyetini dile getirildi\u011fi \u00e7al\u0131\u015fmalarda Sara\u00e7l\u0131 Mahalle Muhtar\u0131 Mehmet Do\u011fru, \u201cAntalya B\u00fcy\u00fck\u015fehir Belediyesi, mahallemizde bulunun merkez mezarl\u0131\u011f\u0131n y\u00fcr\u00fcy\u00fc\u015f yolunu kilit ta\u015f ile d\u00f6\u015f\u00fcyor. Mezarl\u0131\u011f\u0131m\u0131z i\u00e7in yap\u0131lan bu \u00e7al\u0131\u015fmadan dolay\u0131 Antalya B\u00fcy\u00fck\u015fehir Belediyesine te\u015fekk\u00fcr ederiz\u201d dedi.<\/p>\n\n\n\n<p>Antalya B\u00fcy\u00fck\u015fehir Belediyesi \/ B\u00fclten<\/p>\n","protected":false},"excerpt":{"rendered":"<p>Antalya B\u00fcy\u00fck\u015fehir Belediyesi, Manavgat\u2019ta mahallelerde mezarl\u0131klar\u0131n eksiklerinin giderilmesi i\u00e7in \u00e7al\u0131\u015fma ba\u015flatt\u0131. Mezarl\u0131klara parke zemin, tel \u00e7it ve y\u00fcr\u00fcy\u00fc\u015f yollar\u0131 yap\u0131l\u0131yor. B\u00fcy\u00fck\u015fehir Belediyesi Sa\u011fl\u0131k \u0130\u015fleri Dairesi <a href=\"https:\/\/akdenizhaber.com.tr\/index.php\/2026\/01\/26\/buyuksehirden-manavgatta-mezarliklarda-calisma\/\" class=\"read-more-link\">[more&#8230;]<\/a><\/p>\n","protected":false},"author":2,"featured_media":31615,"comment_status":"open","ping_status":"open","sticky":false,"template":"","format":"standard","meta":{"footnotes":""},"categories":[2],"tags":[],"class_list":["post-31614","post","type-post","status-publish","format-standard","has-post-thumbnail","hentry","category-gundem"],"_links":{"self":[{"href":"https:\/\/akdenizhaber.com.tr\/index.php\/wp-json\/wp\/v2\/posts\/31614","targetHints":{"allow":["GET"]}}],"collection":[{"href":"https:\/\/akdenizhaber.com.tr\/index.php\/wp-json\/wp\/v2\/posts"}],"about":[{"href":"https:\/\/akdenizhaber.com.tr\/index.php\/wp-json\/wp\/v2\/types\/post"}],"author":[{"embeddable":true,"href":"https:\/\/akdenizhaber.com.tr\/index.php\/wp-json\/wp\/v2\/users\/2"}],"replies":[{"embeddable":true,"href":"https:\/\/akdenizhaber.com.tr\/index.php\/wp-json\/wp\/v2\/comments?post=31614"}],"version-history":[{"count":1,"href":"https:\/\/akdenizhaber.com.tr\/index.php\/wp-json\/wp\/v2\/posts\/31614\/revisions"}],"predecessor-version":[{"id":31616,"href":"https:\/\/akdenizhaber.com.tr\/index.php\/wp-json\/wp\/v2\/posts\/31614\/revisions\/31616"}],"wp:featuredmedia":[{"embeddable":true,"href":"https:\/\/akdenizhaber.com.tr\/index.php\/wp-json\/wp\/v2\/media\/31615"}],"wp:attachment":[{"href":"https:\/\/akdenizhaber.com.tr\/index.php\/wp-json\/wp\/v2\/media?parent=31614"}],"wp:term":[{"taxonomy":"category","embeddable":true,"href":"https:\/\/akdenizhaber.com.tr\/index.php\/wp-json\/wp\/v2\/categories?post=31614"},{"taxonomy":"post_tag","embeddable":true,"href":"https:\/\/akdenizhaber.com.tr\/index.php\/wp-json\/wp\/v2\/tags?post=31614"}],"curies":[{"name":"wp","href":"https:\/\/api.w.org\/{rel}","templated":true}]}}