{"id":31610,"date":"2026-01-26T17:03:44","date_gmt":"2026-01-26T14:03:44","guid":{"rendered":"https:\/\/akdenizhaber.com.tr\/?p=31610"},"modified":"2026-01-26T17:07:27","modified_gmt":"2026-01-26T14:07:27","slug":"antalya-trafigi-7-24-takip-altinda","status":"publish","type":"post","link":"https:\/\/akdenizhaber.com.tr\/index.php\/2026\/01\/26\/antalya-trafigi-7-24-takip-altinda\/","title":{"rendered":"Ankara\u2019n\u0131n G\u00f6nl\u00fc"},"content":{"rendered":"\n<p><\/p>\n\n\n\n<p>Ankara\u2019ya her gidi\u015fimde i\u00e7imden \u015funu ge\u00e7iririm:<\/p>\n\n\n\n<p>\u201cBu \u015fehir bana bir \u015fey anlatacak yine\u2026\u201d<\/p>\n\n\n\n<p>\u00d6yle s\u00fcsl\u00fc c\u00fcmlelerle kar\u015f\u0131lamaz seni.<\/p>\n\n\n\n<p>Ne manzaras\u0131yla hava atar, ne g\u00fczelli\u011fiyle \u00e7arp\u0131l\u0131r.<\/p>\n\n\n\n<p>Kap\u0131y\u0131 a\u00e7ar, kenara \u00e7ekilir.<\/p>\n\n\n\n<p>\u201cHo\u015f geldin\u201d der. O kadar.<\/p>\n\n\n\n<p>Baz\u0131lar\u0131 Ankara\u2019ya so\u011fuk der.<\/p>\n\n\n\n<p>Bence Ankara so\u011fuk de\u011fil\u2026<\/p>\n\n\n\n<p>Sadece mesafeli.<\/p>\n\n\n\n<p>Ama mesafe ba\u015fka, sevgisizlik ba\u015fka \u015fey.<\/p>\n\n\n\n<p>Sabah i\u015fe giden insanlar\u0131n y\u00fcz\u00fcne bak.<\/p>\n\n\n\n<p>Kimse g\u00fclmez belki.<\/p>\n\n\n\n<p>Ama kimse kimseyi de itmez.<\/p>\n\n\n\n<p>Otob\u00fcste yer verir.<\/p>\n\n\n\n<p>Durakta bekleyeni g\u00f6r\u00fcr.<\/p>\n\n\n\n<p>D\u00fc\u015fene bakar.<\/p>\n\n\n\n<p>Ankara\u2019n\u0131n sevgisi sessizdir.<\/p>\n\n\n\n<p>Ba\u011f\u0131rmaz.<\/p>\n\n\n\n<p>Payla\u015f\u0131m yapmaz.<\/p>\n\n\n\n<p>Ama vard\u0131r.<\/p>\n\n\n\n<p>Bir \u00e7ay oca\u011f\u0131na girersin,<\/p>\n\n\n\n<p>\u00c7ayc\u0131 \u201cher zamanki mi?\u201d diye sorar.<\/p>\n\n\n\n<p>Oysa daha \u00f6nce sadece iki kere gelmi\u015fsindir.<\/p>\n\n\n\n<p>Bir esnaf\u0131n \u00f6n\u00fcnde durursun,<\/p>\n\n\n\n<p>\u201cBuyur abi\u201d der.<\/p>\n\n\n\n<p>Bakmazs\u0131n bile.<\/p>\n\n\n\n<p>Ama sesi yetmi\u015ftir\u2026<\/p>\n\n\n\n<p>Kal\u0131n g\u00fczelliklerle\u2026<\/p>\n\n\n\n<p>Not : Bu sat\u0131rlar\u0131 yazmam da ilham olan (A\u015fiyan Cafe) \u00e7al\u0131\u015fan\u0131 An\u0131lcan \u00d6zbek beyefendiye te\u015fekk\u00fcrlerimi sunar\u0131m.<\/p>\n","protected":false},"excerpt":{"rendered":"<p>Ankara\u2019ya her gidi\u015fimde i\u00e7imden \u015funu ge\u00e7iririm: \u201cBu \u015fehir bana bir \u015fey anlatacak yine\u2026\u201d \u00d6yle s\u00fcsl\u00fc c\u00fcmlelerle kar\u015f\u0131lamaz seni. Ne manzaras\u0131yla hava atar, ne g\u00fczelli\u011fiyle \u00e7arp\u0131l\u0131r. <a href=\"https:\/\/akdenizhaber.com.tr\/index.php\/2026\/01\/26\/antalya-trafigi-7-24-takip-altinda\/\" class=\"read-more-link\">[more&#8230;]<\/a><\/p>\n","protected":false},"author":2,"featured_media":31506,"comment_status":"open","ping_status":"open","sticky":false,"template":"","format":"standard","meta":{"footnotes":""},"categories":[1,2],"tags":[],"class_list":["post-31610","post","type-post","status-publish","format-standard","has-post-thumbnail","hentry","category-blog","category-gundem"],"_links":{"self":[{"href":"https:\/\/akdenizhaber.com.tr\/index.php\/wp-json\/wp\/v2\/posts\/31610","targetHints":{"allow":["GET"]}}],"collection":[{"href":"https:\/\/akdenizhaber.com.tr\/index.php\/wp-json\/wp\/v2\/posts"}],"about":[{"href":"https:\/\/akdenizhaber.com.tr\/index.php\/wp-json\/wp\/v2\/types\/post"}],"author":[{"embeddable":true,"href":"https:\/\/akdenizhaber.com.tr\/index.php\/wp-json\/wp\/v2\/users\/2"}],"replies":[{"embeddable":true,"href":"https:\/\/akdenizhaber.com.tr\/index.php\/wp-json\/wp\/v2\/comments?post=31610"}],"version-history":[{"count":2,"href":"https:\/\/akdenizhaber.com.tr\/index.php\/wp-json\/wp\/v2\/posts\/31610\/revisions"}],"predecessor-version":[{"id":31624,"href":"https:\/\/akdenizhaber.com.tr\/index.php\/wp-json\/wp\/v2\/posts\/31610\/revisions\/31624"}],"wp:featuredmedia":[{"embeddable":true,"href":"https:\/\/akdenizhaber.com.tr\/index.php\/wp-json\/wp\/v2\/media\/31506"}],"wp:attachment":[{"href":"https:\/\/akdenizhaber.com.tr\/index.php\/wp-json\/wp\/v2\/media?parent=31610"}],"wp:term":[{"taxonomy":"category","embeddable":true,"href":"https:\/\/akdenizhaber.com.tr\/index.php\/wp-json\/wp\/v2\/categories?post=31610"},{"taxonomy":"post_tag","embeddable":true,"href":"https:\/\/akdenizhaber.com.tr\/index.php\/wp-json\/wp\/v2\/tags?post=31610"}],"curies":[{"name":"wp","href":"https:\/\/api.w.org\/{rel}","templated":true}]}}