{"id":31596,"date":"2026-01-26T17:25:07","date_gmt":"2026-01-26T14:25:07","guid":{"rendered":"https:\/\/akdenizhaber.com.tr\/?p=31596"},"modified":"2026-01-26T17:25:08","modified_gmt":"2026-01-26T14:25:08","slug":"mecliste-defalarca-uyarmisti-kumlucadaki-ulesik-deresinin-tasmasi-sonucu-buyuk-sel-felaketi-yasandi","status":"publish","type":"post","link":"https:\/\/akdenizhaber.com.tr\/index.php\/2026\/01\/26\/mecliste-defalarca-uyarmisti-kumlucadaki-ulesik-deresinin-tasmasi-sonucu-buyuk-sel-felaketi-yasandi\/","title":{"rendered":"Mecliste defalarca uyarm\u0131\u015ft\u0131: Kumluca\u2019daki \u00dcle\u015fik Deresi\u2019nin ta\u015fmas\u0131 sonucu b\u00fcy\u00fck sel felaketi ya\u015fand\u0131"},"content":{"rendered":"\n<p>Cumhuriyet Halk Partisi Antalya Milletvekili Aykut Kaya\u2019n\u0131n Meclis\u2019te defalarca uyard\u0131\u011f\u0131 Kumluca\u2019daki \u00dcle\u015fik Deresi, etkili olan sa\u011fanak ya\u011f\u0131\u015flar\u0131n ard\u0131ndan ta\u015ft\u0131. Derenin ta\u015fmas\u0131 sonucu Kum Mahallesi a\u011f\u0131rl\u0131kl\u0131 olmak \u00fczere Beykonak, Kar\u015f\u0131yaka ve G\u00f6ksu mahallelerinde y\u00fczlerce d\u00f6n\u00fcm sera su alt\u0131nda kald\u0131, \u00e7ok say\u0131da \u00e7ift\u00e7i b\u00fcy\u00fck zarar g\u00f6rd\u00fc.<\/p>\n\n\n\n<p>CHP\u2019li Kaya, daha \u00f6nce yapt\u0131\u011f\u0131 a\u00e7\u0131klamalarda \u00dcle\u015fik Deresi\u2019nin tamamen \u0131slah edilmesi gerekti\u011fini, yo\u011fun ya\u011f\u0131\u015flar ba\u015flamadan gerekli \u00f6nlemlerin al\u0131nmas\u0131n\u0131n hayati \u00f6nem ta\u015f\u0131d\u0131\u011f\u0131n\u0131 defalarca dile getirmi\u015fti. Kaya ayr\u0131ca, Sar\u0131kavak Mahallesi\u2019nde yap\u0131lmas\u0131 gereken K\u00f6m\u00fcr Oca\u011f\u0131 G\u00f6leti\u2019nin, da\u011fdan gelen sular\u0131n \u00dcle\u015fik Deresi \u00fczerindeki bask\u0131s\u0131n\u0131 azaltaca\u011f\u0131n\u0131 ve ta\u015fk\u0131n riskine kar\u015f\u0131 bir set g\u00f6revi g\u00f6rece\u011fini ifade etmi\u015fti.<\/p>\n\n\n\n<p>Ya\u015fanan sel felaketinin ard\u0131ndan a\u00e7\u0131klamalarda bulunan Kaya, hasar tespit \u00e7al\u0131\u015fmalar\u0131n\u0131n ivedilikle tamamlanmas\u0131, \u00e7ift\u00e7ilerin zararlar\u0131n\u0131n TARS\u0130M sigortas\u0131 olup olmad\u0131\u011f\u0131na bak\u0131lmaks\u0131z\u0131n eksiksiz \u015fekilde kar\u015f\u0131lanmas\u0131 gerekti\u011fini vurgulad\u0131. Kaya, borcu bulunan \u00e7ift\u00e7ilerin kredi bor\u00e7lar\u0131n\u0131n faizsiz olarak ertelenmesini, seras\u0131n\u0131 ve \u00fcretim alan\u0131n\u0131 kaybeden \u00fcreticilerin ise yeniden \u00fcretime d\u00f6nebilmeleri i\u00e7in desteklenmesini istedi.<\/p>\n\n\n\n<p>Kaya, \u00dcle\u015fik Deresi ba\u015fta olmak \u00fczere Kumluca genelindeki dere \u0131slah \u00e7al\u0131\u015fmalar\u0131n\u0131n ve gerekli g\u00f6let projelerinin bir an \u00f6nce hayata ge\u00e7irilmesi gerekti\u011fini belirterek, sahada emek veren, m\u00fccadele eden herkese te\u015fekk\u00fcr etti\u011fini, hem\u015fehrilerinin yan\u0131nda olmaya ve s\u00fcrecin takip\u00e7isi olmaya devam edeceklerini s\u00f6yledi.<\/p>\n\n\n\n<p>Haber Merkezi<\/p>\n","protected":false},"excerpt":{"rendered":"<p>Cumhuriyet Halk Partisi Antalya Milletvekili Aykut Kaya\u2019n\u0131n Meclis\u2019te defalarca uyard\u0131\u011f\u0131 Kumluca\u2019daki \u00dcle\u015fik Deresi, etkili olan sa\u011fanak ya\u011f\u0131\u015flar\u0131n ard\u0131ndan ta\u015ft\u0131. Derenin ta\u015fmas\u0131 sonucu Kum Mahallesi a\u011f\u0131rl\u0131kl\u0131 <a href=\"https:\/\/akdenizhaber.com.tr\/index.php\/2026\/01\/26\/mecliste-defalarca-uyarmisti-kumlucadaki-ulesik-deresinin-tasmasi-sonucu-buyuk-sel-felaketi-yasandi\/\" class=\"read-more-link\">[more&#8230;]<\/a><\/p>\n","protected":false},"author":2,"featured_media":31597,"comment_status":"open","ping_status":"open","sticky":false,"template":"","format":"standard","meta":{"footnotes":""},"categories":[2],"tags":[],"class_list":["post-31596","post","type-post","status-publish","format-standard","has-post-thumbnail","hentry","category-gundem"],"_links":{"self":[{"href":"https:\/\/akdenizhaber.com.tr\/index.php\/wp-json\/wp\/v2\/posts\/31596","targetHints":{"allow":["GET"]}}],"collection":[{"href":"https:\/\/akdenizhaber.com.tr\/index.php\/wp-json\/wp\/v2\/posts"}],"about":[{"href":"https:\/\/akdenizhaber.com.tr\/index.php\/wp-json\/wp\/v2\/types\/post"}],"author":[{"embeddable":true,"href":"https:\/\/akdenizhaber.com.tr\/index.php\/wp-json\/wp\/v2\/users\/2"}],"replies":[{"embeddable":true,"href":"https:\/\/akdenizhaber.com.tr\/index.php\/wp-json\/wp\/v2\/comments?post=31596"}],"version-history":[{"count":1,"href":"https:\/\/akdenizhaber.com.tr\/index.php\/wp-json\/wp\/v2\/posts\/31596\/revisions"}],"predecessor-version":[{"id":31598,"href":"https:\/\/akdenizhaber.com.tr\/index.php\/wp-json\/wp\/v2\/posts\/31596\/revisions\/31598"}],"wp:featuredmedia":[{"embeddable":true,"href":"https:\/\/akdenizhaber.com.tr\/index.php\/wp-json\/wp\/v2\/media\/31597"}],"wp:attachment":[{"href":"https:\/\/akdenizhaber.com.tr\/index.php\/wp-json\/wp\/v2\/media?parent=31596"}],"wp:term":[{"taxonomy":"category","embeddable":true,"href":"https:\/\/akdenizhaber.com.tr\/index.php\/wp-json\/wp\/v2\/categories?post=31596"},{"taxonomy":"post_tag","embeddable":true,"href":"https:\/\/akdenizhaber.com.tr\/index.php\/wp-json\/wp\/v2\/tags?post=31596"}],"curies":[{"name":"wp","href":"https:\/\/api.w.org\/{rel}","templated":true}]}}