{"id":31593,"date":"2026-01-26T17:25:30","date_gmt":"2026-01-26T14:25:30","guid":{"rendered":"https:\/\/akdenizhaber.com.tr\/?p=31593"},"modified":"2026-01-26T17:25:30","modified_gmt":"2026-01-26T14:25:30","slug":"manavgat-ulku-ocaklarindan-ahde-vefa-ziyaretleri","status":"publish","type":"post","link":"https:\/\/akdenizhaber.com.tr\/index.php\/2026\/01\/26\/manavgat-ulku-ocaklarindan-ahde-vefa-ziyaretleri\/","title":{"rendered":"Manavgat \u00dclk\u00fc Ocaklar\u0131\u2019ndan Ahde Vefa Ziyaretleri"},"content":{"rendered":"\n<p>Manavgat \u00dclk\u00fc Ocaklar\u0131 Ba\u015fkan\u0131 Mustafa Av\u015far ve y\u00f6netim kurulu \u00fcyeleri, il\u00e7edeki i\u015f insanlar\u0131, kurum ve kurulu\u015flara y\u00f6nelik te\u015fekk\u00fcr ziyaretlerini s\u00fcrd\u00fcr\u00fcyor. \u00dclk\u00fc Ocaklar\u0131\u2019n\u0131n e\u011fitim ve k\u00fclt\u00fcr faaliyetlerine katk\u0131 sunan isimler, &#8220;Te\u015fekk\u00fcr Belgesi&#8221; ile onurland\u0131r\u0131l\u0131yor.<\/p>\n\n\n\n<p>&#8220;Deste\u011fini Esirgemeyen Herkese \u015e\u00fckran Bor\u00e7luyuz&#8221;<\/p>\n\n\n\n<p>Ziyaretlerin temel amac\u0131n\u0131n bir &#8220;te\u015fekk\u00fcr ve vefa&#8221; borcu oldu\u011funu belirten Ba\u015fkan Mustafa Av\u015far, s\u00fcrece dair \u015fu a\u00e7\u0131klamalarda bulundu:<\/p>\n\n\n\n<p>&#8220;\u00dclk\u00fc Ocaklar\u0131 olarak y\u00fcr\u00fctt\u00fc\u011f\u00fcm\u00fcz \u00e7al\u0131\u015fmalarda bizleri hi\u00e7bir zaman yaln\u0131z b\u0131rakmayan, maddi ve manevi desteklerini esirgemeyen de\u011ferli i\u015f insanlar\u0131m\u0131z\u0131 ve kurum y\u00f6neticilerimizi ziyaret ediyoruz. G\u00f6sterilen bu yak\u0131n ilgi, bizlerin \u00e7al\u0131\u015fma azmini daha da art\u0131r\u0131yor. T\u00fcm destek\u00e7ilerimize \u015fahs\u0131m ve y\u00f6netim kurulum ad\u0131na g\u00f6n\u00fclden te\u015fekk\u00fcrlerimi sunuyorum.&#8221;<\/p>\n\n\n\n<p>B\u00fc\u015fra Deveci \/ Haber<\/p>\n","protected":false},"excerpt":{"rendered":"<p>Manavgat \u00dclk\u00fc Ocaklar\u0131 Ba\u015fkan\u0131 Mustafa Av\u015far ve y\u00f6netim kurulu \u00fcyeleri, il\u00e7edeki i\u015f insanlar\u0131, kurum ve kurulu\u015flara y\u00f6nelik te\u015fekk\u00fcr ziyaretlerini s\u00fcrd\u00fcr\u00fcyor. \u00dclk\u00fc Ocaklar\u0131\u2019n\u0131n e\u011fitim ve k\u00fclt\u00fcr <a href=\"https:\/\/akdenizhaber.com.tr\/index.php\/2026\/01\/26\/manavgat-ulku-ocaklarindan-ahde-vefa-ziyaretleri\/\" class=\"read-more-link\">[more&#8230;]<\/a><\/p>\n","protected":false},"author":2,"featured_media":31594,"comment_status":"open","ping_status":"open","sticky":false,"template":"","format":"standard","meta":{"footnotes":""},"categories":[2],"tags":[],"class_list":["post-31593","post","type-post","status-publish","format-standard","has-post-thumbnail","hentry","category-gundem"],"_links":{"self":[{"href":"https:\/\/akdenizhaber.com.tr\/index.php\/wp-json\/wp\/v2\/posts\/31593","targetHints":{"allow":["GET"]}}],"collection":[{"href":"https:\/\/akdenizhaber.com.tr\/index.php\/wp-json\/wp\/v2\/posts"}],"about":[{"href":"https:\/\/akdenizhaber.com.tr\/index.php\/wp-json\/wp\/v2\/types\/post"}],"author":[{"embeddable":true,"href":"https:\/\/akdenizhaber.com.tr\/index.php\/wp-json\/wp\/v2\/users\/2"}],"replies":[{"embeddable":true,"href":"https:\/\/akdenizhaber.com.tr\/index.php\/wp-json\/wp\/v2\/comments?post=31593"}],"version-history":[{"count":1,"href":"https:\/\/akdenizhaber.com.tr\/index.php\/wp-json\/wp\/v2\/posts\/31593\/revisions"}],"predecessor-version":[{"id":31595,"href":"https:\/\/akdenizhaber.com.tr\/index.php\/wp-json\/wp\/v2\/posts\/31593\/revisions\/31595"}],"wp:featuredmedia":[{"embeddable":true,"href":"https:\/\/akdenizhaber.com.tr\/index.php\/wp-json\/wp\/v2\/media\/31594"}],"wp:attachment":[{"href":"https:\/\/akdenizhaber.com.tr\/index.php\/wp-json\/wp\/v2\/media?parent=31593"}],"wp:term":[{"taxonomy":"category","embeddable":true,"href":"https:\/\/akdenizhaber.com.tr\/index.php\/wp-json\/wp\/v2\/categories?post=31593"},{"taxonomy":"post_tag","embeddable":true,"href":"https:\/\/akdenizhaber.com.tr\/index.php\/wp-json\/wp\/v2\/tags?post=31593"}],"curies":[{"name":"wp","href":"https:\/\/api.w.org\/{rel}","templated":true}]}}