{"id":31583,"date":"2026-01-22T16:12:51","date_gmt":"2026-01-22T13:12:51","guid":{"rendered":"https:\/\/akdenizhaber.com.tr\/?p=31583"},"modified":"2026-01-22T16:12:52","modified_gmt":"2026-01-22T13:12:52","slug":"ziraat-odasi-baskani-rasim-metin-ankaradan-mujde-bekliyoruz","status":"publish","type":"post","link":"https:\/\/akdenizhaber.com.tr\/index.php\/2026\/01\/22\/ziraat-odasi-baskani-rasim-metin-ankaradan-mujde-bekliyoruz\/","title":{"rendered":"Ziraat Odas\u0131 Ba\u015fkan\u0131 Rasim Metin; \u201cAnkara\u2019dan M\u00fcjde Bekliyoruz\u201d"},"content":{"rendered":"\n<p><\/p>\n\n\n\n<p>Manavgat Ziraat Odas\u0131 Ba\u015fkan\u0131 Rasim Metin ge\u00e7ti\u011fimiz g\u00fcn Ziraat Odalar\u0131 Birli\u011fi genel ba\u015fkan\u0131 \u015eemsi Bayraktar\u2019\u0131n Ankara\u2019da Cumhurba\u015fkan\u0131 Recep Tayyip Erdo\u011fan ile g\u00f6r\u00fc\u015ferek \u00e7ift\u00e7ilerin sorunlar\u0131n\u0131 kendisine aktararak Cumhurba\u015fkan\u0131n\u0131n talimatlar\u0131 do\u011frultusunda \u00f6n\u00fcm\u00fczdeki g\u00fclerde m\u00fcjdeli haber beklediklerini s\u00f6yledi.<\/p>\n\n\n\n<p>Ziraat Odas\u0131 ba\u015fkan\u0131 Rasim Metin, \u00e7ift\u00e7ilerin kredi kullanabilmelerinin \u00f6n\u00fcn\u00fc a\u00e7acak olan m\u00fcjdeli haberin \u00f6n\u00fcm\u00fczdeki g\u00fcnlerde gelece\u011fine inand\u0131\u011f\u0131n\u0131 ifade ederek \u015f\u00f6yle konu\u015ftu;<\/p>\n\n\n\n<p>\u201cTZOB Genel Ba\u015fkan\u0131m\u0131z Say\u0131n \u015eemsi Bayraktar, Ba\u011f-Kur ve Vergi borcu bulunan \u00e7ift\u00e7ilerimizin kredi kullanabilmesinin \u00f6n\u00fcn\u00fc a\u00e7acak yeni bir d\u00fczenleme yap\u0131lmas\u0131 konusunda Cumhurba\u015fkan\u0131m\u0131z Say\u0131n Recep Tayyip Erdo\u011fan ile g\u00f6r\u00fc\u015ft\u00fc.<\/p>\n\n\n\n<p>Cumhurba\u015fkan\u0131m\u0131z da konunun \u00e7\u00f6z\u00fcm\u00fc i\u00e7in Hazine ve Maliye Bakan\u0131 Say\u0131n Mehmet \u015eim\u015fek ile bizzat g\u00f6r\u00fc\u015ferek gerekli d\u00fczenlemenin yap\u0131lmas\u0131 talimat\u0131n\u0131 verdi.<\/p>\n\n\n\n<p>\u0130n\u015fallah \u00e7ift\u00e7ilerimizin rahat bir nefes almas\u0131n\u0131 sa\u011flayacak bu ad\u0131m k\u0131sa s\u00fcrede hayata ge\u00e7irilir ve olumlu sonu\u00e7lar al\u0131n\u0131r. Genel Ba\u015fkan\u0131m\u0131za \u00e7ift\u00e7ilerimiz i\u00e7in verdi\u011fi m\u00fccadele ve \u00e7al\u0131\u015fmalar i\u00e7in \u00e7ift\u00e7ilerimiz ad\u0131na te\u015fekk\u00fcr ederiz\u201d dedi.<\/p>\n\n\n\n<p>B\u00fc\u015fra Deveci \/ Haber<\/p>\n","protected":false},"excerpt":{"rendered":"<p>Manavgat Ziraat Odas\u0131 Ba\u015fkan\u0131 Rasim Metin ge\u00e7ti\u011fimiz g\u00fcn Ziraat Odalar\u0131 Birli\u011fi genel ba\u015fkan\u0131 \u015eemsi Bayraktar\u2019\u0131n Ankara\u2019da Cumhurba\u015fkan\u0131 Recep Tayyip Erdo\u011fan ile g\u00f6r\u00fc\u015ferek \u00e7ift\u00e7ilerin sorunlar\u0131n\u0131 kendisine <a href=\"https:\/\/akdenizhaber.com.tr\/index.php\/2026\/01\/22\/ziraat-odasi-baskani-rasim-metin-ankaradan-mujde-bekliyoruz\/\" class=\"read-more-link\">[more&#8230;]<\/a><\/p>\n","protected":false},"author":2,"featured_media":31584,"comment_status":"open","ping_status":"open","sticky":false,"template":"","format":"standard","meta":{"footnotes":""},"categories":[2],"tags":[],"class_list":["post-31583","post","type-post","status-publish","format-standard","has-post-thumbnail","hentry","category-gundem"],"_links":{"self":[{"href":"https:\/\/akdenizhaber.com.tr\/index.php\/wp-json\/wp\/v2\/posts\/31583","targetHints":{"allow":["GET"]}}],"collection":[{"href":"https:\/\/akdenizhaber.com.tr\/index.php\/wp-json\/wp\/v2\/posts"}],"about":[{"href":"https:\/\/akdenizhaber.com.tr\/index.php\/wp-json\/wp\/v2\/types\/post"}],"author":[{"embeddable":true,"href":"https:\/\/akdenizhaber.com.tr\/index.php\/wp-json\/wp\/v2\/users\/2"}],"replies":[{"embeddable":true,"href":"https:\/\/akdenizhaber.com.tr\/index.php\/wp-json\/wp\/v2\/comments?post=31583"}],"version-history":[{"count":1,"href":"https:\/\/akdenizhaber.com.tr\/index.php\/wp-json\/wp\/v2\/posts\/31583\/revisions"}],"predecessor-version":[{"id":31585,"href":"https:\/\/akdenizhaber.com.tr\/index.php\/wp-json\/wp\/v2\/posts\/31583\/revisions\/31585"}],"wp:featuredmedia":[{"embeddable":true,"href":"https:\/\/akdenizhaber.com.tr\/index.php\/wp-json\/wp\/v2\/media\/31584"}],"wp:attachment":[{"href":"https:\/\/akdenizhaber.com.tr\/index.php\/wp-json\/wp\/v2\/media?parent=31583"}],"wp:term":[{"taxonomy":"category","embeddable":true,"href":"https:\/\/akdenizhaber.com.tr\/index.php\/wp-json\/wp\/v2\/categories?post=31583"},{"taxonomy":"post_tag","embeddable":true,"href":"https:\/\/akdenizhaber.com.tr\/index.php\/wp-json\/wp\/v2\/tags?post=31583"}],"curies":[{"name":"wp","href":"https:\/\/api.w.org\/{rel}","templated":true}]}}