{"id":31577,"date":"2026-01-22T16:09:46","date_gmt":"2026-01-22T13:09:46","guid":{"rendered":"https:\/\/akdenizhaber.com.tr\/?p=31577"},"modified":"2026-01-22T16:09:46","modified_gmt":"2026-01-22T13:09:46","slug":"manavgat-belediyespor-3","status":"publish","type":"post","link":"https:\/\/akdenizhaber.com.tr\/index.php\/2026\/01\/22\/manavgat-belediyespor-3\/","title":{"rendered":"MANAVGAT BELED\u0130YESPOR.."},"content":{"rendered":"\n<p><\/p>\n\n\n\n<p>Manavgat Belediyesi Ba\u015fkan vekili ve Manavgat Belediyespor kul\u00fcp ba\u015fkan\u0131 Mehmet \u00c7i\u00e7ek karde\u015fimiz ge\u00e7ti\u011fimiz y\u0131l 6 Eyl\u00fcl 2025 tarihinde bir a\u00e7\u0131klama yaparak bu y\u0131l ligde iddial\u0131 olmad\u0131\u011f\u0131m\u0131z\u0131 d\u00fc\u015fmemek ad\u0131na gen\u00e7 ve alt yap\u0131 futbolcularla yola devam edeceklerini a\u00e7\u0131klam\u0131\u015ft\u0131;<\/p>\n\n\n\n<p>\u201cS\u00f6z U\u00e7ar, Yaz\u0131 Kal\u0131r\u201d s\u00f6yleminden yola \u00e7\u0131karak Mehmet \u00c7i\u00e7ek o g\u00fcn ne demi\u015f bir bakal\u0131m hele\u2026<\/p>\n\n\n\n<p>&#8220;Y\u00f6netim kurulu listemiz belli. Bu seneki en b\u00fcy\u00fck hedefimiz, \u00f6zellikle kendi Manavgat&#8217;\u0131m\u0131z\u0131n \u00e7ocuklar\u0131yla yola devam etmek. Bu \u00e7ocuklar\u0131m\u0131za takviye olarak da 4-5 tane tecr\u00fcbeli oyuncu kataca\u011f\u0131z. \u0130ki y\u0131ll\u0131k bir hedef belirledik. Bu y\u0131l stat\u00fc gere\u011fi 5 tak\u0131m playofflara \u00e7\u0131k\u0131yor ve 3. Lig hedefimiz var. Uzun y\u0131llard\u0131r maalesef Manavgat&#8217;\u0131n \u00e7ocuklar\u0131na \u00e7ok yer verilmiyordu. Bu y\u0131l onlarla yola \u00e7\u0131kaca\u011f\u0131z.<\/p>\n\n\n\n<p>Gerek Fenerbah\u00e7e&#8217;de, gerek Galatasaray&#8217;da, Alanyaspor&#8217;da, Antalyaspor&#8217;da oynayan bir\u00e7ok Manavgatl\u0131 oyuncumuz var. Onlar\u0131 tak\u0131m\u0131m\u0131za kazand\u0131rma hedefimiz var&#8221; dedi.<\/p>\n\n\n\n<p>Eski y\u00f6netim kurulundan bir\u00e7ok ismin yeni y\u00f6netimde yer ald\u0131\u011f\u0131n\u0131 belirten \u00c7i\u00e7ek &#8220;Y\u00f6netime sporu seven, Manavgat&#8217;\u0131 seven yeni arkada\u015flar eklendi. Futbolun i\u00e7erisinden, malzemecilikten ba\u015fkanl\u0131\u011fa kadar y\u00fckselmi\u015f ki\u015fileri y\u00f6netime katt\u0131k&#8221;<\/p>\n\n\n\n<p>Teknik kadro ile ilgili bilgi veren \u00c7i\u00e7ek &#8220;Sportif direkt\u00f6r\u00fcm\u00fcz, y\u0131llard\u0131r bu tak\u0131m\u0131n formas\u0131n\u0131 terletmi\u015f Adil Ar\u0131c\u0131 karde\u015fimiz olacak. Teknik Direkt\u00f6r olarak Altyap\u0131dan sorumlu hocam\u0131z Mustafa Y\u00fcksel g\u00f6reve devam edecek. \u201c<\/p>\n\n\n\n<p>Ge\u00e7en y\u0131l yukar\u0131daki s\u00f6zleri s\u00f6ylemi\u015f Mehmet \u00c7i\u00e7ek\u2026S\u00f6ylemleri aras\u0131nda y\u00f6netimde kimler var?..Kimler yok hala Manavgat kamuoyu isim olarak bilmiyor,\u00e7o\u011funu tan\u0131m\u0131yor..<\/p>\n\n\n\n<p>Manavgat gazeteleri ile pek ilgisi olmayan y\u00f6netim her ne hikmetse bu isimleri bug\u00fcne dek a\u00e7\u0131klam\u0131yor..<\/p>\n\n\n\n<p>Teknik kadroya gelince Adil Ar\u0131c\u0131 ve Mustafa Y\u00fcksel ile yola \u00e7\u0131kan y\u00f6netim, ba\u015far\u0131l\u0131 bir grafik \u00e7izmesine kar\u015f\u0131n Kulu ma\u00e7\u0131ndan sonra Mustafa Y\u00fcksel ile yollar\u0131 ay\u0131r\u0131rken futbol kamuoyuna neden yollar\u0131n ayr\u0131ld\u0131\u011f\u0131n\u0131 a\u00e7\u0131klam\u0131\u015f de\u011fil\u2026<\/p>\n\n\n\n<p>Adil Ar\u0131c\u0131 ise Ye\u015fil \u00c7ivril kar\u015f\u0131la\u015fmas\u0131ndan sonra sessiz sedas\u0131z kayboluverdi ortal\u0131ktan..<\/p>\n\n\n\n<p>Bu y\u0131l iddiam\u0131z yok diyen Mehmet \u00c7i\u00e7ek, devre aras\u0131nda transferler yaparak tak\u0131m\u0131n g\u00fc\u00e7lenmesini sa\u011flamak ad\u0131na \u00e7aba sarf ediyor.<\/p>\n\n\n\n<p>Ve; transfer imzalar\u0131nda 21 Ocak 2026 g\u00fcn\u00fc \u201cO sene bu sene de\u011fil\u201d diyor..<\/p>\n\n\n\n<p>Allah a\u015fk\u0131na anlayan beri gelsin..Bir taraftan milyonlar harcay\u0131p tak\u0131ma takviye yapacaks\u0131n..<\/p>\n\n\n\n<p>Di\u011fer yandan iddiam\u0131z yok s\u00f6ylemini s\u00fcrd\u00fcreceksin..<\/p>\n\n\n\n<p>Neden transfer yap\u0131yorsunuz o zaman \u00e7ok merak ediyorum..<\/p>\n\n\n\n<p>Alt yap\u0131daki gen\u00e7 futbolcu d\u00fc\u015f\u00fcnceniz ne oldu?..<\/p>\n\n\n\n<p>Yar\u0131nlara umutla bakan,gelecek ad\u0131na beklentileri olan gen\u00e7 futbolcular\u0131 top toplay\u0131c\u0131 olarak m\u0131 kullanacaks\u0131n\u0131z?..<\/p>\n\n\n\n<p>Adama sormazlar m\u0131 ba\u015fkan \u201cBu ne perhiz, bu ne lahana tur\u015fusu\u201d diye\u2026<\/p>\n\n\n\n<p>Futbolda en berbat tak\u0131m bile iddial\u0131 ba\u015flar sezona..Ge\u00e7ti\u011fimiz y\u0131l\u0131 bir an\u0131msay\u0131n hele bir yol..<\/p>\n\n\n\n<p>Nev\u015fehir\u2019in Suvermez k\u00f6y\u00fc futbol tak\u0131m\u0131 iddias\u0131z ba\u015flad\u0131\u011f\u0131 lig ma\u00e7lar\u0131nda inanm\u0131\u015flar ordusu olarak 3. Lige \u00e7\u0131kmad\u0131 m\u0131?..<\/p>\n\n\n\n<p>\u0130nanm\u0131yorsan \u015fampiyon olamazs\u0131n..<\/p>\n\n\n\n<p>\u0130nanm\u0131yorsan yerinde saymaya devam edersin..<\/p>\n\n\n\n<p>\u0130nanmazsan bu kentin gelece\u011fe umutla bakan gen\u00e7 futbolcular\u0131na bir \u015fey veremezsin..<\/p>\n\n\n\n<p>\u00d6nce inanman gerek..<\/p>\n\n\n\n<p>Y\u0131llard\u0131r Manavgat Belediyespor\u2019a g\u00f6n\u00fcl veren cefakar ve vefakar taraftar her y\u0131l oldu\u011fu gibi bu y\u0131lda inanm\u0131\u015flar ordusu olarak g\u00f6revini en iyi bi\u00e7imde yerine getirmeye devam ediyor..<\/p>\n\n\n\n<p>Buradan t\u00fcm taraftarlara y\u00fcrek dolusu selam ve te\u015fekk\u00fcrlerini sunuyorum.<\/p>\n\n\n\n<p>Kal\u0131n sa\u011fl\u0131cakla..<\/p>\n","protected":false},"excerpt":{"rendered":"<p>Manavgat Belediyesi Ba\u015fkan vekili ve Manavgat Belediyespor kul\u00fcp ba\u015fkan\u0131 Mehmet \u00c7i\u00e7ek karde\u015fimiz ge\u00e7ti\u011fimiz y\u0131l 6 Eyl\u00fcl 2025 tarihinde bir a\u00e7\u0131klama yaparak bu y\u0131l ligde iddial\u0131 <a href=\"https:\/\/akdenizhaber.com.tr\/index.php\/2026\/01\/22\/manavgat-belediyespor-3\/\" class=\"read-more-link\">[more&#8230;]<\/a><\/p>\n","protected":false},"author":2,"featured_media":31578,"comment_status":"open","ping_status":"open","sticky":false,"template":"","format":"standard","meta":{"footnotes":""},"categories":[1,2],"tags":[],"class_list":["post-31577","post","type-post","status-publish","format-standard","has-post-thumbnail","hentry","category-blog","category-gundem"],"_links":{"self":[{"href":"https:\/\/akdenizhaber.com.tr\/index.php\/wp-json\/wp\/v2\/posts\/31577","targetHints":{"allow":["GET"]}}],"collection":[{"href":"https:\/\/akdenizhaber.com.tr\/index.php\/wp-json\/wp\/v2\/posts"}],"about":[{"href":"https:\/\/akdenizhaber.com.tr\/index.php\/wp-json\/wp\/v2\/types\/post"}],"author":[{"embeddable":true,"href":"https:\/\/akdenizhaber.com.tr\/index.php\/wp-json\/wp\/v2\/users\/2"}],"replies":[{"embeddable":true,"href":"https:\/\/akdenizhaber.com.tr\/index.php\/wp-json\/wp\/v2\/comments?post=31577"}],"version-history":[{"count":1,"href":"https:\/\/akdenizhaber.com.tr\/index.php\/wp-json\/wp\/v2\/posts\/31577\/revisions"}],"predecessor-version":[{"id":31579,"href":"https:\/\/akdenizhaber.com.tr\/index.php\/wp-json\/wp\/v2\/posts\/31577\/revisions\/31579"}],"wp:featuredmedia":[{"embeddable":true,"href":"https:\/\/akdenizhaber.com.tr\/index.php\/wp-json\/wp\/v2\/media\/31578"}],"wp:attachment":[{"href":"https:\/\/akdenizhaber.com.tr\/index.php\/wp-json\/wp\/v2\/media?parent=31577"}],"wp:term":[{"taxonomy":"category","embeddable":true,"href":"https:\/\/akdenizhaber.com.tr\/index.php\/wp-json\/wp\/v2\/categories?post=31577"},{"taxonomy":"post_tag","embeddable":true,"href":"https:\/\/akdenizhaber.com.tr\/index.php\/wp-json\/wp\/v2\/tags?post=31577"}],"curies":[{"name":"wp","href":"https:\/\/api.w.org\/{rel}","templated":true}]}}