{"id":31570,"date":"2026-01-22T16:08:11","date_gmt":"2026-01-22T13:08:11","guid":{"rendered":"https:\/\/akdenizhaber.com.tr\/?p=31570"},"modified":"2026-01-22T16:08:12","modified_gmt":"2026-01-22T13:08:12","slug":"manavgat-belediyespor-sezer-orhonsayini-kadrosuna-katti","status":"publish","type":"post","link":"https:\/\/akdenizhaber.com.tr\/index.php\/2026\/01\/22\/manavgat-belediyespor-sezer-orhonsayini-kadrosuna-katti\/","title":{"rendered":"Manavgat Belediyespor, Sezer Orhonsay\u0131n\u2019\u0131 Kadrosuna Katt\u0131"},"content":{"rendered":"\n<p>B\u00f6lgesel Amat\u00f6r Lig (BAL) 7. Grup\u2019ta zirve m\u00fccadelesini s\u00fcrd\u00fcren Manavgat Belediyespor, ikinci yar\u0131 \u00f6ncesi transfer \u00e7al\u0131\u015fmalar\u0131na h\u0131z kesmeden devam ediyor. Ye\u015fil-beyazl\u0131 ekip, kamp \u00e7al\u0131\u015fmalar\u0131n\u0131 Side Star Otel\u2019de s\u00fcrd\u00fcr\u00fcrken kadrosunu tecr\u00fcbeli bir isimle g\u00fc\u00e7lendirdi.<\/p>\n\n\n\n<p>Manavgat Belediyespor; Muhammet Akdeniz, Hayrettin Cengiz ve G\u00fcrkan Yamak transferlerinin ard\u0131ndan, son olarak \u00d6demi\u015fspor formas\u0131 giyen ba\u015far\u0131l\u0131 orta saha Sezer Orhonsay\u0131n ile anla\u015fma sa\u011flad\u0131. BAL Ligi\u2019nde daha \u00f6nce \u015fampiyonluklar ya\u015fayan Orhonsay\u0131n, bu sezon ligin ilk devresinde \u00d6demi\u015fspor\u2019da \u00e7\u0131kt\u0131\u011f\u0131 14 ma\u00e7ta 7 gol kaydetti.<\/p>\n\n\n\n<p>Tecr\u00fcbeli futbolcunun transferine ili\u015fkin s\u00f6zle\u015fme, Manavgat Belediyespor Kul\u00fcb\u00fc Ba\u015fkan\u0131 ve Manavgat Belediye Ba\u015fkan Vekili Av. Mehmet \u00c7i\u00e7ek\u2019in makam\u0131nda d\u00fczenlenen imza t\u00f6reniyle resmiyet kazand\u0131. \u0130mza t\u00f6reninde konu\u015fan \u00c7i\u00e7ek, Sezer Orhonsay\u0131n\u2019\u0131n hem tecr\u00fcbesi hem de sahadaki katk\u0131s\u0131yla tak\u0131ma \u00f6nemli g\u00fc\u00e7 kataca\u011f\u0131n\u0131 belirterek, transferin kul\u00fcbe ve Manavgat\u2019a hay\u0131rl\u0131 olmas\u0131n\u0131 diledi.<\/p>\n\n\n\n<p>Manavgat Belediyespor, ligin ilk yar\u0131s\u0131n\u0131 23 puanla ikinci s\u0131rada tamamlam\u0131\u015ft\u0131.<\/p>\n\n\n\n<p>Manavgat Belediyesi \/ B\u00fclten<\/p>\n","protected":false},"excerpt":{"rendered":"<p>B\u00f6lgesel Amat\u00f6r Lig (BAL) 7. Grup\u2019ta zirve m\u00fccadelesini s\u00fcrd\u00fcren Manavgat Belediyespor, ikinci yar\u0131 \u00f6ncesi transfer \u00e7al\u0131\u015fmalar\u0131na h\u0131z kesmeden devam ediyor. Ye\u015fil-beyazl\u0131 ekip, kamp \u00e7al\u0131\u015fmalar\u0131n\u0131 Side <a href=\"https:\/\/akdenizhaber.com.tr\/index.php\/2026\/01\/22\/manavgat-belediyespor-sezer-orhonsayini-kadrosuna-katti\/\" class=\"read-more-link\">[more&#8230;]<\/a><\/p>\n","protected":false},"author":2,"featured_media":31571,"comment_status":"open","ping_status":"open","sticky":false,"template":"","format":"standard","meta":{"footnotes":""},"categories":[2],"tags":[],"class_list":["post-31570","post","type-post","status-publish","format-standard","has-post-thumbnail","hentry","category-gundem"],"_links":{"self":[{"href":"https:\/\/akdenizhaber.com.tr\/index.php\/wp-json\/wp\/v2\/posts\/31570","targetHints":{"allow":["GET"]}}],"collection":[{"href":"https:\/\/akdenizhaber.com.tr\/index.php\/wp-json\/wp\/v2\/posts"}],"about":[{"href":"https:\/\/akdenizhaber.com.tr\/index.php\/wp-json\/wp\/v2\/types\/post"}],"author":[{"embeddable":true,"href":"https:\/\/akdenizhaber.com.tr\/index.php\/wp-json\/wp\/v2\/users\/2"}],"replies":[{"embeddable":true,"href":"https:\/\/akdenizhaber.com.tr\/index.php\/wp-json\/wp\/v2\/comments?post=31570"}],"version-history":[{"count":1,"href":"https:\/\/akdenizhaber.com.tr\/index.php\/wp-json\/wp\/v2\/posts\/31570\/revisions"}],"predecessor-version":[{"id":31572,"href":"https:\/\/akdenizhaber.com.tr\/index.php\/wp-json\/wp\/v2\/posts\/31570\/revisions\/31572"}],"wp:featuredmedia":[{"embeddable":true,"href":"https:\/\/akdenizhaber.com.tr\/index.php\/wp-json\/wp\/v2\/media\/31571"}],"wp:attachment":[{"href":"https:\/\/akdenizhaber.com.tr\/index.php\/wp-json\/wp\/v2\/media?parent=31570"}],"wp:term":[{"taxonomy":"category","embeddable":true,"href":"https:\/\/akdenizhaber.com.tr\/index.php\/wp-json\/wp\/v2\/categories?post=31570"},{"taxonomy":"post_tag","embeddable":true,"href":"https:\/\/akdenizhaber.com.tr\/index.php\/wp-json\/wp\/v2\/tags?post=31570"}],"curies":[{"name":"wp","href":"https:\/\/api.w.org\/{rel}","templated":true}]}}