{"id":31564,"date":"2026-01-22T16:07:42","date_gmt":"2026-01-22T13:07:42","guid":{"rendered":"https:\/\/akdenizhaber.com.tr\/?p=31564"},"modified":"2026-01-22T16:07:42","modified_gmt":"2026-01-22T13:07:42","slug":"manavgatli-sehit-jandarma-er-mudul-sehadetinin-yil-donumunde-anildi","status":"publish","type":"post","link":"https:\/\/akdenizhaber.com.tr\/index.php\/2026\/01\/22\/manavgatli-sehit-jandarma-er-mudul-sehadetinin-yil-donumunde-anildi\/","title":{"rendered":"Manavgatl\u0131 \u015eehit Jandarma Er Mudul, \u015eehadetinin Y\u0131l D\u00f6n\u00fcm\u00fcnde An\u0131ld\u0131"},"content":{"rendered":"\n<p>20 Ocak 1998 tarihinde \u015e\u0131rnak\u2019ta hain ter\u00f6r \u00f6rg\u00fct\u00fc PKK ile girilen \u00e7at\u0131\u015fmada \u015fehit d\u00fc\u015fen Manavgatl\u0131 Jandarma Er Halil \u0130brahim Mudul, \u015fehadetinin y\u0131l d\u00f6n\u00fcm\u00fcnde kabri ba\u015f\u0131nda dualarla an\u0131ld\u0131.<\/p>\n\n\n\n<p>Anma program\u0131na Manavgat Belediye Ba\u015fkan Vekili Av. Mehmet \u00c7i\u00e7ek, Belediye Ba\u015fkan Yard\u0131mc\u0131lar\u0131 Mustafa \u00d6zt\u00fcrk ile H\u00fcseyin S\u0131rcan, Manavgat \u0130l\u00e7e M\u00fcft\u00fcs\u00fc Abdullah Ero\u011flu, \u015fehidin ailesi, g\u00fcvenlik g\u00fc\u00e7leri ve vatanda\u015flar kat\u0131ld\u0131.<\/p>\n\n\n\n<p>Programda Kur\u2019an-\u0131 Kerim okundu, Manavgat \u0130l\u00e7e M\u00fcft\u00fcs\u00fc Abdullah Ero\u011flu taraf\u0131ndan \u015fehitler i\u00e7in dua edildi. Dualar\u0131n ard\u0131ndan Ba\u015fkan Vekili \u00c7i\u00e7ek ve beraberindekiler, \u015fehit Halil \u0130brahim Mudul\u2019un kabrine \u00e7i\u00e7ek b\u0131rakt\u0131.<\/p>\n\n\n\n<p>Manavgat Belediye Ba\u015fkan Vekili Av. Mehmet \u00c7i\u00e7ek, burada yapt\u0131\u011f\u0131 a\u00e7\u0131klamada, vatan\u0131n birlik ve b\u00fct\u00fcnl\u00fc\u011f\u00fc u\u011fruna canlar\u0131n\u0131 feda eden \u015fehitlerin hi\u00e7bir zaman unutulmayaca\u011f\u0131n\u0131 belirterek, \u201c\u015eehidimiz Halil \u0130brahim Mudul\u2019u ve t\u00fcm aziz \u015fehitlerimizi rahmet, minnet ve sayg\u0131yla an\u0131yorum. Onlar\u0131n emaneti olan aileleri her zaman ba\u015f\u0131m\u0131z\u0131n tac\u0131d\u0131r.\u201d dedi.<\/p>\n\n\n\n<p>Manavgat Belediyesi \/ B\u00fclten<\/p>\n","protected":false},"excerpt":{"rendered":"<p>20 Ocak 1998 tarihinde \u015e\u0131rnak\u2019ta hain ter\u00f6r \u00f6rg\u00fct\u00fc PKK ile girilen \u00e7at\u0131\u015fmada \u015fehit d\u00fc\u015fen Manavgatl\u0131 Jandarma Er Halil \u0130brahim Mudul, \u015fehadetinin y\u0131l d\u00f6n\u00fcm\u00fcnde kabri ba\u015f\u0131nda <a href=\"https:\/\/akdenizhaber.com.tr\/index.php\/2026\/01\/22\/manavgatli-sehit-jandarma-er-mudul-sehadetinin-yil-donumunde-anildi\/\" class=\"read-more-link\">[more&#8230;]<\/a><\/p>\n","protected":false},"author":2,"featured_media":31566,"comment_status":"open","ping_status":"open","sticky":false,"template":"","format":"standard","meta":{"footnotes":""},"categories":[2],"tags":[],"class_list":["post-31564","post","type-post","status-publish","format-standard","has-post-thumbnail","hentry","category-gundem"],"_links":{"self":[{"href":"https:\/\/akdenizhaber.com.tr\/index.php\/wp-json\/wp\/v2\/posts\/31564","targetHints":{"allow":["GET"]}}],"collection":[{"href":"https:\/\/akdenizhaber.com.tr\/index.php\/wp-json\/wp\/v2\/posts"}],"about":[{"href":"https:\/\/akdenizhaber.com.tr\/index.php\/wp-json\/wp\/v2\/types\/post"}],"author":[{"embeddable":true,"href":"https:\/\/akdenizhaber.com.tr\/index.php\/wp-json\/wp\/v2\/users\/2"}],"replies":[{"embeddable":true,"href":"https:\/\/akdenizhaber.com.tr\/index.php\/wp-json\/wp\/v2\/comments?post=31564"}],"version-history":[{"count":1,"href":"https:\/\/akdenizhaber.com.tr\/index.php\/wp-json\/wp\/v2\/posts\/31564\/revisions"}],"predecessor-version":[{"id":31569,"href":"https:\/\/akdenizhaber.com.tr\/index.php\/wp-json\/wp\/v2\/posts\/31564\/revisions\/31569"}],"wp:featuredmedia":[{"embeddable":true,"href":"https:\/\/akdenizhaber.com.tr\/index.php\/wp-json\/wp\/v2\/media\/31566"}],"wp:attachment":[{"href":"https:\/\/akdenizhaber.com.tr\/index.php\/wp-json\/wp\/v2\/media?parent=31564"}],"wp:term":[{"taxonomy":"category","embeddable":true,"href":"https:\/\/akdenizhaber.com.tr\/index.php\/wp-json\/wp\/v2\/categories?post=31564"},{"taxonomy":"post_tag","embeddable":true,"href":"https:\/\/akdenizhaber.com.tr\/index.php\/wp-json\/wp\/v2\/tags?post=31564"}],"curies":[{"name":"wp","href":"https:\/\/api.w.org\/{rel}","templated":true}]}}